{"id":139214,"date":"2026-01-16T13:54:08","date_gmt":"2026-01-16T13:54:08","guid":{"rendered":"https:\/\/www.europesays.com\/no\/139214\/"},"modified":"2026-01-16T13:54:08","modified_gmt":"2026-01-16T13:54:08","slug":"for-lett-a-la-brannkonstabler-risikere-liv-og-helse","status":"publish","type":"post","link":"https:\/\/www.europesays.com\/no\/139214\/","title":{"rendered":"\u2013 For lett \u00e5 la brannkonstabler risikere liv og helse"},"content":{"rendered":"<p>Kenneth Wangen er innsatsleder og tidligere r\u00f8ykdykker i<br \/>\nNedre Romerike brann- og redningsvesen IKS. Han har kjent farene ved<br \/>\nr\u00f8ykdykking sterkere p\u00e5 kroppen enn de fleste. Han er brennende opptatt av<br \/>\nrutiner og planer, eller som han ser det: mangelen p\u00e5 dem.<\/p>\n<p>Wangen har en brannfakkel til Brann-Norge: \u2013 Diskuter rutinene!<\/p>\n<p>\u2013 Vi mangler totalt en felles oppdatert oppskrift for r\u00f8ykdykking,<br \/>\nb\u00e5de internt og p\u00e5 tvers av brannvesen, sier han til Fagbladet.<\/p>\n<p>Direktoratet for samfunnssikkerhet og beredskap (DSB) er<br \/>\nansvarlig for veileder og oppl\u00e6ring. De har en helt annen oppfatning enn<br \/>\ninnsatsleder Wangen. Les mer fra DSB lenger ned i saken.<\/p>\n<p>Ikke tilpasset moderne branner<\/p>\n<p>Tragedien i Verdal ligger som et bakteppe for intervjuet. Ulykken kostet to brannkonstabler livet, og saken er fortsatt under etterforskning. Wangen presiserer<br \/>\nat det er altfor tidlig \u00e5 konkludere med hva som har skjedd i Verdal, og at<br \/>\nulykken kunne skjedd hvor som helst i landet. <\/p>\n<p>        <a itemprop=\"url\" class=\"\" href=\"https:\/\/www.fagbladet.no\/nyheter\/geir-otto-58-og-roger-51-mistet-livet-under-innsats-i-brannen-i-verdal\/733342\" data-k5a-url=\"https:\/\/www.fagbladet.no\/a\/733342\" rel=\"nofollow noopener\" target=\"_blank\"><\/p>\n<p>            Geir Otto (58) og Roger (51) mistet livet under innsats i brannen i Verdal<\/p>\n<p>        <\/a><\/p>\n<p>S\u00e5 langt ser det ut til at de elleve brannkonstablene p\u00e5 utrykningen i Verdal har \u00abfulgt boka\u00bb. Nettopp derfor mener Wangen tiden er inne for \u00e5 diskutere<br \/>\nrutinene.<\/p>\n<p>\u2013 Dagens r\u00f8ykdykkerveileder er publisert i 1993 og revidert<br \/>\ni 2003. Det har skjedd veldig mye p\u00e5 disse 20 \u00e5rene og behovet en revidering er<br \/>\novermodent. Dette gjelder ledelse, HMS og taktikk, sier Wangen. <\/p>\n<p>                <img decoding=\"async\" src=\"https:\/\/www.europesays.com\/no\/wp-content\/uploads\/2026\/01\/734022.webp.jpeg\" width=\"480\" height=\"274\" title=\"SMELTET: Hjelmen smeltet p\u00e5 hodet til Wangen, i l\u00f8pet av sekunder.\" alt=\"\" loading=\"lazy\" style=\"\"\/><\/p>\n<p>\n            SMELTET: Hjelmen smeltet p\u00e5 hodet til Wangen, i l\u00f8pet av sekunder.<br \/>\n            Per Flakstad\n        <\/p>\n<p>Gikk rett inn i brannen<\/p>\n<p><a href=\"https:\/\/www.fagbladet.no\/overlevde-inferno-i-flammer\/176168\" rel=\"nofollow noopener\" target=\"_blank\">Kenneth Wangen var selv en h\u00e5rsbredd fra \u00e5 bli historie en julidag for 22 \u00e5r siden.<\/a> Han<br \/>\nr\u00f8ykdykket i en p\u00e5g\u00e5ende brann i et industribygg. I etasjen over lokalene der<br \/>\nbrannen raste, var det en leilighet som han og en kollega s\u00f8kte gjennom. <\/p>\n<p>P\u00e5 vei ned snublet han i trappa og rullet ned. Fortumlet<br \/>\nfors\u00f8kte han \u00e5 \u00e5pne d\u00f8ra ut, men gikk gjennom feil d\u00f8r og rett inn i en intens brann.<\/p>\n<p>Mindre enn to minutter senere ble Wangen reddet ut.\u00a0<\/p>\n<p>Temperaturen<br \/>\ninne i r\u00f8ykdykkerdressen hadde da passert 300 grader.\u00a0<\/p>\n<p>75 prosent av Wangens<br \/>\nkropp var forbrent, 30 prosent var tredjegrads forbrenning.\u00a0<\/p>\n<p>Den skjebnesvangre dagen ble etterfulgt<br \/>\nav tre \u00e5rs sykmelding, hudtransplantasjoner, full gjenoppbygging av venstre<br \/>\nh\u00e5nd og opptrening.<\/p>\n<p>Handlet etter boka<\/p>\n<p>To ti\u00e5r senere og med langt mer brannkunnskap, sier Wangen:<\/p>\n<p>\u2013 Jeg skulle aldri ha r\u00f8ykdykket den dagen. Men, vi gjorde ikke<br \/>\nfeil. Vi fulgte boka.<\/p>\n<p>Han viser ogs\u00e5 til ulykken p\u00e5 Spikkestad i mars m\u00e5ned i fjor,<br \/>\nder to r\u00f8ykdykkere ble alvorlig skadet.<\/p>\n<p>\u2013 De var knapt ett minutt i branninfernoet, sier Wangen.\u00a0<\/p>\n<p>Han mener det beskriver<br \/>\nalvoret ved r\u00f8ykdykking \u2013 hvor raskt en innsats kan ende med skader eller<br \/>\ntragedie.<\/p>\n<p>Tragedie som vekker<\/p>\n<p>        <a itemprop=\"url\" class=\"\" href=\"https:\/\/www.fagbladet.no\/nyheter\/tragedien-i-verdal-vi-star-samla-som-ett-lag-na\/733395\" data-k5a-url=\"https:\/\/www.fagbladet.no\/a\/733395\" rel=\"nofollow noopener\" target=\"_blank\"><\/p>\n<p>            Tragedien i Verdal: \u2013 Vi st\u00e5r samla som ett lag n\u00e5<\/p>\n<p>        <\/a><\/p>\n<p>I dagene etter brannen i Verdal pekte ogs\u00e5 brannsjef H\u00e5vard<br \/>\nBye p\u00e5 at tragedien kan v\u00e6re en vekker for hele Brann-Norge.<\/p>\n<p>\u2013 Kanskje denne hendelsen er s\u00e5 stor at det blir n\u00f8dvendig \u00e5<br \/>\ngjennomg\u00e5 m\u00e5ten hele Brann-Norge opererer p\u00e5, sa han til VG i dagene etter<br \/>\nbrannen.<\/p>\n<p>Risikerer livet for \u00e5 finne brann\u00e5rsak<\/p>\n<p>Kenneth Wangen mener tiden er overmoden for nettopp det.<\/p>\n<p>Brann- og eksplosjonsvernloven paragraf 1 fastsl\u00e5r prioritert<br \/>\nrekkef\u00f8lge for verdier som skal vernes mot brann: Liv, helse og milj\u00f8. Deretter<br \/>\nmaterielle verdier.<\/p>\n<p>\u2013 Mannskapene er ogs\u00e5 liv. N\u00e5r vi tar risikable r\u00f8ykdykk kun<br \/>\nfor \u00e5 sikre en eventuell etterforskning, er det i strid med lovens prioriterte<br \/>\nrekkef\u00f8lge, selv om etterforskning ogs\u00e5 er viktig, sier han.<\/p>\n<p>Kj\u00f8le ned f\u00f8rst<\/p>\n<p>Wangen har mange eksempler fra b\u00e5de yrkesliv og undervisning<br \/>\n\u00e5 vise til, der teori og praksis kolliderer.<\/p>\n<p>            Deltidsmannskap er genuint opptatt av \u00e5 ta vare p\u00e5 sine lokalsamfunn. Men de g\u00e5r ofte for lut og kaldt vann<\/p>\n<p class=\"author \" style=\"\">Innsatsleder Kenneth Wangen<\/p>\n<p>\u2013 Skal du best\u00e5 dagens opptakspr\u00f8ve til lederkurs i Brann-<br \/>\nog redningsskolen m\u00e5 du p\u00e5 eksamen krysse av for at du skal s\u00f8ke etter liv f\u00f8r slukking.<br \/>\nHvis ikke f\u00e5r du \u00abfeil svar\u00bb. Virkeligheten er ikke n\u00f8dvendigvis s\u00e5 enkel, sier<br \/>\nhan og beskriver et eksempel:<\/p>\n<p>\u2013 Det brenner i en byg\u00e5rd. Varmen er intens i oppgangen. Den<br \/>\nvil fort n\u00e5 400-500 grader, mens i leilighetene kan temperaturen \u2013 i hvert fall<br \/>\np\u00e5 gulvet \u2013 ligge godt innenfor overlevelse. F\u00f8lger jeg boka, skal jeg inn,<br \/>\nr\u00f8ykdykke og dra eventuelle beboere ut av leiligheten og gjennom infernoet.<br \/>\nHvis beboerne overlever det, vil de v\u00e6re kraftig brannskadde,<br \/>\nbeskriver han.<\/p>\n<p>\u2013 Alternativet er \u00e5 kj\u00f8le ned, slokke, ventilere og redde, sier han.<\/p>\n<p>Kopierte plan fra svenskene<\/p>\n<p>Innsatsleder eller utrykningsleder legger alltid en plan for<br \/>\nslukking og redning ved ankomst til et brannsted, etter \u00e5 ha observert bygningen.<\/p>\n<p>\u2013 Men det holder ikke, mener Kenneth Wangen.<\/p>\n<p>\u2013 Det b\u00f8r ogs\u00e5 v\u00e6re lagt planer p\u00e5 forh\u00e5nd.<\/p>\n<p>Det er mange store og sm\u00e5 brannvesen i Norge med forskjellige<br \/>\nrutiner og planer. I Nedre Romerike, der Wangen holder til i det daglige, er det<br \/>\nkopiert forh\u00e5ndsdefinerte taktiske planer fra Sverige.<\/p>\n<p>\u2013 Dette er en form for maler basert p\u00e5 erfaring, som skal<br \/>\nivareta forsvarlighet i v\u00e5re vurderinger. Det er planer vi har i hukommelsen<br \/>\nn\u00e5r vi ankommer. S\u00e5 justeres innsatsen<br \/>\nvidere p\u00e5 stedet, forklarer han.<\/p>\n<p>Imponerende<br \/>\ndeltidsmannskap<\/p>\n<p>Ved siden av jobben som innsatsleder, holder Wangen kurs for<br \/>\ndeltidskonstabler. Han forsikrer at det ikke er mannskapet det st\u00e5r p\u00e5 n\u00e5r det<br \/>\ngjelder kunnskap.<\/p>\n<p>\u2013 Deltidsbrannfolk er l\u00e6revillige, kunnskapshungrige og<br \/>\nivrige. De er genuint opptatt av \u00e5 ta vare p\u00e5 sine lokalsamfunn. Men de g\u00e5r ofte<br \/>\nfor lut og kaldt vann, prisgitt kommune\u00f8konomien. I tillegg har de mikroskopiske<br \/>\nstillingsprosenter \u2013 sjelden over 1 prosent \u2013 til \u00f8ving, trening og<br \/>\nkompetanseutvikling. Det er langt fra tilstrekkelig. <\/p>\n<p>\u00a0\u2013 Veileder<br \/>\nbidrar til \u00e5 redde liv<\/p>\n<p>\u00a0\u2013 Ja, svarer avdelingsdirekt\u00f8r i Direktoratet for samfunnssikkerhet og beredskap (DSB), Johan Marius Ly,<br \/>\np\u00e5 sp\u00f8rsm\u00e5l om direktoratet er forn\u00f8yd med veilederen til r\u00f8yk- og<br \/>\nkjemikaliedykking.<\/p>\n<p>\u2013 Den har bidratt med \u00e5 redde liv og begrense personskader<br \/>\ninnenfor noe av det mest risikofylte som utf\u00f8res av brannkonstabler, skriver<br \/>\nhan i en kommentar til Fagbladet.<\/p>\n<p>\u2013 Utdanning, trening og \u00f8velser har fokus p\u00e5 \u00e5 f\u00e5<br \/>\nsituasjonsforst\u00e5else, bli kjent med risikofaktorer, vurdere og bed\u00f8mme risiko.<br \/>\nUt fra dette settes et m\u00e5l med innsatsen, skriver Ly.<\/p>\n<p>Oppdatert med tillegg<\/p>\n<p>Veilederen DSB bruker er fra 1993 med en revidering i<br \/>\n2002\/2003.<\/p>\n<p>Ly mener likevel at veilederen er tilstrekkelig oppdatert.<\/p>\n<p>\u2013 Innholdet i veilederen er jevnlig vurdert, blant annet<br \/>\ngjennom tillegg i vedlegg for ulike typer innsats. Dette skjer i samarbeid med fagpersoner<br \/>\nfra brann- og redningsvesenene og Arbeidstilsynet, skriver han.<\/p>\n<p>Ser etter l\u00e6ringspunkter<\/p>\n<p>Med to alvorlige ulykker under r\u00f8ydykking siste \u00e5r, en av dem Verdal-tragedien som kostet to brannkonstabler livet, vil det komme ny<br \/>\ninformasjon etter granskning og etterforskning.<\/p>\n<p>\u2013 DSB vil vurdere informasjonen som kommer fra politiets<br \/>\netterforskning, Arbeidstilsynets unders\u00f8kelser og brannvesenets egen gjennomgang. Det for \u00e5 se om det er l\u00e6ringspunkter som b\u00f8r deles med alle<br \/>\nbrann- og redningsvesen og som eventuelt kan ha betydning for regelverk og<br \/>\nprosedyrer. Dette inkluderer eventuell oppdatering av veilederen gjennom et<br \/>\nsamarbeid med fagmilj\u00f8ene og Arbeidstilsynet, opplyser Ly.<\/p>\n","protected":false},"excerpt":{"rendered":"Kenneth Wangen er innsatsleder og tidligere r\u00f8ykdykker i Nedre Romerike brann- og redningsvesen IKS. Han har kjent farene&hellip;\n","protected":false},"author":2,"featured_media":139215,"comment_status":"","ping_status":"","sticky":false,"template":"","format":"standard","meta":{"footnotes":""},"categories":[5],"tags":[20,21,24,25,15,19,22,23,17,18,13,30,28,29,14,16,26,27],"class_list":{"0":"post-139214","1":"post","2":"type-post","3":"status-publish","4":"format-standard","5":"has-post-thumbnail","7":"category-overskrifter","8":"tag-breaking-news","9":"tag-breakingnews","10":"tag-featured-news","11":"tag-featurednews","12":"tag-headlines","13":"tag-hovedoppslag","14":"tag-latest-news","15":"tag-latestnews","16":"tag-main-news","17":"tag-mainnews","18":"tag-news","19":"tag-no","20":"tag-norge","21":"tag-norway","22":"tag-nyheter","23":"tag-overskrifter","24":"tag-top-stories","25":"tag-topstories"},"share_on_mastodon":{"url":"https:\/\/pubeurope.com\/@no\/115905119212924524","error":""},"_links":{"self":[{"href":"https:\/\/www.europesays.com\/no\/wp-json\/wp\/v2\/posts\/139214","targetHints":{"allow":["GET"]}}],"collection":[{"href":"https:\/\/www.europesays.com\/no\/wp-json\/wp\/v2\/posts"}],"about":[{"href":"https:\/\/www.europesays.com\/no\/wp-json\/wp\/v2\/types\/post"}],"author":[{"embeddable":true,"href":"https:\/\/www.europesays.com\/no\/wp-json\/wp\/v2\/users\/2"}],"replies":[{"embeddable":true,"href":"https:\/\/www.europesays.com\/no\/wp-json\/wp\/v2\/comments?post=139214"}],"version-history":[{"count":0,"href":"https:\/\/www.europesays.com\/no\/wp-json\/wp\/v2\/posts\/139214\/revisions"}],"wp:featuredmedia":[{"embeddable":true,"href":"https:\/\/www.europesays.com\/no\/wp-json\/wp\/v2\/media\/139215"}],"wp:attachment":[{"href":"https:\/\/www.europesays.com\/no\/wp-json\/wp\/v2\/media?parent=139214"}],"wp:term":[{"taxonomy":"category","embeddable":true,"href":"https:\/\/www.europesays.com\/no\/wp-json\/wp\/v2\/categories?post=139214"},{"taxonomy":"post_tag","embeddable":true,"href":"https:\/\/www.europesays.com\/no\/wp-json\/wp\/v2\/tags?post=139214"}],"curies":[{"name":"wp","href":"https:\/\/api.w.org\/{rel}","templated":true}]}}