{"id":139220,"date":"2026-01-16T14:00:52","date_gmt":"2026-01-16T14:00:52","guid":{"rendered":"https:\/\/www.europesays.com\/no\/139220\/"},"modified":"2026-01-16T14:00:52","modified_gmt":"2026-01-16T14:00:52","slug":"ivan-krastev-trump-far-verden-til-a-falle-for-kina","status":"publish","type":"post","link":"https:\/\/www.europesays.com\/no\/139220\/","title":{"rendered":"Ivan Krastev: \u2013 Trump f\u00e5r verden til \u00e5 falle for Kina"},"content":{"rendered":"<p>Det skriver statsviter Ivan Krastev i en kommentar i <a href=\"https:\/\/www.ft.com\/content\/658e3fc5-4a43-4dd5-8942-cf2f7fe3a686\" target=\"_blank\" rel=\"nofollow noopener\">Financial Times<\/a>.<\/p>\n<p>Han bruker Joe Bidens fors\u00f8k p\u00e5 \u00e5 skape et bilde av at krigen i Ukraina handlet om demokratier mot autokratier som eksempel. Fors\u00f8ket hadde lav suksess, fordi USAs sanksjoner mot Russland gjorde at det demokratiske India \u00f8kte volumene av oljekj\u00f8p fra Russland.<\/p>\n<p>N\u00e5r Donald Trump entret scenen var tiden for posering, hykleri og moralisering forbi, erstattet av en ny form for brutalisme og \u00e6rlighet i amerikansk utenrikspolitikk.<\/p>\n<p>\u00abF\u00f8r Trump, n\u00e5r Amerika angrep en oljenasjon, ville Washington p\u00e5st\u00e5 at det handlet om demokrati og sikkerhet, selv om folk mistenkte det handlet om det sorte gullet. I dag er USAs president den f\u00f8rste til \u00e5 insistere p\u00e5 at han angrep Venezuela for olje\u00bb, skriver Krastev, som sier begrunnelsene med demokrati er borte.<\/p>\n<p>Samtidig gj\u00f8r ikke slutten p\u00e5 hykleriet at respekten for USA \u00f8ker, tvert i mot.<\/p>\n<p class=\"subhead\" data-element-type=\"subhead\" data-element-label=\"Mellomtittel\">Trekkes til Kina<\/p>\n<p>I en meningsm\u00e5ling utf\u00f8rt av tenktetanken\u00a0European Council on Foreign Relations, fremg\u00e5r det at et \u00f8kende antall mennesker tror at Kinas innflytelse vil \u00f8ke, og at det er positive nyheter for deres eget land og verden.<\/p>\n<p>\u00abMed andre ord, Trump har kanskje rystet verden, men verden faller for Kina\u00bb, skriver Krastev.\u00a0<\/p>\n<p>Han beskriver Kinas \u00abnye fans\u00bb som de som kj\u00f8rer kinesiske elbiler, har installert kinesiske solceller, bruker DeepSeek og kj\u00f8per forbruksvarer fra Kina.<\/p>\n<p>Krastev mener at noe av det som gj\u00f8r at flere trekkes mot Kina, er at landet har en pasifistisk fremtoning, hvor dets eneste milit\u00e6re offensive m\u00e5l er Taiwan, som Kina i utgangspunktet regner som en del av Kina.<\/p>\n<p class=\"subhead\" data-element-type=\"subhead\" data-element-label=\"Mellomtittel\">Trump beundrer Kina<\/p>\n<p>Som enhver god statsviter skal, trekker ogs\u00e5 Krastev inn Machiavellis Fyrsten. Der var budskapet at for enhver hersker er det bedre \u00e5 bli fryktet enn elsket, dersom en ikke kan oppn\u00e5 begge.\u00a0<\/p>\n<p>Men, sp\u00f8r Krastev, dersom det er tilfellet, hvorfor rettes ikke flere sympatier mot Trumps USA, hvor Trump det siste \u00e5ret har demonstrert sin makt?<\/p>\n<p><b>Jo, fordi Trump selv gjorde knefall for Kina.<\/b><\/p>\n<p>Det var f\u00e5 som var imponert over Trump da han gikk tilbake p\u00e5 tollsatsene sine. Det som imponerte folk var Kinas evne til \u00e5 sloss tilbake.<\/p>\n<p>\u00abFolk legger merke til hvem som beundrer hvem, og det er ingen hemmelighet at Trump beundrer Kina, men at beundringen, til Trumps forargelse, ikke er gjensidig\u00bb, skriver Krastev, som skriver at Trumps USA n\u00e5 imiterer Kinas statskapitalisme.<\/p>\n<p>Makt fostrer kun lydighet, men ikke lojalitet, if\u00f8lge Krastev. Dermed b\u00f8r ikke den mektige forvente solidaritet n\u00e5r makten avtar.<\/p>\n<p>N\u00e5r Trumps USA g\u00e5r bort fra ideologien i de \u00f8vrige Nato-landene kan man ikke forvente ubetinget st\u00f8tte.\u00a0<\/p>\n<p>\u00abStyrken i ideologiske allianser ligger i at de lover \u00e5 beskytte deg n\u00e5r du virker svak\u00bb, skriver Krastev, som mener det er vanskelig \u00e5 klandre dem som trekker mot Kina, n\u00e5r USAs president ikke virker \u00e5 se forskjellen p\u00e5 demokrati og autokrati.<\/p>\n","protected":false},"excerpt":{"rendered":"Det skriver statsviter Ivan Krastev i en kommentar i Financial Times. Han bruker Joe Bidens fors\u00f8k p\u00e5 \u00e5&hellip;\n","protected":false},"author":2,"featured_media":139221,"comment_status":"","ping_status":"","sticky":false,"template":"","format":"standard","meta":{"footnotes":""},"categories":[12],"tags":[20,21,24,25,15,22,23,13,30,28,29,14,16,26,27,42,43,44,45],"class_list":{"0":"post-139220","1":"post","2":"type-post","3":"status-publish","4":"format-standard","5":"has-post-thumbnail","7":"category-verden","8":"tag-breaking-news","9":"tag-breakingnews","10":"tag-featured-news","11":"tag-featurednews","12":"tag-headlines","13":"tag-latest-news","14":"tag-latestnews","15":"tag-news","16":"tag-no","17":"tag-norge","18":"tag-norway","19":"tag-nyheter","20":"tag-overskrifter","21":"tag-top-stories","22":"tag-topstories","23":"tag-verden","24":"tag-world","25":"tag-world-news","26":"tag-worldnews"},"share_on_mastodon":{"url":"https:\/\/pubeurope.com\/@no\/115905146705160301","error":""},"_links":{"self":[{"href":"https:\/\/www.europesays.com\/no\/wp-json\/wp\/v2\/posts\/139220","targetHints":{"allow":["GET"]}}],"collection":[{"href":"https:\/\/www.europesays.com\/no\/wp-json\/wp\/v2\/posts"}],"about":[{"href":"https:\/\/www.europesays.com\/no\/wp-json\/wp\/v2\/types\/post"}],"author":[{"embeddable":true,"href":"https:\/\/www.europesays.com\/no\/wp-json\/wp\/v2\/users\/2"}],"replies":[{"embeddable":true,"href":"https:\/\/www.europesays.com\/no\/wp-json\/wp\/v2\/comments?post=139220"}],"version-history":[{"count":0,"href":"https:\/\/www.europesays.com\/no\/wp-json\/wp\/v2\/posts\/139220\/revisions"}],"wp:featuredmedia":[{"embeddable":true,"href":"https:\/\/www.europesays.com\/no\/wp-json\/wp\/v2\/media\/139221"}],"wp:attachment":[{"href":"https:\/\/www.europesays.com\/no\/wp-json\/wp\/v2\/media?parent=139220"}],"wp:term":[{"taxonomy":"category","embeddable":true,"href":"https:\/\/www.europesays.com\/no\/wp-json\/wp\/v2\/categories?post=139220"},{"taxonomy":"post_tag","embeddable":true,"href":"https:\/\/www.europesays.com\/no\/wp-json\/wp\/v2\/tags?post=139220"}],"curies":[{"name":"wp","href":"https:\/\/api.w.org\/{rel}","templated":true}]}}