{"id":139222,"date":"2026-01-16T14:01:09","date_gmt":"2026-01-16T14:01:09","guid":{"rendered":"https:\/\/www.europesays.com\/no\/139222\/"},"modified":"2026-01-16T14:01:09","modified_gmt":"2026-01-16T14:01:09","slug":"trondheim-nyhetsvarsel-politiet-knivstikking-i-trondheim","status":"publish","type":"post","link":"https:\/\/www.europesays.com\/no\/139222\/","title":{"rendered":"Trondheim, Nyhetsvarsel | Politiet: \u2013 Knivstikking i Trondheim"},"content":{"rendered":"\n<p>Jourhavende jurist Mette Kollstr\u00f8m bekrefter <a href=\"https:\/\/www.nidaros.no\/na-flere-tips-til-nidaros-knivstikking-i-trondheim\/s\/30-113-11035\" rel=\"Follow nofollow noopener\" target=\"_blank\">til Nidaros<\/a> at det har v\u00e6rt en knivstikking, men kan ikke kommentere saken mer p\u00e5 n\u00e5v\u00e6rende tidspunkt.<\/p>\n<p>Like f\u00f8r klokken 13.00 opplyser politiet at en person er stukket med kniv i overkroppen.<\/p>\n<p>\u2013 Han har vi kontroll p\u00e5 og gitt aktiv f\u00f8rstehjelp p\u00e5 stedet. Han er kj\u00f8rt til sykehus, sier innsatsleder Peter Kvamvold til Nidaros.<\/p>\n<p>Han opplyser at det fortsatt er usikkert om knivstikkingen skjedde ved siden av kj\u00f8pesenteret eller inne p\u00e5 kj\u00f8pesenteret.<\/p>\n<p>Ingen gjerningsperson eller gjerningspersoner er p\u00e5grepet i saken.<\/p>\n<p>Klokken 13.02 har politiet sendt en melding til pressen med f\u00f8lgende informasjon:<\/p>\n<p>\u2013 Politi og helsevesenet er p\u00e5 Sirkus shopping, etter at vi ble varslet om funn av person med en kniv stukket inn i brystet. Vedkommende f\u00e5r helsehjelp, og er tatt med til sykehus. Vi driver etterforskning p\u00e5 stedet, og jobber med avklaring om dette er selvp\u00e5f\u00f8rt skade, eller skade p\u00e5f\u00f8rt av en annen. Vi \u00f8nsker tips fra vitner p\u00e5 02800, sier operasjonsleder Trond Hangaas.<\/p>\n","protected":false},"excerpt":{"rendered":"Jourhavende jurist Mette Kollstr\u00f8m bekrefter til Nidaros at det har v\u00e6rt en knivstikking, men kan ikke kommentere saken&hellip;\n","protected":false},"author":2,"featured_media":139223,"comment_status":"","ping_status":"","sticky":false,"template":"","format":"standard","meta":{"footnotes":""},"categories":[10],"tags":[20,21,24,25,15,22,23,13,30,28,29,14,16,26,27],"class_list":{"0":"post-139222","1":"post","2":"type-post","3":"status-publish","4":"format-standard","5":"has-post-thumbnail","7":"category-norge","8":"tag-breaking-news","9":"tag-breakingnews","10":"tag-featured-news","11":"tag-featurednews","12":"tag-headlines","13":"tag-latest-news","14":"tag-latestnews","15":"tag-news","16":"tag-no","17":"tag-norge","18":"tag-norway","19":"tag-nyheter","20":"tag-overskrifter","21":"tag-top-stories","22":"tag-topstories"},"share_on_mastodon":{"url":"https:\/\/pubeurope.com\/@no\/115905146766827984","error":""},"_links":{"self":[{"href":"https:\/\/www.europesays.com\/no\/wp-json\/wp\/v2\/posts\/139222","targetHints":{"allow":["GET"]}}],"collection":[{"href":"https:\/\/www.europesays.com\/no\/wp-json\/wp\/v2\/posts"}],"about":[{"href":"https:\/\/www.europesays.com\/no\/wp-json\/wp\/v2\/types\/post"}],"author":[{"embeddable":true,"href":"https:\/\/www.europesays.com\/no\/wp-json\/wp\/v2\/users\/2"}],"replies":[{"embeddable":true,"href":"https:\/\/www.europesays.com\/no\/wp-json\/wp\/v2\/comments?post=139222"}],"version-history":[{"count":0,"href":"https:\/\/www.europesays.com\/no\/wp-json\/wp\/v2\/posts\/139222\/revisions"}],"wp:featuredmedia":[{"embeddable":true,"href":"https:\/\/www.europesays.com\/no\/wp-json\/wp\/v2\/media\/139223"}],"wp:attachment":[{"href":"https:\/\/www.europesays.com\/no\/wp-json\/wp\/v2\/media?parent=139222"}],"wp:term":[{"taxonomy":"category","embeddable":true,"href":"https:\/\/www.europesays.com\/no\/wp-json\/wp\/v2\/categories?post=139222"},{"taxonomy":"post_tag","embeddable":true,"href":"https:\/\/www.europesays.com\/no\/wp-json\/wp\/v2\/tags?post=139222"}],"curies":[{"name":"wp","href":"https:\/\/api.w.org\/{rel}","templated":true}]}}