{"id":139224,"date":"2026-01-16T14:02:09","date_gmt":"2026-01-16T14:02:09","guid":{"rendered":"https:\/\/www.europesays.com\/no\/139224\/"},"modified":"2026-01-16T14:02:09","modified_gmt":"2026-01-16T14:02:09","slug":"elevene-i-grunnskolen-skal-fa-nye-laereplaner-og-mer-fysisk-aktivitet","status":"publish","type":"post","link":"https:\/\/www.europesays.com\/no\/139224\/","title":{"rendered":"Elevene i grunnskolen skal f\u00e5 nye l\u00e6replaner og mer fysisk aktivitet."},"content":{"rendered":"<p>    Statssekret\u00e6r \u00d8yvind Jacobsen (Ap) i Kunnskapsdepartementet lover endringer i kompetansem\u00e5l og timetall for de yngste elevene og mer kropps\u00f8ving p\u00e5 mellomtrinnet.<\/p>\n<p>        Illustrasjonfoto: Torkjell Tr\u00e6dal\n    <\/p>\n<p> \u2013 En ting er sikkert. Det blir<br \/>\nendringer for de yngste barna, skriver statssekret\u00e6r \u00d8yvind Jacobsen i Kunnskapsdepartementet<br \/>\ni en epost til Utdanningsnytt.<\/p>\n<p>Kunnskapsminister Kari Nessa<br \/>\nNordtun har foresl\u00e5tt \u00e5 <a href=\"https:\/\/www.utdanningsnytt.no\/barneskole-engelsk-innenriks\/kunnskapsministeren-vil-kutte-disse-tre-fagene-tidlig-i-barneskolen\/462523\" rel=\"nofollow noopener\" target=\"_blank\">kutte tre fag for de yngste; <\/a>engelsk, samfunnsfag<br \/>\nog kristendom, religion, livssyn og etikk (KRLE). Om dette blir fasiten, er det for tidlig \u00e5 si noe om. Men statssekret\u00e6r Jacobsen er klar p\u00e5 at noen fag m\u00e5 vente, for at det skal v\u00e6re mulig \u00e5 f\u00e5 til en endret skoledag for de yngste elevene.\u00a0<\/p>\n<p>I 2025 har det p\u00e5g\u00e5tte en engasjert debatt om behovet for nye l\u00e6replaner i grunnskolen. Jacobsen bekrefter n\u00e5 at endringer er p\u00e5 vei. Men endringsprosessen vil ta tid og\u00a0 skoleledere og l\u00e6rere skal involveres i arbeidet, sier han.\u00a0<\/p>\n<p class=\"font-weight-bold m-font-weight-bold\" data-lab-font_weight=\"font-weight-bold\">Les ogs\u00e5:\u00a0 <a href=\"https:\/\/www.utdanningsnytt.no\/bedre-skole-fagartikkel-kompetanse\/ro-eller-reform-uenighet-om-hva-skolen-trenger\/444744\" rel=\"nofollow noopener\" target=\"_blank\">Trengs det ro eller reform?\u00a0<\/a> <\/p>\n<p> \u2013 Enkelte fag kan vente<\/p>\n<p> \u2013 Er det tatt noen beslutning<br \/>\nom \u00e5 utrede Nordtuns forslag om \u00e5 kutte tre fag? <\/p>\n<p> \u2013 Kunnskapsministeren har v\u00e6rt tydelig p\u00e5 at vi m\u00e5<br \/>\ngj\u00f8re endringer for de yngste barna i skolen, slik at barna m\u00f8ter en skole slik<br \/>\nseks\u00e5rsreformen var ment \u00e5 v\u00e6re. Det betyr en skole med mer aktivitet, mer<br \/>\nkonsentrasjon rundt lesing og regning, og hvor vi l\u00f8fter de praktisk-estetiske<br \/>\nfagene. Dette er bakgrunnen for at Kari Nessa Nordtun pekte p\u00e5 at enkelte fag kan vente til senere i skolel\u00f8pet.<\/p>\n<p>                <img decoding=\"async\" src=\"https:\/\/www.europesays.com\/no\/wp-content\/uploads\/2026\/01\/469142.jpg\" width=\"360\" height=\"220\" title=\"Statsekret\u00e6r \u00d8yvind Jacobsen (Ap)\" alt=\"Statsekret\u00e6r \u00d8yvind Jacobsen (Ap)\" loading=\"lazy\" style=\"\"\/><\/p>\n<p>\n            Statsekret\u00e6r \u00d8yvind Jacobsen (Ap)<br \/>\n            Foto: Arbeiderpartiet\n        <\/p>\n<p> \u2013 \u00a0Er det laget en tidsplan for \u00e5 iverksette disse endringene?<\/p>\n<p>\u00a0\u2013 Dette er et arbeid som m\u00e5 v\u00e6re<br \/>\ngrundig. B\u00e5de Kunnskapsdepartementet og Utdanningsdirektoratet jobber n\u00e5 med endringene i skolen.<br \/>\nSamtidig har vi satt ned Fellesskoleutvalget som ogs\u00e5 ser n\u00e6rmere p\u00e5 dette, skriver Jacobsen i eposten og legger til:<\/p>\n<p> \u2013 Men en ting er sikkert: Det blir endringer i organiseringen av grunnskolen<br \/>\nframover. Vi er n\u00f8dt til \u00e5 styrke fellesskolen. Dette er kanskje ungenes siste store<br \/>\nfellesarena. Derfor m\u00e5 vi v\u00e6re sikre p\u00e5 at skolen gir barna det de trenger og det samfunnet trenger i<br \/>\nfremtidens arbeids- og samfunnsliv.<\/p>\n<p class=\"font-weight-bold m-font-weight-bold\" data-lab-font_weight=\"font-weight-bold\">Les ogs\u00e5:\u00a0 <a href=\"https:\/\/www.utdanningsnytt.no\/digital-undervisning-hoyere-utdanning-innenriks\/hoyre-vil-erstatte-digitale-ferdigheter-i-skolen-med-konsentrasjon\/467721\" rel=\"nofollow noopener\" target=\"_blank\">H\u00f8yre vil erstatte \u00abdigitale ferdigheter\u00bb i skolen med \u00abkonsentrasjon\u00bb<\/a> <\/p>\n<p>Skal endre l\u00e6replanene<\/p>\n<p>P\u00e5 sp\u00f8rsm\u00e5l om det er aktuelt \u00e5 endre l\u00e6replanene i<br \/>\ngrunnskolen, svarer Jacobsen:<\/p>\n<p>\u2013 Ja, helt klart. Og skal vi endre antall timer i enkelte<br \/>\nfag, da m\u00e5 vi ogs\u00e5 endre kompetansem\u00e5l og l\u00e6replaner. Det vil ta tid, fordi det er<br \/>\nutrolig viktig for Arbeiderpartiet at vi lytter til l\u00e6rere, skoleledere og alle<br \/>\nandre som engasjerer seg for en bedre skole, skriver han.<\/p>\n<p> \u2013\u00a0Vi kommer til \u00e5 gj\u00f8re mindre endringer hele tiden. For p\u00e5<br \/>\nsamme m\u00e5te som vi g\u00e5r inn for mindre bruk av skjerm, skal vi ogs\u00e5 s\u00f8rge for mer<br \/>\naktivitet, mer praktisk l\u00e6ring og bedre leseferdigheter. Dette skal skje p\u00e5<br \/>\nkort sikt, samtidig som vi ogs\u00e5 tenker langsiktig, p\u00e5peker han.<\/p>\n<p>                <img decoding=\"async\" src=\"https:\/\/www.europesays.com\/no\/wp-content\/uploads\/2026\/01\/429492.jpg\" width=\"480\" height=\"288\" title=\"Kunnskapsminister Kari Nessa Nordtun (Ap) vil endre skoledagen for de yngste elevene.\" alt=\"\" loading=\"lazy\" style=\"\"\/><\/p>\n<p>\n            Kunnskapsminister Kari Nessa Nordtun (Ap) vil endre skoledagen for de yngste elevene.<br \/>\n            Foto: Bj\u00f8rn Asle Grimstad\n        <\/p>\n<p>Jacobsen viser ogs\u00e5 til arbeidet som er i gang med \u00e5 utvikle <a href=\"https:\/\/www.utdanningsnytt.no\/innenriks-kari-nessa-nordtun-laereplaner\/regjeringen-vil-ha-egne-innholdslister-for-norsk-skole\/453433\" rel=\"nofollow noopener\" target=\"_blank\">felles<br \/>\ninnholdslister til bruk i skolen<\/a>. Og de starter med \u00e5 endre l\u00e6replanene i<br \/>\nmatematikkfaget. For her har det allerede v\u00e6rt en h\u00f8ring som ettersp\u00f8r at det<br \/>\ngj\u00f8res endringer.<\/p>\n<p> \u2013 Hva blir rekkef\u00f8lgen, n\u00e5r l\u00e6replanene skal endres?<\/p>\n<p> \u2013\u00a0Vi begynner med<br \/>\nl\u00e6replanene i matematikkfaget \u2013 som H\u00f8yre-regjeringen innf\u00f8rte i 2020. Disse endringene baserer seg p\u00e5 den omfattende evalueringen som er gjort av<br \/>\nFagfornyelsen, sier Jacobsen. <\/p>\n<p>Lover \u00e5 styrke kropps\u00f8vingsfaget<\/p>\n<p>Kari Nessa Nordtun vil ogs\u00e5 ha mer fysisk aktivitet og hun lover \u00e5 styrke kropps\u00f8vingsfaget p\u00e5 mellomtrinnet.<\/p>\n<p>Stortinget sa i 2017 nei til \u00e5 lovfeste kravet om en time daglig fysisk aktivitet. I 2024 konkluderte Ap\/Sp-regjeringen med at <a href=\"https:\/\/www.utdanningsnytt.no\/folkehelse-fysisk-aktivitet-hurdalsplattformen\/regjeringen-dropper-krav-om-en-time-fysisk-aktivitet-i-skolen\/410053\" rel=\"nofollow noopener\" target=\"_blank\">kravet ikke kunne la seg gjennomf\u00f8re<\/a>.<\/p>\n<p>Men f\u00f8r stortingsvalget h\u00f8sten 2025 var Arbeiderpartiet igjen ute med et l\u00f8fte om \u00e5 gj\u00f8re en time fysisk aktivitet om til en time med kropps\u00f8ving. <a href=\"https:\/\/www.utdanningsnytt.no\/arbeiderpartiet-arbeidstid-arbeidstidsavtale\/politikerne-lover-flere-laerertimer-men-har-ingen-avtale-med-laererne\/449563\" rel=\"nofollow noopener\" target=\"_blank\">Men det skjedde uten avtale med l\u00e6rerne.<\/a>\u00a0N\u00e5 lover Jacobsen at endringer er p\u00e5 gang.<\/p>\n<p> \u2013 Vi skal gj\u00f8re endringer. Allerede i<br \/>\nslutten av juli varslet vi at Arbeiderpartiet \u00f8nsker \u00e5 erstatte timer i fysisk aktivitet med l\u00e6rerstyrte kropps\u00f8vingstimer for elevene p\u00e5 5.-7. trinn. Samtidig ser vi p\u00e5 andre<br \/>\nendringer. Dette vil vi komme tilbake til, sier Jacobsen til Utdanningsnytt.\u00a0<\/p>\n<p>                <img decoding=\"async\" src=\"https:\/\/www.europesays.com\/no\/wp-content\/uploads\/2026\/01\/469139.jpg\" width=\"480\" height=\"293\" title=\"Elevene i grunnskolen skal f\u00e5 nye l\u00e6replaner\" alt=\"\" loading=\"lazy\" style=\"\"\/><\/p>\n<p>            Illustrasjonsfoto: Ole Martin Wold\n        <\/p>\n<p> \u2013 Skal vi vedde?<\/p>\n<p>Kari Nessa Nordtun la nylig ut en video i sosiale medier der hun l\u00f8per p\u00e5 tredem\u00f8lle. I teksten til videoklippet skriver hun at regjeringen vil ha mer fysisk aktivitet og mer kropps\u00f8ving i skolen. Hun begrunner det med at det er for mye stillesitting blant elevene.\u00a0<\/p>\n<p>I kommentarfeltet f\u00e5r hun mange positive tilbakemeldinger. \u00abKnallbra\u00bb og \u00abveldig bra\u00bb, g\u00e5r igjen. Men det finnes ogs\u00e5 en del som tviler p\u00e5 realismen i l\u00f8ftet.<\/p>\n<p>Fotballtrener Mathias Macody Lund skriver at &laquo;Mer fysisk aktivitet m\u00e5 f\u00e5 st\u00f8rre plass&raquo; er et svadasvar. Han skriver at kunnskapsministeren m\u00e5 s\u00f8rge for \u00e5 flere timer i kropps\u00f8ving inn p\u00e5 timeplanen. Men det kommer du aldri til \u00e5 gj\u00f8re, skriver han.<\/p>\n<p> \u2013 Skal vi vedde? kontrer Nordtun?<\/p>\n","protected":false},"excerpt":{"rendered":"Statssekret\u00e6r \u00d8yvind Jacobsen (Ap) i Kunnskapsdepartementet lover endringer i kompetansem\u00e5l og timetall for de yngste elevene og mer&hellip;\n","protected":false},"author":2,"featured_media":139225,"comment_status":"","ping_status":"","sticky":false,"template":"","format":"standard","meta":{"footnotes":""},"categories":[5],"tags":[20,21,24,25,15,19,22,23,17,18,13,30,28,29,14,16,26,27],"class_list":{"0":"post-139224","1":"post","2":"type-post","3":"status-publish","4":"format-standard","5":"has-post-thumbnail","7":"category-overskrifter","8":"tag-breaking-news","9":"tag-breakingnews","10":"tag-featured-news","11":"tag-featurednews","12":"tag-headlines","13":"tag-hovedoppslag","14":"tag-latest-news","15":"tag-latestnews","16":"tag-main-news","17":"tag-mainnews","18":"tag-news","19":"tag-no","20":"tag-norge","21":"tag-norway","22":"tag-nyheter","23":"tag-overskrifter","24":"tag-top-stories","25":"tag-topstories"},"share_on_mastodon":{"url":"https:\/\/pubeurope.com\/@no\/115905150608830527","error":""},"_links":{"self":[{"href":"https:\/\/www.europesays.com\/no\/wp-json\/wp\/v2\/posts\/139224","targetHints":{"allow":["GET"]}}],"collection":[{"href":"https:\/\/www.europesays.com\/no\/wp-json\/wp\/v2\/posts"}],"about":[{"href":"https:\/\/www.europesays.com\/no\/wp-json\/wp\/v2\/types\/post"}],"author":[{"embeddable":true,"href":"https:\/\/www.europesays.com\/no\/wp-json\/wp\/v2\/users\/2"}],"replies":[{"embeddable":true,"href":"https:\/\/www.europesays.com\/no\/wp-json\/wp\/v2\/comments?post=139224"}],"version-history":[{"count":0,"href":"https:\/\/www.europesays.com\/no\/wp-json\/wp\/v2\/posts\/139224\/revisions"}],"wp:featuredmedia":[{"embeddable":true,"href":"https:\/\/www.europesays.com\/no\/wp-json\/wp\/v2\/media\/139225"}],"wp:attachment":[{"href":"https:\/\/www.europesays.com\/no\/wp-json\/wp\/v2\/media?parent=139224"}],"wp:term":[{"taxonomy":"category","embeddable":true,"href":"https:\/\/www.europesays.com\/no\/wp-json\/wp\/v2\/categories?post=139224"},{"taxonomy":"post_tag","embeddable":true,"href":"https:\/\/www.europesays.com\/no\/wp-json\/wp\/v2\/tags?post=139224"}],"curies":[{"name":"wp","href":"https:\/\/api.w.org\/{rel}","templated":true}]}}