{"id":139226,"date":"2026-01-16T14:03:07","date_gmt":"2026-01-16T14:03:07","guid":{"rendered":"https:\/\/www.europesays.com\/no\/139226\/"},"modified":"2026-01-16T14:03:07","modified_gmt":"2026-01-16T14:03:07","slug":"har-nylig-vaert-i-samtaler-med-en-midtbanespiller","status":"publish","type":"post","link":"https:\/\/www.europesays.com\/no\/139226\/","title":{"rendered":"\u2013 Har nylig v\u00e6rt i samtaler med en midtbanespiller"},"content":{"rendered":"<p>        Martin Rickett &#8211; PA Images\n    <\/p>\n<p class=\"kicker font-weight-bold m-font-weight-bold tertiary color_mobile_tertiary\" style=\"\">BEN JACOBS:<\/p>\n<p>Tidligere denne uka har flere engelske medier meldt at United ikke ventes \u00e5 foreta seg noe p\u00e5 overgangsvinduet n\u00e5 i januar, noe vi omtalte i <a href=\"https:\/\/www.united.no\/nyheter\/planlegger-ingen-januarsigneringer-for-carrick\/1414816\" target=\"_blank\" rel=\"nofollow noopener\">denne saken<\/a>.<\/p>\n<p>Er det imidlertid en mulighet for at det kan skje noe likevel?<\/p>\n<p class=\"font-weight-bold m-font-weight-bold\" data-lab-font_weight=\"font-weight-bold\">Kanskje, hvis vi skal tro journalisten Ben Jacobs.<\/p>\n<p>                F\u00e5 med deg alt fra Supporterklubben<\/p>\n<ul>\n<li>Tilgang til alt innhold p\u00e5 united.no<\/li>\n<li>Tilgang til podkasten Uno+<\/li>\n<li>Billetter og turer til Old Trafford<\/li>\n<li>Gode rabatter i nettbutikken<\/li>\n<li>Medlemspris p\u00e5 Viaplay Total<\/li>\n<\/ul>\n<p class=\"price_description\">Kun kr 29,- \/m\u00e5ned. Betales \u00e5rlig.<\/p>\n<p>\n                    <a style=\"\" class=\"lab-paywall-teaser-offer-button\" href=\"https:\/\/api.united.no\/paywall\/order?providerUrl=https%3A%2F%2Fminside.united.no%2Fno%2Fcheckout%2Funitedmedlemsskap&amp;siteAlias=united&amp;&amp;siteId=2&amp;contentUrl=https%3A%2F%2Fwww.united.no%2Fnyheter%2Fhar-nylig-vaert-i-samtaler-med-en-midtbanespiller%2F1415252\" rel=\"nofollow noopener\" target=\"_blank\">Bli medlem n\u00e5<\/a>\n                <\/p>\n","protected":false},"excerpt":{"rendered":"Martin Rickett &#8211; PA Images BEN JACOBS: Tidligere denne uka har flere engelske medier meldt at United ikke&hellip;\n","protected":false},"author":2,"featured_media":139227,"comment_status":"","ping_status":"","sticky":false,"template":"","format":"standard","meta":{"footnotes":""},"categories":[59],"tags":[30,28,29,83,82],"class_list":{"0":"post-139226","1":"post","2":"type-post","3":"status-publish","4":"format-standard","5":"has-post-thumbnail","7":"category-sport","8":"tag-no","9":"tag-norge","10":"tag-norway","11":"tag-sport","12":"tag-sports"},"share_on_mastodon":{"url":"https:\/\/pubeurope.com\/@no\/115905154453328394","error":""},"_links":{"self":[{"href":"https:\/\/www.europesays.com\/no\/wp-json\/wp\/v2\/posts\/139226","targetHints":{"allow":["GET"]}}],"collection":[{"href":"https:\/\/www.europesays.com\/no\/wp-json\/wp\/v2\/posts"}],"about":[{"href":"https:\/\/www.europesays.com\/no\/wp-json\/wp\/v2\/types\/post"}],"author":[{"embeddable":true,"href":"https:\/\/www.europesays.com\/no\/wp-json\/wp\/v2\/users\/2"}],"replies":[{"embeddable":true,"href":"https:\/\/www.europesays.com\/no\/wp-json\/wp\/v2\/comments?post=139226"}],"version-history":[{"count":0,"href":"https:\/\/www.europesays.com\/no\/wp-json\/wp\/v2\/posts\/139226\/revisions"}],"wp:featuredmedia":[{"embeddable":true,"href":"https:\/\/www.europesays.com\/no\/wp-json\/wp\/v2\/media\/139227"}],"wp:attachment":[{"href":"https:\/\/www.europesays.com\/no\/wp-json\/wp\/v2\/media?parent=139226"}],"wp:term":[{"taxonomy":"category","embeddable":true,"href":"https:\/\/www.europesays.com\/no\/wp-json\/wp\/v2\/categories?post=139226"},{"taxonomy":"post_tag","embeddable":true,"href":"https:\/\/www.europesays.com\/no\/wp-json\/wp\/v2\/tags?post=139226"}],"curies":[{"name":"wp","href":"https:\/\/api.w.org\/{rel}","templated":true}]}}