{"id":139228,"date":"2026-01-16T14:06:36","date_gmt":"2026-01-16T14:06:36","guid":{"rendered":"https:\/\/www.europesays.com\/no\/139228\/"},"modified":"2026-01-16T14:06:36","modified_gmt":"2026-01-16T14:06:36","slug":"christoffer-callesen-frykter-sparebankboble-har-solgt-alt","status":"publish","type":"post","link":"https:\/\/www.europesays.com\/no\/139228\/","title":{"rendered":"Christoffer Callesen frykter sparebankboble \u2013 har solgt alt"},"content":{"rendered":"<p>Sparebanker har steget til himmels p\u00e5 b\u00f8rs. N\u00e5 advarer Fondsfinans-forvalter Christoffer Callesen mot h\u00f8y prising og lav likviditet. \u2013 Det kan bli ordentlig ubehagelig, sier han.<\/p>\n<p>Publisert 14:10 | Oppdatert 15:04<\/p>\n<p><img decoding=\"async\" class=\"c-image--blurry c-image-fa\" data-id=\"8320662\" src=\"https:\/\/www.europesays.com\/no\/wp-content\/uploads\/2026\/01\/1768572396_801_pipe.jpeg\"  alt=\"Article lead\" style=\"position:relative;display:block;object-position:18.09593023255814% 2.8343023255813953%\"\/><\/p>\n<p>SKYH\u00d8Y PRISING:\u00a0\u2013 Ser man p\u00e5 prisingen av sparebanker siden 2010, har de i snitt ligget rundt 0,85 ganger bokf\u00f8rt verdi. N\u00e5 handles de rundt 1,4 ganger bokf\u00f8rt verdi, sier Fondsfinans-forvalter Christoffer Callesen.  <strong>Foto: Eivind Yggeseth<\/strong><\/p>\n","protected":false},"excerpt":{"rendered":"Sparebanker har steget til himmels p\u00e5 b\u00f8rs. N\u00e5 advarer Fondsfinans-forvalter Christoffer Callesen mot h\u00f8y prising og lav likviditet.&hellip;\n","protected":false},"author":2,"featured_media":139229,"comment_status":"","ping_status":"","sticky":false,"template":"","format":"standard","meta":{"footnotes":""},"categories":[56],"tags":[60,61,62,30,28,29],"class_list":{"0":"post-139228","1":"post","2":"type-post","3":"status-publish","4":"format-standard","5":"has-post-thumbnail","7":"category-naeringsliv","8":"tag-business","9":"tag-economy","10":"tag-naeringsliv","11":"tag-no","12":"tag-norge","13":"tag-norway"},"share_on_mastodon":{"url":"https:\/\/pubeurope.com\/@no\/115905166253447286","error":""},"_links":{"self":[{"href":"https:\/\/www.europesays.com\/no\/wp-json\/wp\/v2\/posts\/139228","targetHints":{"allow":["GET"]}}],"collection":[{"href":"https:\/\/www.europesays.com\/no\/wp-json\/wp\/v2\/posts"}],"about":[{"href":"https:\/\/www.europesays.com\/no\/wp-json\/wp\/v2\/types\/post"}],"author":[{"embeddable":true,"href":"https:\/\/www.europesays.com\/no\/wp-json\/wp\/v2\/users\/2"}],"replies":[{"embeddable":true,"href":"https:\/\/www.europesays.com\/no\/wp-json\/wp\/v2\/comments?post=139228"}],"version-history":[{"count":0,"href":"https:\/\/www.europesays.com\/no\/wp-json\/wp\/v2\/posts\/139228\/revisions"}],"wp:featuredmedia":[{"embeddable":true,"href":"https:\/\/www.europesays.com\/no\/wp-json\/wp\/v2\/media\/139229"}],"wp:attachment":[{"href":"https:\/\/www.europesays.com\/no\/wp-json\/wp\/v2\/media?parent=139228"}],"wp:term":[{"taxonomy":"category","embeddable":true,"href":"https:\/\/www.europesays.com\/no\/wp-json\/wp\/v2\/categories?post=139228"},{"taxonomy":"post_tag","embeddable":true,"href":"https:\/\/www.europesays.com\/no\/wp-json\/wp\/v2\/tags?post=139228"}],"curies":[{"name":"wp","href":"https:\/\/api.w.org\/{rel}","templated":true}]}}