{"id":139234,"date":"2026-01-16T14:10:30","date_gmt":"2026-01-16T14:10:30","guid":{"rendered":"https:\/\/www.europesays.com\/no\/139234\/"},"modified":"2026-01-16T14:10:30","modified_gmt":"2026-01-16T14:10:30","slug":"dette-avslorer-skrekkvideoen-fra-iran","status":"publish","type":"post","link":"https:\/\/www.europesays.com\/no\/139234\/","title":{"rendered":"Dette avsl\u00f8rer skrekkvideoen fra Iran"},"content":{"rendered":"\n<ul class=\"_list_o9xde_3 _list_64s2r_85 _unordered_o9xde_106 text-sans-m\">\n<li class=\"_item_o9xde_30\">VG har analysert en video fra Iran som viser drepte demonstranter.<\/li>\n<li class=\"_item_o9xde_30\">Videoen er filmet p\u00e5 Kahrizak medisinske senter og viser over 200 lik og likposer.<\/li>\n<li class=\"_item_o9xde_30\">Iranske myndigheter har blokkeret kommunikasjon, noe som gj\u00f8r informasjonshenting sv\u00e6rt vanskelig.<\/li>\n<li class=\"_item_o9xde_30\">Demonstrasjonene startet som protester mot \u00f8konomien, men har utviklet seg til en trussel mot regimet.<\/li>\n<li class=\"_item_o9xde_30\">Iranske sikkerhetsstyrker skyter med skarpt mot folkemengder.<\/li>\n<\/ul>\n<p>Vis mer <\/p>\n<p class=\"_paragraph_o9xde_4 _paragraph_xtcu6_10 layout-component text-serif-m layout-normal text-serif-m layout-padded\">\u00abJeg har reist nesten 1000 kilometer for \u00e5 f\u00e5 internett slik at jeg kan sende disse bildene\u00bb. <\/p>\n<p class=\"_paragraph_o9xde_4 _paragraph_xtcu6_10 layout-component text-serif-m layout-normal text-serif-m layout-padded\">Slik begynner meldingen som ble publisert tirsdag i en post p\u00e5 <a href=\"https:\/\/t.me\/VahidOnline\" class=\"_link_o9xde_39\" rel=\"nofollow\">Vahid Online, <\/a>en stor Telegram-kanal drevet av iranske aktivister. <\/p>\n<p class=\"_paragraph_o9xde_4 _paragraph_xtcu6_10 layout-component text-serif-m layout-normal text-serif-m layout-padded\">Sammen med meldingen var det en rekke nye og omfattende videoer som skulle vise hvordan iranske myndigheter har sl\u00e5tt brutalt ned p\u00e5 de enorme demonstrasjonene i landet de siste ukene.<\/p>\n<p class=\"_paragraph_o9xde_4 _paragraph_xtcu6_10 layout-component text-serif-m layout-normal text-serif-m layout-padded\">\u00abDet var over 2000 kropper bare den dagen, spredt rundt p\u00e5 bakken\u00bb, het det. <\/p>\n<p class=\"_paragraph_o9xde_4 _paragraph_xtcu6_10 layout-component text-serif-m layout-normal text-serif-m layout-padded\"><strong class=\"_strong_o9xde_25\">VG har g\u00e5tt gjennom bilde for bilde i en av videoene for \u00e5 verifisere hva den egentlig viser.<\/strong><\/p>\n<p><img alt=\"\" class=\"_image_qp4xg_65 layout-component layout-wide\" data-fullscreen- data-track-element-type=\"Article image fullscreen\" data-track-name=\"ImageFullscreen\" decoding=\"async\" loading=\"lazy\" height=\"4152\" itemprop=\"image\"  src=\"https:\/\/www.europesays.com\/no\/wp-content\/uploads\/2026\/01\/278a3958-fb43-4fcd-b0f2-b9c20328d9b6.jpeg\"  style=\"object-position:0% 0%\" width=\"3543\"\/><\/p>\n<p class=\"_paragraph_o9xde_4 _paragraph_xtcu6_10 layout-component text-serif-m layout-normal text-serif-m layout-padded\">De siste ukene har de st\u00f8rste demonstrasjonene i\u00a0<a href=\"https:\/\/www.vg.no\/tag\/iran?utm_source=vg-article&amp;utm_medium=auto-tagger&amp;utm_campaign=V6qgdV\" class=\"_link_o9xde_39\" rel=\"nofollow noopener\" target=\"_blank\">Iran<\/a>\u00a0p\u00e5 flere \u00e5r rast. I gatene ropes det \u00abD\u00f8d over diktatoren!\u00bb.<\/p>\n<p class=\"_paragraph_o9xde_4 _paragraph_xtcu6_10 layout-component text-serif-m layout-normal text-serif-m layout-padded\">Det som startet som en protest mot den \u00f8konomiske situasjonen, har siden utviklet seg til det forskere har omtalt som en\u00a0<a href=\"https:\/\/www.vg.no\/i\/V6qgdV\" data-track-element-type=\"Link\" data-track-id=\"link:V6qgdV\" class=\"_link_o9xde_39\" rel=\"nofollow noopener\" target=\"_blank\">\u00abeksistensiell trussel\u00bb<\/a>\u00a0mot myndighetene.<\/p>\n<p class=\"_paragraph_o9xde_4 _paragraph_xtcu6_10 layout-component text-serif-m layout-normal text-serif-m layout-padded\">Iranske sikkerhetsstyrker har blitt fotografert der de skyter med skarpt inn mot folkemengder.<\/p>\n<p class=\"_paragraph_o9xde_4 _paragraph_xtcu6_10 layout-component text-serif-m layout-normal text-serif-m layout-padded\">Samtidig har <a href=\"https:\/\/www.vg.no\/tag\/iran?utm_source=vg-article&amp;utm_medium=auto-tagger&amp;utm_campaign=vrAxml\" class=\"_link_o9xde_39\" rel=\"nofollow noopener\" target=\"_blank\">Iran<\/a> innf\u00f8rt en omfattende og n\u00e6r total blokade av all kommunikasjon i landet, noe som gj\u00f8r det sv\u00e6rt vanskelig \u00e5 f\u00e5 informasjon ut om hva som faktisk foreg\u00e5r p\u00e5 bakken der, eller hvor mange demonstranter som har blitt drept av det iranske regimet.<\/p>\n<p class=\"_paragraph_o9xde_4 _paragraph_xtcu6_10 layout-component text-serif-m layout-normal text-serif-m layout-padded\">VGs kilder innad i Iran har v\u00e6rt umulig \u00e5 n\u00e5 de siste dagene. <\/p>\n<p class=\"_paragraph_o9xde_4 _paragraph_xtcu6_10 layout-component text-serif-m layout-normal text-serif-m layout-padded\">Derfor gir videoen som ble publisert tirsdag et sjeldent innblikk. <\/p>\n<p class=\"_paragraph_o9xde_4 _paragraph_xtcu6_10 layout-component text-serif-m layout-normal text-serif-m layout-padded\">VG har stedsverifisert videoene til \u00e5 ha v\u00e6rt filmet p\u00e5 Kahrizak medisinske senter like utenfor hovedstaden Teheran. <\/p>\n<p><img alt=\"Foto: Sammenstilling av video fra sosiale medier \/ Google Maps\" class=\"_image_qp4xg_65 layout-component layout-normal\" data-fullscreen- data-track-element-type=\"Article image fullscreen\" data-track-name=\"ImageFullscreen\" decoding=\"async\" loading=\"lazy\" height=\"4928\" itemprop=\"image\"  src=\"https:\/\/www.europesays.com\/no\/wp-content\/uploads\/2026\/01\/df1380a3-9668-46b7-b1c4-d0b7d146418a.png\"  style=\"object-position:0% 0%\" width=\"3696\"\/>Foto: Sammenstilling av video fra sosiale medier \/ Google Maps<img alt=\"Foto: Sammenstilling av video fra sosiale medier \/ Google Maps\" class=\"_image_qp4xg_65 layout-component layout-normal\" data-fullscreen- data-track-element-type=\"Article image fullscreen\" data-track-name=\"ImageFullscreen\" decoding=\"async\" loading=\"lazy\" height=\"4928\" itemprop=\"image\"  src=\"https:\/\/www.europesays.com\/no\/wp-content\/uploads\/2026\/01\/df1380a3-9668-46b7-b1c4-d0b7d146418a.png\"  style=\"object-position:0% 0%\" width=\"3696\"\/>Foto: Sammenstilling av video fra sosiale medier \/ Google Maps<img alt=\"Foto: Sammenstilling av video fra sosiale medier \/ Google Maps\" class=\"_image_qp4xg_65 layout-component layout-fullwidth\" data-fullscreen- data-track-element-type=\"Article image fullscreen\" data-track-name=\"ImageFullscreen\" decoding=\"async\" loading=\"lazy\" height=\"3032\" itemprop=\"image\"  src=\"https:\/\/www.europesays.com\/no\/wp-content\/uploads\/2026\/01\/f7ef9db5-0901-465f-99bc-5e85a1416a84.png\"  style=\"object-position:0% 0%\" width=\"6833\"\/>Foto: Sammenstilling av video fra sosiale medier \/ Google Maps<\/p>\n<p class=\"_paragraph_o9xde_4 _paragraph_xtcu6_10 layout-component text-serif-m layout-normal text-serif-m layout-padded\">Det ble publisert fire videoer i meldingen p\u00e5 tirsdag denne uken. Den videoen som VG analyserer i denne artikkelen, er 5 minutter og 41 sekunder lang.<\/p>\n<p class=\"_paragraph_o9xde_4 _paragraph_xtcu6_10 layout-component text-serif-m layout-normal text-serif-m layout-padded\">\u00d8yenvitner og iranske menneskerettighetsorganisasjoner sier dette er resultatet av at iranske myndigheter har skutt og drept demonstranter.<\/p>\n<p class=\"_paragraph_o9xde_4 _paragraph_xtcu6_10 layout-component text-serif-m layout-normal text-serif-m layout-padded\">I opptaket samles familiemedlemmer rundt drepte slektninger for \u00e5 pr\u00f8ve \u00e5 finne sine kj\u00e6re.<\/p>\n<p class=\"_paragraph_o9xde_4 _paragraph_xtcu6_10 layout-component text-serif-m layout-normal text-serif-m layout-padded\">Bare i denne ene videoen har VG talt over 200 lik og likposer. Trolig er det enda flere.<\/p>\n<p class=\"_paragraph_o9xde_4 _paragraph_xtcu6_10 layout-component text-serif-m layout-normal text-serif-m layout-padded\">I et av rommene teller VG minst 19 lik. <\/p>\n<p><img alt=\"\" class=\"_image_qp4xg_65 layout-component layout-fullwidth\" data-fullscreen- data-track-element-type=\"Article image fullscreen\" data-track-name=\"ImageFullscreen\" decoding=\"async\" loading=\"lazy\" height=\"3300\" itemprop=\"image\"  src=\"https:\/\/www.europesays.com\/no\/wp-content\/uploads\/2026\/01\/2a090d29-5a23-4296-8d9d-288c5fde0e60.png\"  style=\"object-position:0% 0%\" width=\"4517\"\/>Slik er bildet satt sammen av VG<\/p>\n<p class=\"_paragraph_o9xde_4 _paragraph_xtcu6_10 layout-component text-serif-m layout-normal text-sans-s\">Dette bildet er sammensatt av fire forskjellige enkeltbilder fra videoen. Bildene er satt sammen i et bildebehandlingsprogram, men ikke digitalt endret eller redigert. Bildene er satt sammen for \u00e5 vise mest mulig av omgivelsene i rommet for \u00e5 dokumentere antall drepte. <\/p>\n<p class=\"_paragraph_o9xde_4 _paragraph_xtcu6_10 layout-component text-serif-m layout-normal text-serif-m layout-padded\">Sv\u00e6rt mange av de drepte i videoen har synlige skader og er blodige.<\/p>\n<p class=\"_paragraph_o9xde_4 _paragraph_xtcu6_10 layout-component text-serif-m layout-normal text-serif-m layout-padded\">En av de drepte som ligger i en likpose, har sm\u00e5 kulehull i kroppen.<\/p>\n<p class=\"_paragraph_o9xde_4 _paragraph_xtcu6_10 layout-component text-serif-m layout-normal text-serif-m layout-padded\">\u2013 Dette kan tyde p\u00e5 hagleskudd mot buk og bryst, sier den erfarne ortopeden Geir Stray Andreassen til VG. <\/p>\n<p class=\"_paragraph_o9xde_4 _paragraph_xtcu6_10 layout-component text-serif-m layout-normal text-serif-m layout-padded\">Han har i flere runder jobbet inne i Gaza med \u00e5 behandle krigsskader. <\/p>\n<p><img alt=\"\" class=\"_image_qp4xg_65 layout-component layout-normal\" data-fullscreen- data-track-element-type=\"Article image fullscreen\" data-track-name=\"ImageFullscreen\" decoding=\"async\" loading=\"lazy\" height=\"3000\" itemprop=\"image\"  src=\"https:\/\/www.europesays.com\/no\/wp-content\/uploads\/2026\/01\/1996860c-ed16-450e-9e56-2dfcf9852f73.jpeg\"  style=\"object-position:0% 0%\" width=\"2250\"\/><\/p>\n<p class=\"_paragraph_o9xde_4 _paragraph_xtcu6_10 layout-component text-serif-m layout-normal text-serif-m layout-padded\">I beskrivelsen av videoen st\u00e5r det at opptaket er gjort l\u00f8rdag 10. januar. I videoen er det lett overskyet v\u00e6r med gl\u00f8tt av bl\u00e5 himmel, noe som stemmer med historisk v\u00e6rdata fra 10. januar.<\/p>\n<p class=\"_paragraph_o9xde_4 _paragraph_xtcu6_10 layout-component text-serif-m layout-normal text-serif-m layout-padded\">VG kan ikke uavhengig sl\u00e5 fast n\u00e5r opptaket er gjort, men den oppgitte datoen stemmer overens <a href=\"https:\/\/www.vg.no\/stories\/352021\/nb-sterke-inntrykk-video-skal-vise-lik-i-iran\" class=\"_link_o9xde_39\" rel=\"nofollow noopener\" target=\"_blank\">med andre videoer <\/a>som har blitt lekket fra likhuset i samme periode. <\/p>\n<p class=\"_paragraph_o9xde_4 _paragraph_xtcu6_10 layout-component text-serif-m layout-normal text-serif-m layout-padded\">De nye klippene er de mest omfattende som til n\u00e5 har blitt publisert. <\/p>\n<p class=\"_paragraph_o9xde_4 _paragraph_xtcu6_10 layout-component text-serif-m layout-normal text-serif-m layout-padded\">I videoen er det en mann som filmer. Han sier at \u00abdet er l\u00f8rdag\u00bb, og nevner datoen. <\/p>\n<p class=\"_paragraph_o9xde_4 _paragraph_xtcu6_10 layout-component text-serif-m layout-normal text-serif-m layout-padded\">Det er ogs\u00e5 andre stemmer som snakker, blant annet fra politiet, som sier at de \u00abm\u00e5 jobbe raskere\u00bb.<\/p>\n<p class=\"_paragraph_o9xde_4 _paragraph_xtcu6_10 layout-component text-serif-m layout-normal text-serif-m layout-padded\">En analyse av skyggene tilsier at den er filmet i 14-tiden.<\/p>\n<p><img alt=\"\" class=\"_image_qp4xg_65 layout-component layout-normal\" data-fullscreen- data-track-element-type=\"Article image fullscreen\" data-track-name=\"ImageFullscreen\" decoding=\"async\" loading=\"lazy\" height=\"950\" itemprop=\"image\"  src=\"https:\/\/www.europesays.com\/no\/wp-content\/uploads\/2026\/01\/3aa696da-7a50-4787-9e3d-637e76d8ee4b.jpeg\"  style=\"object-position:0% 0%\" width=\"712\"\/><\/p>\n<p class=\"_paragraph_o9xde_4 _paragraph_xtcu6_10 layout-component text-serif-m layout-normal text-serif-m layout-padded\">Noen av de drepte ser ut til \u00e5 ha d\u00f8dd mens de fikk helsehjelp. <\/p>\n<p class=\"_paragraph_o9xde_4 _paragraph_xtcu6_10 layout-component text-serif-m layout-normal text-serif-m layout-padded\">En ung mann som ligger p\u00e5 det blodige betonggulvet har tre selvklebende elektroder festet p\u00e5 brystet. Dette brukes vanligvis til \u00e5 overv\u00e5ke hjerteaktiviteten, if\u00f8lge en erfaren krigslege som VG har snakket med. <\/p>\n<p class=\"_paragraph_o9xde_4 _paragraph_xtcu6_10 layout-component text-serif-m layout-normal text-serif-m layout-padded\">En annen mann ligger i en svart likpose. Ut av munnen stikker en plastslange. Mannen ser ut til \u00e5 ha blitt intubert, normalt for \u00e5 sikre luftveiene i traumebehandling n\u00e5r pasienten ikke klarer \u00e5 puste nok selv. <\/p>\n<p><img alt=\"\" class=\"_image_qp4xg_65 layout-component layout-normal\" data-fullscreen- data-track-element-type=\"Article image fullscreen\" data-track-name=\"ImageFullscreen\" decoding=\"async\" loading=\"lazy\" height=\"3000\" itemprop=\"image\"  src=\"https:\/\/www.europesays.com\/no\/wp-content\/uploads\/2026\/01\/850e8db4-114d-4c73-9f98-0134647fe416.png\"  style=\"object-position:0% 0%\" width=\"2250\"\/><\/p>\n<p class=\"_paragraph_o9xde_4 _paragraph_xtcu6_10 layout-component text-serif-m layout-normal text-serif-m layout-padded\">\u2013 Vi snakker med demonstranter, men det nytter ikke \u00e5 snakke med voldelige demonstranter. De m\u00e5 bli satt p\u00e5 plass, har Irans \u00f8verste leder Ayatollah Ali Khamenei uttalt. <\/p>\n<p class=\"_paragraph_o9xde_4 _paragraph_xtcu6_10 layout-component text-serif-m layout-normal text-serif-m layout-padded\">Det er torsdag og fredag forrige uke at de st\u00f8rste demonstrasjonens skal ha funnet sted. <\/p>\n<p class=\"_paragraph_o9xde_4 _paragraph_xtcu6_10 layout-component text-serif-m layout-normal text-serif-m layout-padded\">Iranske myndigheter har kalt de som demonstrerer for \u00abterrorister\u00bb. <\/p>\n<p class=\"_paragraph_o9xde_4 _paragraph_xtcu6_10 layout-component text-serif-m layout-normal text-serif-m layout-padded\">Det er i etterkant av dette at opptaket skal ha blitt gjort. <\/p>\n<p><img alt=\"\" class=\"_image_qp4xg_65 layout-component layout-fullwidth\" data-fullscreen- data-track-element-type=\"Article image fullscreen\" data-track-name=\"ImageFullscreen\" decoding=\"async\" loading=\"lazy\" height=\"2852\" itemprop=\"image\"  src=\"https:\/\/www.europesays.com\/no\/wp-content\/uploads\/2026\/01\/b7bda594-8d13-4e33-8b8b-18b674b143af.png\"  style=\"object-position:0% 0%\" width=\"3440\"\/><\/p>\n<p class=\"_paragraph_o9xde_4 _paragraph_xtcu6_10 layout-component text-serif-m layout-normal text-serif-m layout-padded\"><strong class=\"_strong_o9xde_25\">Det sentrale sp\u00f8rsm\u00e5let gjenst\u00e5r: Hvor mange ble egentlig drept? <\/strong><\/p>\n<p class=\"_paragraph_o9xde_4 _paragraph_xtcu6_10 layout-component text-serif-m layout-normal text-serif-m layout-padded\">I meldingen som ble publisert fra det som skal v\u00e6re et \u00f8yenvitne st\u00e5r det: <\/p>\n<p class=\"_paragraph_o9xde_4 _paragraph_xtcu6_10 layout-component text-serif-m layout-normal text-serif-m layout-padded\">\u00abDe dumper likene i containere. Bare den dagen var det over 2000 kropper, spredt utover bakken. Da vi ankom, var \u00e9n full kj\u00f8lecontainer p\u00e5 en semitrailer allerede lastet.<\/p>\n<p class=\"_paragraph_o9xde_4 _paragraph_xtcu6_10 layout-component text-serif-m layout-normal text-serif-m layout-padded\">N\u00e5r noen fant kroppen til en av sine n\u00e6rmeste, registrerte rettsmedisinsk personell skuddskadene, utstedte en kodet tillatelse, og familiene stilte seg i k\u00f8 for \u00e5 laste kroppen opp p\u00e5 lastebiler for videre h\u00e5ndtering. Totalt dreide det seg om over 2000\u20133000 bare den dagen.\u00bb<\/p>\n<p class=\"_paragraph_o9xde_4 _paragraph_xtcu6_10 layout-component text-serif-m layout-normal text-serif-m layout-padded\">VG kan ikke uavhengig bekrefte dette, men i videoen er flere lastebiler synlig. <\/p>\n<p class=\"_paragraph_o9xde_4 _paragraph_xtcu6_10 layout-component text-serif-m layout-normal text-serif-m layout-padded\">I den ene videoen VG har analysert her, har vi telt minst 200 lik og likposer. I meldingen som ble publisert tirsdag var det tre andre videoer, som hver for seg viser enda flere lik. <\/p>\n<p class=\"_paragraph_o9xde_4 _paragraph_xtcu6_10 layout-component text-serif-m layout-normal text-serif-m layout-padded\">Det er derfor ikke mulig \u00e5 uavhengig sl\u00e5 fast hvor mange drepte det var, men det dreier seg trolig om i hvert fall hundrevis bare ved dette ene medisinske senteret. <\/p>\n<p class=\"_paragraph_o9xde_4 _paragraph_xtcu6_10 layout-component text-serif-m layout-normal text-serif-m layout-padded\">I tillegg er det rapporter om et stort antall drepte i andre iranske byer som ikke har blitt like utbredt dokumentert.<\/p>\n<p class=\"_paragraph_o9xde_4 _paragraph_xtcu6_10 layout-component text-serif-m layout-normal text-serif-m layout-padded\">En demonstrant fra innsiden av Iran klarte s\u00f8ndag \u00e5 f\u00e5 en melding ut til VG.<\/p>\n<p class=\"_paragraph_o9xde_4 _paragraph_xtcu6_10 layout-component text-serif-m layout-normal text-serif-m layout-padded\">Han har tidligere sagt at de blir skutt etter av sikkerhetsstyrkene.<\/p>\n<p class=\"_paragraph_o9xde_4 _paragraph_xtcu6_10 layout-component text-serif-m layout-normal text-serif-m layout-padded\"><strong class=\"_strong_o9xde_25\">\u2013 Politiet angriper oss. Regimet sl\u00e5r hardt ned n\u00e5 og de har fortsatt kontroll. Milit\u00e6re veisperringer har blitt satt opp mellom byene, skriver han fra en by i vest-Iran. <\/strong><\/p>\n<p><img alt=\"Iranske soldater i et bilde publisert av statsstyrte iranske medier 8. januar.   Foto: HANDOUT \/ AFP \/ NTB\" class=\"_image_qp4xg_65 layout-component layout-normal\" data-fullscreen- data-track-element-type=\"Article image fullscreen\" data-track-name=\"ImageFullscreen\" decoding=\"async\" loading=\"lazy\" height=\"800\" itemprop=\"image\"  src=\"https:\/\/www.europesays.com\/no\/wp-content\/uploads\/2026\/01\/c5ab103c-a832-4a4c-9de3-136ccd20fadf.jpeg\"  style=\"object-position:0% 0%\" width=\"600\"\/>Iranske soldater i et bilde publisert av statsstyrte iranske medier 8. januar.   Foto: HANDOUT \/ AFP \/ NTB<img alt=\"Iranske soldater i et bilde publisert av statsstyrte iranske medier 8. januar.   Foto: HANDOUT \/ AFP \/ NTB\" class=\"_image_qp4xg_65 layout-component layout-wide\" data-fullscreen- data-track-element-type=\"Article image fullscreen\" data-track-name=\"ImageFullscreen\" decoding=\"async\" loading=\"lazy\" height=\"800\" itemprop=\"image\"  src=\"https:\/\/www.europesays.com\/no\/wp-content\/uploads\/2026\/01\/ecc85cf0-7639-44d3-a1a4-ab91d669f7a1.jpeg\"  style=\"object-position:0% 0%\" width=\"1067\"\/>Iranske soldater i et bilde publisert av statsstyrte iranske medier 8. januar.   Foto: HANDOUT \/ AFP \/ NTB<img alt=\"Iranske soldater i et bilde publisert av statsstyrte iranske medier 8. januar.   Foto: HANDOUT \/ AFP \/ NTB\" class=\"_image_qp4xg_65 layout-component layout-wide\" data-fullscreen- data-track-element-type=\"Article image fullscreen\" data-track-name=\"ImageFullscreen\" decoding=\"async\" loading=\"lazy\" height=\"800\" itemprop=\"image\"  src=\"https:\/\/www.europesays.com\/no\/wp-content\/uploads\/2026\/01\/ecc85cf0-7639-44d3-a1a4-ab91d669f7a1.jpeg\"  style=\"object-position:0% 0%\" width=\"1067\"\/>Iranske soldater i et bilde publisert av statsstyrte iranske medier 8. januar.   Foto: HANDOUT \/ AFP \/ NTB<\/p>\n<p class=\"_paragraph_o9xde_4 _paragraph_xtcu6_10 layout-component text-serif-m layout-normal text-serif-m layout-padded\">En iransk myndighetskilde anerkjente tirsdag overfor nyhetsbyr\u00e5et Reuters at minst 2000 personer var blitt drept, men vedkommende la skylden p\u00e5 \u00abterrorister\u00bb, uten \u00e5 fremlegge bevis for det.<\/p>\n<p class=\"_paragraph_o9xde_4 _paragraph_xtcu6_10 layout-component text-serif-m layout-normal text-serif-m layout-padded\">Den Oslo-baserte menneskerettsgruppen Iran Human Rights (IHR) uttalte onsdag at over 3400 demonstranter er drept i Iran.<\/p>\n<p class=\"_paragraph_o9xde_4 _paragraph_xtcu6_10 layout-component text-serif-m layout-normal text-serif-m layout-padded\">\u2013 Det reelle tallet er sannsynligvis langt h\u00f8yere. Rapportene tyder p\u00e5 at det har funnet sted en massakre, sier leder Mahmood Amiry-Moghaddam til VG.<\/p>\n<p><img decoding=\"async\" alt=\"Bilde av Mahmood Amiry-Moghaddam \" class=\"_image_ygndg_42\" height=\"27\" itemprop=\"image\" loading=\"lazy\"  src=\"https:\/\/www.europesays.com\/no\/wp-content\/uploads\/2026\/01\/dcb28382-b5b5-40cd-8039-b7c7f74dc15d.jpeg\"  width=\"40\"\/><strong class=\"_name_ygndg_51 title-serif-xs\">Mahmood Amiry-Moghaddam <\/strong><\/p>\n<p class=\"_paragraph_o9xde_4 _paragraph_xtcu6_10 layout-component text-serif-m layout-normal text-serif-m layout-padded\">\u2013 For regimet har dette v\u00e6rt en eksistensiell kamp. Det viktigste har v\u00e6rt \u00e5 bevare systemet, og de har gjort det de kan for \u00e5 hindre et regimeskifte. Det har de gjort ved \u00e5 bruke kuler og maskingev\u00e6r, sier han.<\/p>\n<p class=\"_paragraph_o9xde_4 _paragraph_xtcu6_10 layout-component text-serif-m layout-normal text-serif-m layout-padded\">Han understreker at mer m\u00e5 gj\u00f8res:<\/p>\n<p class=\"_paragraph_o9xde_4 _paragraph_xtcu6_10 layout-component text-serif-m layout-normal text-serif-m layout-padded\">\u2013 Verdenssamfunnet har et ansvar for \u00e5 beskytte sivile mot massedrap. Det er ikke nok med ford\u00f8mmelser.<\/p>\n<p class=\"_paragraph_o9xde_4 _paragraph_xtcu6_10 layout-component text-serif-m layout-normal text-serif-m layout-padded\">USAs president Donald Trump har flere ganger sagt at han vil bruke milit\u00e6rmakt dersom Iran dreper demonstranter. \u00abHJELP ER P\u00c5 VEI\u00bb, skrev han tirsdag. N\u00e5 melder flere <a href=\"https:\/\/www.axios.com\/2026\/01\/15\/trump-iran-strikes-israel-concern\" class=\"_link_o9xde_39\" rel=\"nofollow noopener\" target=\"_blank\">medier<\/a> at han natt til torsdag, i siste liten, avbr\u00f8t et amerikansk bombeangrep mot landet. <\/p>\n<p class=\"_paragraph_o9xde_4 _paragraph_xtcu6_10 layout-component text-serif-m layout-normal text-serif-m layout-padded\"><strong class=\"_strong_o9xde_25\">Her er hele videoen VG har analysert, men det advares om sv\u00e6rt sterke bilder av identifiserbare lik med skader: <\/strong><\/p>\n<p>    <img decoding=\"async\" alt=\"Kyrre Lien\" class=\"_image_uv074_179\" src=\"https:\/\/www.europesays.com\/no\/wp-content\/uploads\/2026\/01\/4bd4fafe-13b9-4b5b-a584-2321d2512207.jpeg\" width=\"480\"\/>     <\/p>\n","protected":false},"excerpt":{"rendered":"VG har analysert en video fra Iran som viser drepte demonstranter. Videoen er filmet p\u00e5 Kahrizak medisinske senter&hellip;\n","protected":false},"author":2,"featured_media":139235,"comment_status":"","ping_status":"","sticky":false,"template":"","format":"standard","meta":{"footnotes":""},"categories":[5],"tags":[20,21,864,24,25,15,19,3228,22,23,17,18,13,30,28,29,14,16,26,27],"class_list":{"0":"post-139234","1":"post","2":"type-post","3":"status-publish","4":"format-standard","5":"has-post-thumbnail","7":"category-overskrifter","8":"tag-breaking-news","9":"tag-breakingnews","10":"tag-demonstrasjoner","11":"tag-featured-news","12":"tag-featurednews","13":"tag-headlines","14":"tag-hovedoppslag","15":"tag-iran","16":"tag-latest-news","17":"tag-latestnews","18":"tag-main-news","19":"tag-mainnews","20":"tag-news","21":"tag-no","22":"tag-norge","23":"tag-norway","24":"tag-nyheter","25":"tag-overskrifter","26":"tag-top-stories","27":"tag-topstories"},"share_on_mastodon":{"url":"https:\/\/pubeurope.com\/@no\/115905182158472985","error":""},"_links":{"self":[{"href":"https:\/\/www.europesays.com\/no\/wp-json\/wp\/v2\/posts\/139234","targetHints":{"allow":["GET"]}}],"collection":[{"href":"https:\/\/www.europesays.com\/no\/wp-json\/wp\/v2\/posts"}],"about":[{"href":"https:\/\/www.europesays.com\/no\/wp-json\/wp\/v2\/types\/post"}],"author":[{"embeddable":true,"href":"https:\/\/www.europesays.com\/no\/wp-json\/wp\/v2\/users\/2"}],"replies":[{"embeddable":true,"href":"https:\/\/www.europesays.com\/no\/wp-json\/wp\/v2\/comments?post=139234"}],"version-history":[{"count":0,"href":"https:\/\/www.europesays.com\/no\/wp-json\/wp\/v2\/posts\/139234\/revisions"}],"wp:featuredmedia":[{"embeddable":true,"href":"https:\/\/www.europesays.com\/no\/wp-json\/wp\/v2\/media\/139235"}],"wp:attachment":[{"href":"https:\/\/www.europesays.com\/no\/wp-json\/wp\/v2\/media?parent=139234"}],"wp:term":[{"taxonomy":"category","embeddable":true,"href":"https:\/\/www.europesays.com\/no\/wp-json\/wp\/v2\/categories?post=139234"},{"taxonomy":"post_tag","embeddable":true,"href":"https:\/\/www.europesays.com\/no\/wp-json\/wp\/v2\/tags?post=139234"}],"curies":[{"name":"wp","href":"https:\/\/api.w.org\/{rel}","templated":true}]}}