{"id":139241,"date":"2026-01-16T14:20:22","date_gmt":"2026-01-16T14:20:22","guid":{"rendered":"https:\/\/www.europesays.com\/no\/139241\/"},"modified":"2026-01-16T14:20:22","modified_gmt":"2026-01-16T14:20:22","slug":"prinsesse-irene-av-hellas-dod","status":"publish","type":"post","link":"https:\/\/www.europesays.com\/no\/139241\/","title":{"rendered":"Prinsesse Irene av Hellas d\u00f8d"},"content":{"rendered":"<p class=\"kicker \" style=\"\">Skedsmokorset:<\/p>\n<p>    En kvinne ble funnet d\u00f8d p\u00e5 E6 ved Skedsmokorset i Akershus fredag. If\u00f8lge politiet ble kvinnen p\u00e5kj\u00f8rt av et vogntog og sittende fast, f\u00f8r hun havnet p\u00e5 E6.\u00a0<\/p>\n<p>\n    FUNNET D\u00d8D: Politi og brannvesen p\u00e5 stedet, etter at det ble gjort funn av en d\u00f8d person p\u00e5 E6. Foto: Jonas J\u00f8rstad \/ Dagbladet\n  <\/p>\n<p>\u00d8st politidistrikt rykket ut til E6 fredag ettermiddag, etter melding om at en d\u00f8d kvinne l\u00e5 i veibanen.\u00a0<\/p>\n<p>Kvinnen er identifisert, og de n\u00e6rmeste p\u00e5r\u00f8rende er varslet, opplyser operasjonsleder H\u00e5kon Hatlen til Dagbladet.\u00a0<\/p>\n<p>&#8211; Dette er en enormt tragisk ulykke, sier han.\u00a0<\/p>\n<p>Kvinnen ble p\u00e5kj\u00f8rt av et vogntog p\u00e5 en godsterminal i omr\u00e5det. Hun ble sittende fast under vogntoget, fram til hun l\u00f8snet og havnet p\u00e5 E6 og ble truffet av tre biler som kom kj\u00f8rende rett bak vogntoget, forklarer Hatlen.\u00a0<\/p>\n<p>&#8211; Vi har grunn til \u00e5 tro at kvinnen allerede var d\u00f8d da hun ble truffet av de tre bilene, sier han.\u00a0<\/p>\n<p>Politiet beskriver det som en traumatisk opplevelse for de involverte.\u00a0<\/p>\n<p> &#8211; Bilene hadde ikke mulighet til \u00e5 svinge unna. De m\u00e5 ikke bebreide seg selv. Det er klart at dette er en enorm p\u00e5kjenning, s\u00e5 de har f\u00e5tt informasjon om at de m\u00e5 ta kontakt med helsevesenet dersom de har behov for det. <\/p>\n<p>Det er ikke mistanke om at hendelsen er noe annet enn en tragisk ulykke, understreker han.\u00a0<\/p>\n<p>&#8211; Vi vet hvordan dette skjedde, men ytterligere detaljer \u00f8nsker vi ikke \u00e5 g\u00e5 inn p\u00e5 n\u00e5. Det er ingen tvil om at dette er en ulykke, sier han.\u00a0<\/p>\n<p>Kvinnen har tilknytning til godsterminalen hvor hun ble p\u00e5kj\u00f8rt.\u00a0<\/p>\n<p>&#8211; Dette er blytungt. Det er veldig tragisk. Ingen av de som er direkte involvert er ansatt i Bring, men de blir fulgt opp av sine arbeidsgivere, sier\u00a0kommunikasjonsdirekt\u00f8r i Posten Bring, Kenneth Pettersen, til Dagbladet.<\/p>\n<p>Dersom det er andre som har v\u00e6rt vitne til hendelsen, og trenger noen \u00e5 snakke med, ber Hatlen dem om \u00e5 ta kontakt med legevakt eller fastlege.\u00a0<\/p>\n<p> E6 mellom Berger og Skedsmokorset var en periode stengt i sydg\u00e5ende retning, men ble gjen\u00e5pnet rundt klokka 14. <\/p>\n","protected":false},"excerpt":{"rendered":"Skedsmokorset: En kvinne ble funnet d\u00f8d p\u00e5 E6 ved Skedsmokorset i Akershus fredag. If\u00f8lge politiet ble kvinnen p\u00e5kj\u00f8rt&hellip;\n","protected":false},"author":2,"featured_media":139242,"comment_status":"","ping_status":"","sticky":false,"template":"","format":"standard","meta":{"footnotes":""},"categories":[5],"tags":[20,21,24,25,15,19,479,22,23,17,18,13,30,28,29,14,16,15685,26,27],"class_list":{"0":"post-139241","1":"post","2":"type-post","3":"status-publish","4":"format-standard","5":"has-post-thumbnail","7":"category-overskrifter","8":"tag-breaking-news","9":"tag-breakingnews","10":"tag-featured-news","11":"tag-featurednews","12":"tag-headlines","13":"tag-hovedoppslag","14":"tag-kjendis","15":"tag-latest-news","16":"tag-latestnews","17":"tag-main-news","18":"tag-mainnews","19":"tag-news","20":"tag-no","21":"tag-norge","22":"tag-norway","23":"tag-nyheter","24":"tag-overskrifter","25":"tag-prinsesse-irene","26":"tag-top-stories","27":"tag-topstories"},"share_on_mastodon":{"url":"https:\/\/pubeurope.com\/@no\/115905221253537844","error":""},"_links":{"self":[{"href":"https:\/\/www.europesays.com\/no\/wp-json\/wp\/v2\/posts\/139241","targetHints":{"allow":["GET"]}}],"collection":[{"href":"https:\/\/www.europesays.com\/no\/wp-json\/wp\/v2\/posts"}],"about":[{"href":"https:\/\/www.europesays.com\/no\/wp-json\/wp\/v2\/types\/post"}],"author":[{"embeddable":true,"href":"https:\/\/www.europesays.com\/no\/wp-json\/wp\/v2\/users\/2"}],"replies":[{"embeddable":true,"href":"https:\/\/www.europesays.com\/no\/wp-json\/wp\/v2\/comments?post=139241"}],"version-history":[{"count":0,"href":"https:\/\/www.europesays.com\/no\/wp-json\/wp\/v2\/posts\/139241\/revisions"}],"wp:featuredmedia":[{"embeddable":true,"href":"https:\/\/www.europesays.com\/no\/wp-json\/wp\/v2\/media\/139242"}],"wp:attachment":[{"href":"https:\/\/www.europesays.com\/no\/wp-json\/wp\/v2\/media?parent=139241"}],"wp:term":[{"taxonomy":"category","embeddable":true,"href":"https:\/\/www.europesays.com\/no\/wp-json\/wp\/v2\/categories?post=139241"},{"taxonomy":"post_tag","embeddable":true,"href":"https:\/\/www.europesays.com\/no\/wp-json\/wp\/v2\/tags?post=139241"}],"curies":[{"name":"wp","href":"https:\/\/api.w.org\/{rel}","templated":true}]}}