{"id":139247,"date":"2026-01-16T14:38:10","date_gmt":"2026-01-16T14:38:10","guid":{"rendered":"https:\/\/www.europesays.com\/no\/139247\/"},"modified":"2026-01-16T14:38:10","modified_gmt":"2026-01-16T14:38:10","slug":"hamar-politikk-mehran-38-frykter-for-slektningene-en-helt-egen-type-smerte","status":"publish","type":"post","link":"https:\/\/www.europesays.com\/no\/139247\/","title":{"rendered":"Hamar, Politikk | Mehran (38) frykter for slektningene: \u2013 En helt egen type smerte"},"content":{"rendered":"\n<p><b>\u2013 Det \u00e5 ikke f\u00e5 tak i mennesker du er glad i, og ikke vite om de er trygge, er en helt egen type smerte. Vi g\u00e5r hjemme med telefonen i h\u00e5nda, oppdaterer, ringer og h\u00e5per. Det tar over hodet og kroppen etter hvert.<\/b><\/p>\n<p>Norsk-iranske Mehran Amundsen-Ansari kjenner at situasjonen i f\u00f8delandet virkelig t\u00e6rer p\u00e5.<\/p>\n<p>Siden 28. desember har Iran v\u00e6rt preget av demonstrasjoner mot regimet i landet, ledet av ultrakonservative ayatolla Ali Khanamei. Han har v\u00e6rt landets \u00f8verste leder siden 1989.<\/p>\n<p>Etter en ny runde med demonstrasjoner svarte regimet med \u00e5 kutte b\u00e5de internett og telefonlinjer torsdag forrige uke.<\/p>\n<p>I Norge sitter Amundsen-Ansari og foreldrene igjen med mange sp\u00f8rsm\u00e5l. I Iran befinner mange slektninger og bekjente seg uten muligheter til \u00e5 kommunisere med omverdenen.<\/p>\n<p>\u2013 Det er jo helt absurd. N\u00e5r internett og telefonlinjer stenges ned, er ikke det et \u00abteknisk problem\u00bb. Det er en bevisst handling fra regimet. De \u00f8nsker \u00e5 isolere, kontrollere og kneble, og \u00e5 hindre at verden ser, sier Amundsen-Ansari, og fortsetter:<\/p>\n<p>\u2013 For dem som er i Iran betyr det at de fratas muligheten til \u00e5 dokumentere, be om hjelp og holde kontakt med hverandre. Og for oss utenfor betyr det at vi blir sittende igjen i uvisshet, og den uvissheten er n\u00e5del\u00f8s.<\/p>\n<p>Tirsdag var det igjen mulig med enkelte telefonsamtaler ut av landet. Likevel ble det med en kortfattet oppdatering.<\/p>\n<p>\u2013 F\u00f8rst da fikk vi tak i en av tantene mine. Hun sa bare at de var trygge, men at vi skulle be for dem, og at situasjonen er helt grusom. Det var vel en telefonsamtale p\u00e5 20 sekunder. De er vel redde for at all kommunikasjon overv\u00e5kes der nede.<\/p>\n<p>D\u00f8dstallene stiger<\/p>\n<p>Samtidig som folk b\u00e5de i og utenfor Iran lever i uvisshet, har tusenvis mistet livet under demonstrasjonene mot regimet.<\/p>\n<p>Iran Human Rights gikk onsdag ut med tall om at minst 3428 demonstranter er blitt drept i Iran siden 28. desember, og at tallene antakelig er langt h\u00f8yere.<\/p>\n<p>Anslagene over antall d\u00f8de blant demonstrantene har i vestlige medier variert mellom 2.000 og 20.000.<\/p>\n<p>\u2013 Jeg klarer ikke \u00e5 se p\u00e5 dette som \u00abnyheter\u00bb p\u00e5 avstand. Jeg er f\u00f8dt i Iran, og selv om jeg har levd mesteparten av livet mitt i Norge, s\u00e5 sitter Iran i meg. Det jeg kjenner n\u00e5 er en blanding av sorg, raseri og en konstant uro. Sorg over at vanlige mennesker, kvinner, menn og unge g\u00e5r ut i gatene vel vitende om hva det kan koste dem. Raseri over brutaliteten. Og uro fordi n\u00e5r et regime bestemmer seg for \u00e5 sl\u00e5 ned, s\u00e5 er det de mest s\u00e5rbare som betaler prisen. Samtidig kjenner jeg ogs\u00e5 p\u00e5 h\u00e5p om at n\u00e5 skjer det en endring.<\/p>\n<p>   <img decoding=\"async\" width=\"5712\" height=\"3811\" fetchpriority=\"low\"  loading=\"lazy\"  src=\"https:\/\/www.europesays.com\/no\/wp-content\/uploads\/2026\/01\/NTB_3TxX-Zozwu8.jpg\" alt=\"Iranians attend an anti-government protest in Tehran, Iran, Friday, Jan. 9, 2026. (AP Photo)\" class=\"brick-c-cFOWSL\" style=\"--brick-image-ratio: 5712 \/ 3811;\"\/><\/p>\n<p>      Demonstrasjoner mot regimet i den iranske hovedstaden Teheran fredag 9. januar.<br \/>\n      Foto: AP\/NTB\n    <\/p>\n<p>Amundsen-Ansari har selv tatt til sosiale medier for \u00e5 belyse situasjonen i Iran.<\/p>\n<p>Der uttrykker han et tydelig h\u00e5p om at regimet snart skal falle.<\/p>\n<p>\u2013 For min del handler h\u00e5pet om en fredelig og demokratisk framtid der rettigheter ikke gis av makten, men eies av folket. Det bor cirka 26.000 iranere i Norge, og jeg kan ikke snakke for alle norsk-iranere, men jeg opplever at veldig mange deler et grunnleggende \u00f8nske om slutt p\u00e5 undertrykkelse og et Iran der mennesker kan leve uten frykt.<\/p>\n<p>            Situasjonen i Iran \u2013 Kort oppsummert<\/p>\n<ul>\n<li>En protestb\u00f8lge br\u00f8t ut i Iran i slutten av desember som f\u00f8lge av \u00f8konomisk misn\u00f8ye grunnet valutakollaps og ekstrem inflasjon.<\/li>\n<\/ul>\n<ul>\n<li>8. januar hadde protestene spredd seg til alle landets 31 provinser, etter at Reza Pahlavi, s\u00f8nn av sjahen som ble styrtet i 1979, oppfordret til masseprotester.<\/li>\n<\/ul>\n<ul>\n<li>Regimet svarte med \u00e5 kutte internett og telefonlinjer i landet. Irans \u00f8verste leder ayatolla Ali Khamenei, som har ledet landet siden 1989, hevdet at amerikanske og israelske agenter sto bak demonstrasjonene.<\/li>\n<\/ul>\n<ul>\n<li>\n<p>Onsdag oppjusterte menneskerettsgruppen HRANA tallene p\u00e5 antall d\u00f8de i forbindelse med demonstrasjonene i Iran til minst 2571. Iran Human Rights (IHR) skriver at minst 3428 demonstranter er blitt drept i Iran siden 28. desember, og at tallet antakelig er langt h\u00f8yere.<\/p>\n<\/li>\n<\/ul>\n<ul>\n<li>Protestene er de mest omfattende i Iran siden protestene som oppsto h\u00f8sten 2022, da den kurdisk-iranske kvinnen Mahsa Jina Amini d\u00f8de etter \u00e5 ha v\u00e6rt i moralpolitiets varetekt.<\/li>\n<\/ul>\n<p>Informasjon hentet fra NTB.<\/p>\n<p>  \u2013 Tenker umiddelbart at det kunne v\u00e6rt mine barn<\/p>\n<p>I 2025 fikk Amundsen-Ansari og kona barn nummer to. Som far kjenner 38-\u00e5ringen situasjonen i hele kroppen.<\/p>\n<p>\u2013 N\u00e5r jeg ser det som rapporteres, og de f\u00e5 bildene som slipper gjennom, s\u00e5 tenker jeg umiddelbart p\u00e5 at det kunne v\u00e6rt mine barn. Her snakker vi om foreldre som pr\u00f8ver \u00e5 beskytte barna sine i et land der du kan bli straffet for \u00e5 protestere, for \u00e5 snakke, for \u00e5 v\u00e6re deg selv. Det som gj\u00f8r ekstra vondt er at det ogs\u00e5 rapporteres om barn blant de drepte. De f\u00e5 bildene som kommer ut er hjerteskj\u00e6rende, og de minner meg om hvor brutalt dette er, ikke bare politisk, men menneskelig.<\/p>\n<p>  <a href=\"https:\/\/www.h-a.no\/5-139-1763999\" class=\"related-teaser has-image default-story-teaser article--c-eRUmMG article--c-eRUmMG-jKCPdD-design-default\" rel=\"nofollow noopener\" target=\"_blank\"><\/p>\n<p>    <img decoding=\"async\" loading=\"lazy\"  src=\"https:\/\/www.europesays.com\/no\/wp-content\/uploads\/2026\/01\/merr.jfif.jpeg\" alt=\"\" class=\"brick-c-cFOWSL\" style=\"\"\/><\/p>\n<p>\n            Les ogs\u00e5<\/p>\n<p>              Da Mehran ikke fikk kontakt med moren p\u00e5 over et halvt d\u00f8gn, ble han livredd: \u2013 Mine foreldre betyr alt for meg\n        <\/p>\n<p>  <\/a><\/p>\n<p>En dag vil han gjerne vise fram Iran til sine etterkommere. Da m\u00e5 derimot situasjonen se annerledes ut.<\/p>\n<p>\u2013 Jeg vil ta barna mine med til Iran en dag, men ikke til et land der de m\u00e5 l\u00e6re stillhet f\u00f8r spr\u00e5k, eller frykt f\u00f8r frihet. Jeg vil ta dem til et Iran der de kan v\u00e6re trygge, frie og ha verdighet.<\/p>\n<p>Ber om norsk tydelighet<\/p>\n<p>Utenriksminister Espen Barth Eide omtalte bildene fra Iran som \u00abrystende\u00bb til NTB s\u00f8ndag. Samtidig ford\u00f8mte han den \u00abekstreme volden mot legitime protester\u00bb og krevde at Iran umiddelbart stanser volden, respekterer menneskerettighetene og sikrer fri og uhindret tilgang til informasjon.<\/p>\n<p>Amundsen-Ansari \u00f8nsker at flere nordmenn kan ta ordet om situasjonen som utspiller seg i Iran.<\/p>\n<p>\u2013 Norge og norske stemmer m\u00e5 t\u00f8rre \u00e5 v\u00e6re tydelige. Hvis menneskerettigheter virkelig skal v\u00e6re universelle verdier, kan vi ikke m\u00f8te Irans frihetskamp med stillhet eller forsiktige standardformuleringer. Norske myndigheter m\u00e5 v\u00e6re klarere, men ogs\u00e5 norske profiler og alle med en plattform m\u00e5 bruke stemmen sin.<\/p>\n<p>\u2013 N\u00e5r et regime slokker internett for \u00e5 skjule overgrep, og mennesker \u2013 ogs\u00e5 barn, if\u00f8lge rapporter, blir drept, da er taushet ikke n\u00f8ytralitet. Da er taushet et svik mot prinsippene vi sier vi st\u00e5r for.<\/p>\n<p>  <a href=\"https:\/\/www.h-a.no\/5-139-1911561\" class=\"related-teaser has-image default-story-teaser article--c-eRUmMG article--c-eRUmMG-jKCPdD-design-default\" rel=\"nofollow noopener\" target=\"_blank\"><\/p>\n<p>    <img decoding=\"async\" loading=\"lazy\"  src=\"https:\/\/www.europesays.com\/no\/wp-content\/uploads\/2026\/01\/EskilErvikF%C3%B8rsteDagerPaKontorettt.jpg\" alt=\"\" class=\"brick-c-cFOWSL\" style=\"\"\/><\/p>\n<p>\n            Les ogs\u00e5<\/p>\n<p>              Eskil har f\u00e5tt mange meldinger etter han fikk jobben: \u2013 Hyggelig, men n\u00e5 det begynner\n        <\/p>\n<p>  <\/a><\/p>\n<p>  <a href=\"https:\/\/www.h-a.no\/5-139-1817587\" class=\"related-teaser has-image default-story-teaser article--c-eRUmMG article--c-eRUmMG-jKCPdD-design-default\" rel=\"nofollow noopener\" target=\"_blank\"><\/p>\n<p>    <img decoding=\"async\" loading=\"lazy\"  src=\"https:\/\/www.europesays.com\/no\/wp-content\/uploads\/2026\/01\/asyl7.jpg\" alt=\"\" class=\"brick-c-cFOWSL\" style=\"\"\/><\/p>\n<p>\n            Les ogs\u00e5<\/p>\n<p>              Musa (32) fra uro og krig i Sudan til idyll p\u00e5 Fartbana\n        <\/p>\n<p>  <\/a><\/p>\n","protected":false},"excerpt":{"rendered":"\u2013 Det \u00e5 ikke f\u00e5 tak i mennesker du er glad i, og ikke vite om de er&hellip;\n","protected":false},"author":2,"featured_media":139248,"comment_status":"","ping_status":"","sticky":false,"template":"","format":"standard","meta":{"footnotes":""},"categories":[12],"tags":[36,20,21,1417,24,25,1552,870,15,3228,22,23,13,30,28,29,14,16,41,83,1510,26,27,42,43,44,45],"class_list":{"0":"post-139247","1":"post","2":"type-post","3":"status-publish","4":"format-standard","5":"has-post-thumbnail","7":"category-verden","8":"tag-art","9":"tag-breaking-news","10":"tag-breakingnews","11":"tag-demonstrasjon","12":"tag-featured-news","13":"tag-featurednews","14":"tag-hamar","15":"tag-hamkam","16":"tag-headlines","17":"tag-iran","18":"tag-latest-news","19":"tag-latestnews","20":"tag-news","21":"tag-no","22":"tag-norge","23":"tag-norway","24":"tag-nyheter","25":"tag-overskrifter","26":"tag-politikk","27":"tag-sport","28":"tag-story","29":"tag-top-stories","30":"tag-topstories","31":"tag-verden","32":"tag-world","33":"tag-world-news","34":"tag-worldnews"},"share_on_mastodon":{"url":"https:\/\/pubeurope.com\/@no\/115905292192130778","error":""},"_links":{"self":[{"href":"https:\/\/www.europesays.com\/no\/wp-json\/wp\/v2\/posts\/139247","targetHints":{"allow":["GET"]}}],"collection":[{"href":"https:\/\/www.europesays.com\/no\/wp-json\/wp\/v2\/posts"}],"about":[{"href":"https:\/\/www.europesays.com\/no\/wp-json\/wp\/v2\/types\/post"}],"author":[{"embeddable":true,"href":"https:\/\/www.europesays.com\/no\/wp-json\/wp\/v2\/users\/2"}],"replies":[{"embeddable":true,"href":"https:\/\/www.europesays.com\/no\/wp-json\/wp\/v2\/comments?post=139247"}],"version-history":[{"count":0,"href":"https:\/\/www.europesays.com\/no\/wp-json\/wp\/v2\/posts\/139247\/revisions"}],"wp:featuredmedia":[{"embeddable":true,"href":"https:\/\/www.europesays.com\/no\/wp-json\/wp\/v2\/media\/139248"}],"wp:attachment":[{"href":"https:\/\/www.europesays.com\/no\/wp-json\/wp\/v2\/media?parent=139247"}],"wp:term":[{"taxonomy":"category","embeddable":true,"href":"https:\/\/www.europesays.com\/no\/wp-json\/wp\/v2\/categories?post=139247"},{"taxonomy":"post_tag","embeddable":true,"href":"https:\/\/www.europesays.com\/no\/wp-json\/wp\/v2\/tags?post=139247"}],"curies":[{"name":"wp","href":"https:\/\/api.w.org\/{rel}","templated":true}]}}