{"id":139255,"date":"2026-01-16T14:46:50","date_gmt":"2026-01-16T14:46:50","guid":{"rendered":"https:\/\/www.europesays.com\/no\/139255\/"},"modified":"2026-01-16T14:46:50","modified_gmt":"2026-01-16T14:46:50","slug":"russland-ukraina-forsker-om-ukraina-krigen-tiden-er-ikke-pa-russlands-side","status":"publish","type":"post","link":"https:\/\/www.europesays.com\/no\/139255\/","title":{"rendered":"Russland, Ukraina | Forsker om Ukraina-krigen: \u2013 Tiden er ikke p\u00e5 Russlands side"},"content":{"rendered":"\n<p>\u2013 Den russiske \u00f8konomien vil sannsynligvis g\u00e5 i minus i 2026, sier Smidt til NTB.<\/p>\n<p>Blant annet sanksjonene har f\u00f8rt til et \u00f8konomisk fall p\u00e5 8 prosent.<\/p>\n<p><b>Les ogs\u00e5:<\/b> <a rel=\"Follow nofollow noopener\" href=\"https:\/\/www.nettavisen.no\/nyheter\/har-testet-norske-styrker-mot-russiske-droner-er-helt-uunnvarlige\/s\/5-95-2824627\" target=\"_blank\">Har \u00abtestet\u00bb norske styrker mot russiske: \u2013 Droner er helt uunnv\u00e6rlige<\/a><\/p>\n<p>Det kan f\u00e5 stor betydning for den russiske krigsmaskinen. Russlands evne til \u00e5 produsere nytt milit\u00e6rmateriell er p\u00e5 vei ned og vil trolig bli ytterligere svekket i \u00e5r, opplyste Smidt p\u00e5 et Nupi-seminar onsdag.<\/p>\n<p>Der var overskriften om det er h\u00e5p om en ende p\u00e5 krigen i Ukraina.<\/p>\n<p>\u2013 Smerter veldig<\/p>\n<p>Sp\u00f8rsm\u00e5let er hvor lenge Russland vil holde ut, mener Smidt.<\/p>\n<p>\u2013 Russland har tiden mot sin side. Det er mange indikatorer som peker mot at krigen n\u00e5 begynner \u00e5 smerte veldig for den russiske \u00f8konomien, sier han til NTB og utdyper:<\/p>\n<p>* Bonusene til dem som verver seg til det milit\u00e6re, er blitt redusert med tre firedeler.<\/p>\n<p>* Russland har nesten brukt opp sitt \u00aboljefond\u00bb \u2013 National Welfare Fund.<\/p>\n<p>* Bilindustrien har falt med 40 prosent.<\/p>\n<p>* Det produseres ikke tilstrekkelig materiell til \u00e5 holde jernbanen, som er avgj\u00f8rende for b\u00e5de industri og samfunnsliv, ved like.<\/p>\n<p>\u2013 Dette er tydelige indikasjoner p\u00e5 at \u00f8konomien ikke t\u00e5ler \u00e5 bruke s\u00e5 mye penger p\u00e5 krig lenger, sier Smidt.<\/p>\n<p>\u2013 Hvor mye betyr st\u00f8tten fra Kina?<\/p>\n<p>\u2013 Kina har hjulpet Russland med \u00e5 holde ting i gang, men Kina gir ingenting gratis.<\/p>\n<p>    Vil du se neste video?<\/p>\n<p>    <a href=\"https:\/\/www.nettavisen.no\/nyheter\/john-healey-sjokkerer-vil-kidnappe-putin\/v\/5-95-2819899\" class=\"recommend-poster\" data-adp-clicklabel=\"video-recommend\" data-adp-clickvalue=\"poster\" rel=\"nofollow noopener\" target=\"_blank\"><br \/>\n      <img decoding=\"async\" width=\"200\" height=\"200\" loading=\"lazy\" src=\"https:\/\/www.europesays.com\/no\/wp-content\/uploads\/2026\/01\/John+Healey+front.jpg\" alt=\"\" class=\"brick-c-cFOWSL\" style=\"--brick-image-ratio: 200 \/ 200;\"\/><\/p>\n<p>Sjokkerer: Vil kidnappe Putin0:43<\/p>\n<p>    <\/a><\/p>\n<p>Mulighetsrom for Ukraina<\/p>\n<p>Situasjonen i Russland gir muligheter for Ukraina, mener Smidt.<\/p>\n<p>\u2013 Dersom Vest-Europa \u00f8ker st\u00f8tten til Ukraina, s\u00e5 er det en reell mulighet for at Ukraina kan begynne \u00e5 f\u00e5 overtak p\u00e5 viktige omr\u00e5der milit\u00e6rt sett. Hvis den russiske kampkraften og det russiske forsvaret f\u00e5r en knekk n\u00e5, og det begynner \u00e5 g\u00e5 relativt mye nedover, s\u00e5 er det et mulighetsrom.<\/p>\n<p>Det kan gi Ukraina sterkere kort p\u00e5 h\u00e5nden ved et forhandlingsbord.<\/p>\n<p><b>Les ogs\u00e5:<\/b> <a rel=\"Follow nofollow noopener\" href=\"https:\/\/www.nettavisen.no\/nyheter\/russland-bruker-kulda-som-vapen\/s\/5-95-2824473\" target=\"_blank\">Russland bruker kulda som v\u00e5pen: \u2013 Mistet str\u00f8mmen i 25 timer<\/a><\/p>\n<p>Men forutsetningen er alts\u00e5 at europeiske land \u00f8ker st\u00f8tten kraftig. I en <a href=\"https:\/\/www.nupi.no\/publikasjoner\/cristin-pub\/to-scenarier-for-krigen-i-ukraina-hva-betyr-de-for-europa-og-hva-vil-det-koste\" rel=\"nofollow noopener\" target=\"_blank\">Nupi-rapport<\/a> f\u00f8r jul konkluderte Smidt og andre forskere med at Europa m\u00e5 tr\u00e5 til med minst 600 til 800 milliarder euro de neste fire \u00e5rene.<\/p>\n<p>\u2013 Vi m\u00e5 gi Ukraina mulighet til \u00e5 lykkes gjennom \u00e5 gi dem tungt og ikke minst nok materiell. De trenger alt, sier Smidt.<\/p>\n<p>    N\u00f8kkel: Uh\u00e5ndterlige kostnader<\/p>\n<p>De siste m\u00e5nedene har det v\u00e6rt hektisk aktivitet fra USA og Europa for \u00e5 f\u00e5 en reell fredsprosess p\u00e5 beina.<\/p>\n<p>Men en viktig n\u00f8kkel for \u00e5 f\u00e5 slutt p\u00e5 krigen er at kostnadene blir uh\u00e5ndterbare for Russland, if\u00f8lge forskeren.<\/p>\n<p>Det kan true maktposisjonen til president Vladimir Putin.<\/p>\n<p>\u2013 Putin og hans n\u00e6rmeste krets m\u00e5 ta en vurdering av risikoen for egen maktposisjon ved \u00e5 fortsette, versus \u00e5 stoppe krigen der vi er n\u00e5, sier Smidt.<\/p>\n<p>\u2013 Tror du det blir en fred i 2026?<\/p>\n<p>\u2013 Det er vanskelig \u00e5 si. Men jeg tror at sannsynligheten er mye st\u00f8rre enn den var i fjor, sier Smidt.<\/p>\n<p>    Vil du se neste video?<\/p>\n<p>    <a href=\"https:\/\/www.nettavisen.no\/nyheter\/john-healey-sjokkerer-vil-kidnappe-putin\/v\/5-95-2819899\" class=\"recommend-poster\" data-adp-clicklabel=\"video-recommend\" data-adp-clickvalue=\"poster\" rel=\"nofollow noopener\" target=\"_blank\"><br \/>\n      <img decoding=\"async\" width=\"200\" height=\"200\" loading=\"lazy\" src=\"https:\/\/www.europesays.com\/no\/wp-content\/uploads\/2026\/01\/John+Healey+front.jpg\" alt=\"\" class=\"brick-c-cFOWSL\" style=\"--brick-image-ratio: 200 \/ 200;\"\/><\/p>\n<p>Sjokkerer: Vil kidnappe Putin0:43<\/p>\n<p>    <\/a><\/p>\n<p>Ukrainerne tilpasser seg<\/p>\n<p>Samtidig viser ukrainerne overraskende motstandsdyktighet, if\u00f8lge forsker Oleksandra Deineko ved Oslo Met, som selv er ukrainer.<\/p>\n<p>\u2013 Ferske m\u00e5linger viser at folk tilpasser seg krigen og har g\u00e5tt fra skuffelse til motstandskraft. Det har skjedd en psykologisk tilpasning, fortalte hun en fullsatt sal p\u00e5 Nupi-seminaret.<\/p>\n<p>\u2013 Flere ser n\u00e5 mer positivt p\u00e5 Ukrainas framtid, sier hun.<\/p>\n<p>I tillegg sier flere \u2013 seks av ti \u2013 at de har tillit til president Volodymyr Zelenskyj, trass i flere korrupsjonsskandaler det siste halv\u00e5ret, opplyser Deineko.<\/p>\n<p><b>Les ogs\u00e5:<\/b> <a rel=\"Follow nofollow noopener\" href=\"https:\/\/www.nettavisen.no\/nyheter\/ukraina-evakuerer-barnefamilier-fra-fronten\/s\/5-95-2824392\" target=\"_blank\">Ukraina evakuerer barnefamilier fra fronten<\/a><\/p>\n<p>Derimot m\u00f8tte Zelenskyj kraftig motstand da han f\u00f8r jul testet ukrainernes villighet til \u00e5 gi fra seg land i bytte mot fred.<\/p>\n<p>\u2013 Zelenskyj vil ikke f\u00e5 noe mandat til \u00e5 avst\u00e5 territorier, sl\u00e5r Deineko fast.<\/p>\n<p>(\u00a9NTB)<\/p>\n","protected":false},"excerpt":{"rendered":"\u2013 Den russiske \u00f8konomien vil sannsynligvis g\u00e5 i minus i 2026, sier Smidt til NTB. Blant annet sanksjonene&hellip;\n","protected":false},"author":2,"featured_media":139256,"comment_status":"","ping_status":"","sticky":false,"template":"","format":"standard","meta":{"footnotes":""},"categories":[12],"tags":[20,21,24,25,15,22,23,13,30,28,29,14,16,26,27,42,43,44,45],"class_list":{"0":"post-139255","1":"post","2":"type-post","3":"status-publish","4":"format-standard","5":"has-post-thumbnail","7":"category-verden","8":"tag-breaking-news","9":"tag-breakingnews","10":"tag-featured-news","11":"tag-featurednews","12":"tag-headlines","13":"tag-latest-news","14":"tag-latestnews","15":"tag-news","16":"tag-no","17":"tag-norge","18":"tag-norway","19":"tag-nyheter","20":"tag-overskrifter","21":"tag-top-stories","22":"tag-topstories","23":"tag-verden","24":"tag-world","25":"tag-world-news","26":"tag-worldnews"},"share_on_mastodon":{"url":"https:\/\/pubeurope.com\/@no\/115905327436272600","error":""},"_links":{"self":[{"href":"https:\/\/www.europesays.com\/no\/wp-json\/wp\/v2\/posts\/139255","targetHints":{"allow":["GET"]}}],"collection":[{"href":"https:\/\/www.europesays.com\/no\/wp-json\/wp\/v2\/posts"}],"about":[{"href":"https:\/\/www.europesays.com\/no\/wp-json\/wp\/v2\/types\/post"}],"author":[{"embeddable":true,"href":"https:\/\/www.europesays.com\/no\/wp-json\/wp\/v2\/users\/2"}],"replies":[{"embeddable":true,"href":"https:\/\/www.europesays.com\/no\/wp-json\/wp\/v2\/comments?post=139255"}],"version-history":[{"count":0,"href":"https:\/\/www.europesays.com\/no\/wp-json\/wp\/v2\/posts\/139255\/revisions"}],"wp:featuredmedia":[{"embeddable":true,"href":"https:\/\/www.europesays.com\/no\/wp-json\/wp\/v2\/media\/139256"}],"wp:attachment":[{"href":"https:\/\/www.europesays.com\/no\/wp-json\/wp\/v2\/media?parent=139255"}],"wp:term":[{"taxonomy":"category","embeddable":true,"href":"https:\/\/www.europesays.com\/no\/wp-json\/wp\/v2\/categories?post=139255"},{"taxonomy":"post_tag","embeddable":true,"href":"https:\/\/www.europesays.com\/no\/wp-json\/wp\/v2\/tags?post=139255"}],"curies":[{"name":"wp","href":"https:\/\/api.w.org\/{rel}","templated":true}]}}