{"id":139265,"date":"2026-01-16T14:54:07","date_gmt":"2026-01-16T14:54:07","guid":{"rendered":"https:\/\/www.europesays.com\/no\/139265\/"},"modified":"2026-01-16T14:54:07","modified_gmt":"2026-01-16T14:54:07","slug":"moteulykke-i-ullensvang-bil-mot-buss-nrk-vestland","status":"publish","type":"post","link":"https:\/\/www.europesays.com\/no\/139265\/","title":{"rendered":"M\u00f8teulykke i Ullensvang \u2013 bil mot buss \u2013 NRK Vestland"},"content":{"rendered":"<p>Ein personbil og ein buss var involvert i ei m\u00f8teulykke p\u00e5 E134 i Ullensvang i Vestland fredag ettermiddag.<\/p>\n<p>\u2013 Det er opplyst om fire personar i bussen, alle desse hevdar seg uskadd, seier operasjonsleiar Dan Erik Johannesen i Vest politidistrikt.<\/p>\n<p><strong>Det var tre personar i personbilen. Ein av desse er sendt til Haukeland med luftambulanse, medan dei to andre blir frakta til sjukehus av vanleg ambulanse.<\/strong><\/p>\n<p>Alle tre var vakne og oppeg\u00e5ande, melde politiet klokka 13.14.<\/p>\n<p>Store materielle skader<\/p>\n<p>110 Vest blei varsla om hendinga klokka 12.54.<\/p>\n<p>\u2013 Me fekk ein e-call fr\u00e5 ein av bilane, like etterp\u00e5 fekk me trippelvarsling, seier vaktleiar Jostein Steinsland-Hauge i 110 Vest.<\/p>\n<p><strong>Han seier det er store materielle skader p\u00e5 b\u00e5de personbil og buss.<\/strong><\/p>\n<p>Men det ser ikkje ut til \u00e5 vere fare for brann.<\/p>\n<p>\u2013 Me har m\u00e5lt temperatur p\u00e5 begge k\u00f8yret\u00f8ya, utan store utslag, seier han.<\/p>\n<p>Den involverte bussen skal vere ein elektrisk buss.<\/p>\n<p>\u2013 Me har kopla ut straumen p\u00e5 driftsbatteria s\u00e5 ikkje bussen skal begynne \u00e5 k\u00f8yre av seg sj\u00f8lv, seier Steinsland-Hauge.<\/p>\n<p>Tide stadfestar at det er ein av deira bussar som har vore involvert i ulukka.<\/p>\n<p>\u2013 Per no jobbar me med \u00e5 hjelpe naudetatane og f\u00e5 oversikt, seier pressekontakt Harald Hella.<\/p>\n<p><img decoding=\"async\"   src=\"data:image\/gif;base64,R0lGODlhAQABAIAAAAAAAP\/\/\/yH5BAEAAAAALAAAAAABAAEAAAIBRAA7\" loading=\"eager\" alt=\"stor brannbil med sn\u00f8 p\u00e5 taket. Ved sidan av st\u00e5r ein politimann. Bak dei er det bik\u00f8. \" title=\"Foto: Tale Hauso \/ NRK\"\/><\/p>\n<p class=\"\">Brannvesenet melde om store materielle skader p\u00e5 begge k\u00f8yret\u00f8ya. Ingen av bilane p\u00e5 bildet var involvert i ulykka.<\/p>\n<p>Foto: Tale Hauso \/ NRK<\/p>\n<p>Vegen kan bli stengt<\/p>\n<p>Ulykka har skjedd p\u00e5 E134 ved Grastj\u00f8rn, s\u00f8r for Skare i Ullensvang.<\/p>\n<p>Vegtrafikksentralen Vest melder at vegen kan bli stengd i periodar.<\/p>\n<p>\u2013 Vegen er ikkje stengt, men det er fare for stenging, seier trafikkoperat\u00f8r J\u00f8rgen B\u00f8dtker.<\/p>\n<p><img decoding=\"async\"   src=\"data:image\/gif;base64,R0lGODlhAQABAIAAAAAAAP\/\/\/yH5BAEAAAAALAAAAAABAAEAAAIBRAA7\" loading=\"eager\" alt=\"k\u00f8 av seks bilar p\u00e5 slapsef\u00f8re. Mann i gul jakke ved eine bilen.\" title=\"Foto: Tale Hauso \/ NRK\"\/><\/p>\n<p class=\"\">NRKs reporter p\u00e5 staden melder at det har begynt \u00e5 danne seg litt k\u00f8 p\u00e5 staden. Det er slapsef\u00f8re og glatt. Desse bilane st\u00e5r i k\u00f8, og var ikkje involvert i ulykka.<\/p>\n<p>Foto: Tale Hauso \/ NRK<\/p>\n<p>Politiet sin innsatsleiar p\u00e5 staden Vidar Litle-Karls\u00f8y seier det er veldig glatt i omr\u00e5det.<\/p>\n<p><strong>\u2013 Det er akkurat p\u00e5 frysepunktet, og det er typisk veldig farleg, seier han.<\/strong><\/p>\n<p>\u2013 Det er ein s\u00f8rpete \u00abslush\u00bb, som fort tar styring p\u00e5 dekka, legg han til, og oppmodar trafikantar til \u00e5 f\u00f8lge trafikkmeldingar p\u00e5 radio.<\/p>\n<p>E134 har vore stengt litt lenger s\u00f8r, ved Korlevoll, p\u00e5 grunn av berging av eit vogntog.<\/p>\n<p>Bergingsbilen er no ferdig med det oppdraget og har kome til ulykkesstaden, melder NRKs reporter p\u00e5 staden klokka 15.10.<\/p>\n<p>Publisert<\/p>\n<p>16.01.2026, kl. 13.38<\/p>\n<p>Oppdatert<\/p>\n<p>16.01.2026, kl. 15.46<\/p>\n","protected":false},"excerpt":{"rendered":"Ein personbil og ein buss var involvert i ei m\u00f8teulykke p\u00e5 E134 i Ullensvang i Vestland fredag ettermiddag.&hellip;\n","protected":false},"author":2,"featured_media":139266,"comment_status":"","ping_status":"","sticky":false,"template":"","format":"standard","meta":{"footnotes":""},"categories":[10],"tags":[20,21,24,25,15,22,23,13,30,28,29,14,16,26,27],"class_list":{"0":"post-139265","1":"post","2":"type-post","3":"status-publish","4":"format-standard","5":"has-post-thumbnail","7":"category-norge","8":"tag-breaking-news","9":"tag-breakingnews","10":"tag-featured-news","11":"tag-featurednews","12":"tag-headlines","13":"tag-latest-news","14":"tag-latestnews","15":"tag-news","16":"tag-no","17":"tag-norge","18":"tag-norway","19":"tag-nyheter","20":"tag-overskrifter","21":"tag-top-stories","22":"tag-topstories"},"share_on_mastodon":{"url":"https:\/\/pubeurope.com\/@no\/115905354930799272","error":""},"_links":{"self":[{"href":"https:\/\/www.europesays.com\/no\/wp-json\/wp\/v2\/posts\/139265","targetHints":{"allow":["GET"]}}],"collection":[{"href":"https:\/\/www.europesays.com\/no\/wp-json\/wp\/v2\/posts"}],"about":[{"href":"https:\/\/www.europesays.com\/no\/wp-json\/wp\/v2\/types\/post"}],"author":[{"embeddable":true,"href":"https:\/\/www.europesays.com\/no\/wp-json\/wp\/v2\/users\/2"}],"replies":[{"embeddable":true,"href":"https:\/\/www.europesays.com\/no\/wp-json\/wp\/v2\/comments?post=139265"}],"version-history":[{"count":0,"href":"https:\/\/www.europesays.com\/no\/wp-json\/wp\/v2\/posts\/139265\/revisions"}],"wp:featuredmedia":[{"embeddable":true,"href":"https:\/\/www.europesays.com\/no\/wp-json\/wp\/v2\/media\/139266"}],"wp:attachment":[{"href":"https:\/\/www.europesays.com\/no\/wp-json\/wp\/v2\/media?parent=139265"}],"wp:term":[{"taxonomy":"category","embeddable":true,"href":"https:\/\/www.europesays.com\/no\/wp-json\/wp\/v2\/categories?post=139265"},{"taxonomy":"post_tag","embeddable":true,"href":"https:\/\/www.europesays.com\/no\/wp-json\/wp\/v2\/tags?post=139265"}],"curies":[{"name":"wp","href":"https:\/\/api.w.org\/{rel}","templated":true}]}}