{"id":139279,"date":"2026-01-16T15:08:12","date_gmt":"2026-01-16T15:08:12","guid":{"rendered":"https:\/\/www.europesays.com\/no\/139279\/"},"modified":"2026-01-16T15:08:12","modified_gmt":"2026-01-16T15:08:12","slug":"boligmarkedet-korttidsutleie-hvem-tjener-egentlig-pa-strengere-regler-for-korttidsutleie","status":"publish","type":"post","link":"https:\/\/www.europesays.com\/no\/139279\/","title":{"rendered":"Boligmarkedet, Korttidsutleie | Hvem tjener egentlig p\u00e5 strengere regler for korttidsutleie?"},"content":{"rendered":"\n<p><b>Likevel opplever vi n\u00e5 \u00e5 bli gjort ansvarlige for en boligkrise vi verken har skapt eller har ansvar for \u00e5 l\u00f8se.<\/b><\/p>\n<p><b>Boligmangelen i Troms\u00f8<\/b> er ikke ny. Den eksisterte lenge f\u00f8r korttidsutleie ble utbredt, og er et resultat av for lite boligbygging over mange \u00e5r, treg planlegging og manglende kommunal kapasitet. Dette er et offentlig ansvar. Likevel er det n\u00e5 private, lokale utleiere som ser ut til \u00e5 m\u00e5tte ta regningen.<\/p>\n<p><b>Vi har allerede<\/b> et lovverk for korttidsutleie. I borettslag og sameier gjelder 90-dagersregelen. Problemet er ikke mangel p\u00e5 regler, men at kommunene har begrenset innsyn og f\u00e5 reelle sanksjonsmuligheter. H\u00e5ndhevingen blir derfor i stor grad klagebasert og tilfeldig.<\/p>\n<p><b>Likevel foresl\u00e5s<\/b> n\u00e5 nye, brede reguleringer \u2013 f\u00f8r man har styrket kommunenes evne til innsyn og m\u00e5lrettet h\u00e5ndheving av regelverket som allerede finnes. For meg fremst\u00e5r dette som d\u00e5rlig forvaltning.<\/p>\n<p><b>N\u00e5r reguleringene<\/b> blir mer omfattende og uforutsigbare, er det ikke de store akt\u00f8rene som f\u00f8rst gir seg. Det er de sm\u00e5. De som har \u00e9n eller to enheter, uten juridiske apparat eller store \u00f8konomiske marginer. N\u00e5r vi presses ut, forsvinner ikke turistene. Ettersp\u00f8rselen etter overnatting best\u00e5r.<\/p>\n<p><b>Resultatet blir<\/b> f\u00e6rre tilbud, h\u00f8yere priser \u2013 og et marked som i st\u00f8rre grad kontrolleres av kapitalsterke akt\u00f8rer. Erfaringer fra andre byer viser at streng regulering ikke gir billigere overnatting, men dyrere. Det vil Troms\u00f8 tape p\u00e5, n\u00e5r f\u00e6rre har r\u00e5d til \u00e5 reise hit.<\/p>\n<p><b>De rike blir rikere, mens vanlige folk presses ut.<\/b><\/p>\n<p>   <img decoding=\"async\" width=\"1200\" height=\"1200\" fetchpriority=\"low\"  loading=\"lazy\"  src=\"https:\/\/www.europesays.com\/no\/wp-content\/uploads\/2026\/01\/Henrik+N%C3%B8rve.jpg\" alt=\"\" class=\"brick-c-cFOWSL\" style=\"--brick-image-ratio: 1200 \/ 1200;\"\/><\/p>\n<p>      KRONIKKFORFATTER: Henrik N\u00f8rve |<br \/>\n      Foto: Privat\n    <\/p>\n<p><b>Det er heller<\/b> ingen hemmelighet at store hotellkjeder i \u00e5revis har \u00f8nsket strengere regulering av korttidsutleie. Nye, brede innstramminger vil i praksis gagne akt\u00f8rer som allerede er rigget for tung regulering \u2013 og som b\u00e5de har ressurser og interesse av \u00e5 p\u00e5virke utviklingen i denne retningen. N\u00e5r sm\u00e5, lokale utleiere forsvinner, er det i stor grad disse som sitter igjen.<\/p>\n<p><b>Det snakkes <\/b>ogs\u00e5 lite om hvem som faktisk sitter igjen lokalt. Mange av hotellene i Troms\u00f8 eies av store kjeder, ofte med hovedkontor utenfor byen. Overskudd og beslutningsmakt flyttes ut, mens belastningene blir igjen her. Det er vanskelig \u00e5 se hvordan dette gagner Troms\u00f8 som lokalsamfunn.<\/p>\n<p><b>For dette handler om mer enn boligpolitikk<\/b>. <b>Det handler om samfunnskontrakten rundt turisme.<\/b><\/p>\n<p><b>Vi som bor her<\/b> lever med \u00f8kt trafikk, st\u00f8y, press p\u00e5 infrastruktur og endrede n\u00e6rmilj\u00f8. Dette har v\u00e6rt mulig \u00e5 akseptere fordi noe av verdiskapingen ogs\u00e5 har blitt igjen lokalt. N\u00e5r jeg b\u00e5de skal ta belastningen og miste muligheten til \u00e5 tjene p\u00e5 turistene, begynner det \u00e6rlig talt \u00e5 f\u00f8les meningsl\u00f8st.<\/p>\n<p><b>Et poeng<\/b> som sjelden nevnes, er hvordan korttidsutleie faktisk har bidratt positivt til bygningsmassen i Troms\u00f8. Mange gamle eneboliger og slitne leiligheter er blitt totalrenovert fordi korttidsutleie har gjort det \u00f8konomisk mulig.<\/p>\n<p><b>Skal korttidsutleie<\/b> reguleres, m\u00e5 det gj\u00f8res treffsikkert og rettferdig:<\/p>\n<ul>\n<li>F\u00f8r nye reguleringer innf\u00f8res, m\u00e5 kommunene f\u00e5 reelle verkt\u00f8y til innsyn og h\u00e5ndheving av regelverket som allerede finnes.<\/li>\n<li>Det m\u00e5 skilles tydelig mellom sm\u00e5, lokale utleiere og kommersiell masseutleie<\/li>\n<li>Lokal verdiskaping m\u00e5 tas p\u00e5 alvor<\/li>\n<\/ul>\n<p><b>Hvis ikke <\/b>ender vi opp med politikk som rammer bredt \u2013 men treffer feil.<\/p>\n<p><b>Da presses<\/b> sm\u00e5folk ut, de rikeste sitter igjen, og Troms\u00f8 f\u00e5r regningen.<\/p>\n","protected":false},"excerpt":{"rendered":"Likevel opplever vi n\u00e5 \u00e5 bli gjort ansvarlige for en boligkrise vi verken har skapt eller har ansvar&hellip;\n","protected":false},"author":2,"featured_media":139280,"comment_status":"","ping_status":"","sticky":false,"template":"","format":"standard","meta":{"footnotes":""},"categories":[10],"tags":[36,9547,1259,7995,20,21,24,25,15,1707,22,23,13,30,28,29,14,1533,16,26,27,15660],"class_list":{"0":"post-139279","1":"post","2":"type-post","3":"status-publish","4":"format-standard","5":"has-post-thumbnail","7":"category-norge","8":"tag-art","9":"tag-boligmangel","10":"tag-boligmarkedet","11":"tag-boligpolitikk","12":"tag-breaking-news","13":"tag-breakingnews","14":"tag-featured-news","15":"tag-featurednews","16":"tag-headlines","17":"tag-korttidsutleie","18":"tag-latest-news","19":"tag-latestnews","20":"tag-news","21":"tag-no","22":"tag-norge","23":"tag-norway","24":"tag-nyheter","25":"tag-opinion","26":"tag-overskrifter","27":"tag-top-stories","28":"tag-topstories","29":"tag-tromso-turismen"},"share_on_mastodon":{"url":"https:\/\/pubeurope.com\/@no\/115905410022736209","error":""},"_links":{"self":[{"href":"https:\/\/www.europesays.com\/no\/wp-json\/wp\/v2\/posts\/139279","targetHints":{"allow":["GET"]}}],"collection":[{"href":"https:\/\/www.europesays.com\/no\/wp-json\/wp\/v2\/posts"}],"about":[{"href":"https:\/\/www.europesays.com\/no\/wp-json\/wp\/v2\/types\/post"}],"author":[{"embeddable":true,"href":"https:\/\/www.europesays.com\/no\/wp-json\/wp\/v2\/users\/2"}],"replies":[{"embeddable":true,"href":"https:\/\/www.europesays.com\/no\/wp-json\/wp\/v2\/comments?post=139279"}],"version-history":[{"count":0,"href":"https:\/\/www.europesays.com\/no\/wp-json\/wp\/v2\/posts\/139279\/revisions"}],"wp:featuredmedia":[{"embeddable":true,"href":"https:\/\/www.europesays.com\/no\/wp-json\/wp\/v2\/media\/139280"}],"wp:attachment":[{"href":"https:\/\/www.europesays.com\/no\/wp-json\/wp\/v2\/media?parent=139279"}],"wp:term":[{"taxonomy":"category","embeddable":true,"href":"https:\/\/www.europesays.com\/no\/wp-json\/wp\/v2\/categories?post=139279"},{"taxonomy":"post_tag","embeddable":true,"href":"https:\/\/www.europesays.com\/no\/wp-json\/wp\/v2\/tags?post=139279"}],"curies":[{"name":"wp","href":"https:\/\/api.w.org\/{rel}","templated":true}]}}