{"id":139289,"date":"2026-01-16T15:17:09","date_gmt":"2026-01-16T15:17:09","guid":{"rendered":"https:\/\/www.europesays.com\/no\/139289\/"},"modified":"2026-01-16T15:17:09","modified_gmt":"2026-01-16T15:17:09","slug":"kvinne-funnet-dod-i-veibanen-dagbladet","status":"publish","type":"post","link":"https:\/\/www.europesays.com\/no\/139289\/","title":{"rendered":"Kvinne funnet d\u00f8d i veibanen &#8211; Dagbladet"},"content":{"rendered":"<ol>\n<li><a href=\"https:\/\/news.google.com\/rss\/articles\/CBMiekFVX3lxTE5UcGJZTk9vVWZFeXI4d0FNa1E2SDE4Zm53aHdMLVE2eXljazlnR3cxVHh3d05ZMERkelVlbzdPOWRYVm5mYWxGLXBQd0R6R1Bid1pKSGRuQ2FvMkpoYk1YcnFBWEVOcWZuZ3pXX3NFdkdMazQwMnhLYTZn?oc=5\" target=\"_blank\" rel=\"nofollow noopener\">Kvinne funnet d\u00f8d i veibanen<\/a>&nbsp;&nbsp;Dagbladet<\/li>\n<li><a href=\"https:\/\/news.google.com\/rss\/articles\/CBMigwFBVV95cUxOZXVVdGJxMTJqaHIxNm5semNFdEdvc09uZVFBNWVKNlBZMXhCNE5JVDY1bmEwQjFnWGZ3ZVpQRVZuX0hYTzR4YUdMVjVLZTZqTXBjZDZKTzBGOHpuSnM0ckp2eTAyd2VnTHA2b3g2dl9YT0dkMm1oX1ZDaC1oMjlxYmJaTQ?oc=5\" target=\"_blank\" rel=\"nofollow noopener\">En person omkom etter p\u00e5kj\u00f8rsel p\u00e5 E6 \u2013 Stor-Oslo<\/a>&nbsp;&nbsp;NRK<\/li>\n<li><a href=\"https:\/\/news.google.com\/rss\/articles\/CBMimwFBVV95cUxQcTVoWHRkRXo0cmc2Zmh1TmpRQ3hTQXV4ci1PN1hWRnRSRk9oOFdmZ29FSlJsMlY3VHYtU0tpMTBTQVk4dWU4VVk0SFpkbGJ1R0lSRmxHWTU0eXdaRE9uMG5OMGlwZjhMRml4aE1jLUNKNEZzZ202cm9ub3FRM1dYUmhqT2RrWXdzOWdnUjJOaU0xZkVQWHBOTlRrQQ?oc=5\" target=\"_blank\" rel=\"nofollow noopener\">E6, Trafikk | Politiet har \u00e5pnet E6 i s\u00f8rg\u00e5ende retning igjen<\/a>&nbsp;&nbsp;Romerikes Blad<\/li>\n<li><a href=\"https:\/\/news.google.com\/rss\/articles\/CBMieEFVX3lxTE50OUlSN04yN3pGY0RoNnVFTWtTNmdUWVNrbXc3OXFVeDVxRUZZUGZxSDBSanN6bVJBQmttWHBuMTFwT3ZUdHJ6elk2X3RBSFFQcXVNOFhCNWVCTE9LbTRaNURsS2xEUk50cWZublp2QkEyUnNCajJ4NQ?oc=5\" target=\"_blank\" rel=\"nofollow noopener\">Kvinne d\u00f8de: P\u00e5kj\u00f8rt av vogntog \u2013 slept ut p\u00e5 E6<\/a>&nbsp;&nbsp;Nettavisen<\/li>\n<li><a href=\"https:\/\/news.google.com\/rss\/articles\/CBMilAFBVV95cUxOMDhJYXF3TVRGV1N6Z2hkVnZIaUZNczE3aXNHS1lhYjNkYUwwZnRVN2dlUXgxd2wyM3drUmxJcmE0VFAzNkp6bGFOTnF6dlVBamFVdmpRZDRfWEZKQWFoTk1ESEtmeC1wME8xd3R6dWFabGVhbDBpV0RONHBaaWJRbjJXVU9wNU1JaDAxTjFuSjA0eFYt?oc=5\" target=\"_blank\" rel=\"nofollow noopener\">D\u00f8d kvinne i veibanen p\u00e5 E6 \u2013 ble p\u00e5kj\u00f8rt et annet sted<\/a>&nbsp;&nbsp;TV2.no<\/li>\n<\/ol>\n","protected":false},"excerpt":{"rendered":"Kvinne funnet d\u00f8d i veibanen&nbsp;&nbsp;Dagbladet En person omkom etter p\u00e5kj\u00f8rsel p\u00e5 E6 \u2013 Stor-Oslo&nbsp;&nbsp;NRK E6, Trafikk | Politiet&hellip;\n","protected":false},"author":2,"featured_media":139290,"comment_status":"","ping_status":"","sticky":false,"template":"","format":"standard","meta":{"footnotes":""},"categories":[5],"tags":[20,21,24,25,15,19,2539,22,23,17,18,13,30,28,29,14,16,26,27],"class_list":{"0":"post-139289","1":"post","2":"type-post","3":"status-publish","4":"format-standard","5":"has-post-thumbnail","7":"category-overskrifter","8":"tag-breaking-news","9":"tag-breakingnews","10":"tag-featured-news","11":"tag-featurednews","12":"tag-headlines","13":"tag-hovedoppslag","14":"tag-innenriks","15":"tag-latest-news","16":"tag-latestnews","17":"tag-main-news","18":"tag-mainnews","19":"tag-news","20":"tag-no","21":"tag-norge","22":"tag-norway","23":"tag-nyheter","24":"tag-overskrifter","25":"tag-top-stories","26":"tag-topstories"},"share_on_mastodon":{"url":"https:\/\/pubeurope.com\/@no\/115905445505639137","error":""},"_links":{"self":[{"href":"https:\/\/www.europesays.com\/no\/wp-json\/wp\/v2\/posts\/139289","targetHints":{"allow":["GET"]}}],"collection":[{"href":"https:\/\/www.europesays.com\/no\/wp-json\/wp\/v2\/posts"}],"about":[{"href":"https:\/\/www.europesays.com\/no\/wp-json\/wp\/v2\/types\/post"}],"author":[{"embeddable":true,"href":"https:\/\/www.europesays.com\/no\/wp-json\/wp\/v2\/users\/2"}],"replies":[{"embeddable":true,"href":"https:\/\/www.europesays.com\/no\/wp-json\/wp\/v2\/comments?post=139289"}],"version-history":[{"count":0,"href":"https:\/\/www.europesays.com\/no\/wp-json\/wp\/v2\/posts\/139289\/revisions"}],"wp:featuredmedia":[{"embeddable":true,"href":"https:\/\/www.europesays.com\/no\/wp-json\/wp\/v2\/media\/139290"}],"wp:attachment":[{"href":"https:\/\/www.europesays.com\/no\/wp-json\/wp\/v2\/media?parent=139289"}],"wp:term":[{"taxonomy":"category","embeddable":true,"href":"https:\/\/www.europesays.com\/no\/wp-json\/wp\/v2\/categories?post=139289"},{"taxonomy":"post_tag","embeddable":true,"href":"https:\/\/www.europesays.com\/no\/wp-json\/wp\/v2\/tags?post=139289"}],"curies":[{"name":"wp","href":"https:\/\/api.w.org\/{rel}","templated":true}]}}