{"id":139291,"date":"2026-01-16T15:18:07","date_gmt":"2026-01-16T15:18:07","guid":{"rendered":"https:\/\/www.europesays.com\/no\/139291\/"},"modified":"2026-01-16T15:18:07","modified_gmt":"2026-01-16T15:18:07","slug":"fk-bodo-glimt-kvinner-sport-amerikaner-klar-for-glimt-en-fantastisk-klubb-avisa-nordland","status":"publish","type":"post","link":"https:\/\/www.europesays.com\/no\/139291\/","title":{"rendered":"FK Bod\u00f8 Glimt kvinner, Sport | Amerikaner klar for Glimt: \u2013 En fantastisk klubb &#8211; Avisa Nordland"},"content":{"rendered":"<ol>\n<li><a href=\"https:\/\/news.google.com\/rss\/articles\/CBMigwFBVV95cUxNeE1kVWs3Z1N2WENMVE81WnlDOXpybklzMjU3UTFWT1lXRHFmOGJQVXVPcHA5bTNreHJvMVBxMC1mX215dndSWk9qOTlNUm94OGo1dzhqX2ZqRFVBNWZLWm93ZDZmaUhoVHBuZHBJQmlNRHdmNE9zSG5BQ2I4RXZ6UnVNNA?oc=5\" target=\"_blank\" rel=\"nofollow noopener\">FK Bod\u00f8 Glimt kvinner, Sport | Amerikaner klar for Glimt: \u2013 En fantastisk klubb<\/a>&nbsp;&nbsp;Avisa Nordland<\/li>\n<li><a href=\"https:\/\/news.google.com\/rss\/articles\/CBMif0FVX3lxTFBvSGtmVjF0MHVKNXZtOHJDSHpjdTRPa1hDZ2ROd2VzWmROUGxyZkVPR2ZjQ3paQlNiYy1Cc2pUaHctQXg3ZGlTa29wZ2FSVTJSelQzS1FsdWdBSWtVSGlyNlhZdnBMaVJNbjEyZEFrTWdYckszLTNtNC1qeW1fWFE?oc=5\" target=\"_blank\" rel=\"nofollow noopener\">Glimt, Sport | Svensk midtbanespiller klar for Glimt<\/a>&nbsp;&nbsp;Bod\u00f8 Nu<\/li>\n<li><a href=\"https:\/\/news.google.com\/rss\/articles\/CBMihAFBVV95cUxPYVppRFo3MG1RX1BWZGRZeUhTZFZ5QUItUlBKenhYcHpCMVMwa1gtRlA2M1poNnFfY0hLdFJMcmJlZ1hLMEItYmotZjQ3NTBZVURpdVBPbFRLbUhNMFBpOFJWMlVzS2JOVk9oeHAtZWxlRGFpN09QbkEwejloVXJlSlE0dW8?oc=5\" target=\"_blank\" rel=\"nofollow noopener\">Ny amerikaner klar for Glimt: \u2013 Jeg er veldig spent<\/a>&nbsp;&nbsp;Bod\u00f8\/Glimt<\/li>\n<li><a href=\"https:\/\/news.google.com\/rss\/articles\/CBMivwFBVV95cUxNcXk5NU1PYzNGeWdURU9HWHBoM19qUlYwdlFvQTJ4cHo2ejNWQ3IxYmVHVUJ0Y2VlbHA3elNDaFJDaGM4NVgwSjRiZnBJNFpySWl1dzF5UFZxZmo4MDZxeklUeGNHUjh4ek5Rckd1aENjSkw3d1praldpd1F0MTlEajMwSkw3T3FSdXM2ZTBIVERzaEJJZ1p6bGdWWFUwMk5YTndUS3pMVXhaSXQyWjRTYXFaX1BTRy1ZbDVvckRTMA?oc=5\" target=\"_blank\" rel=\"nofollow noopener\">Nysigneringen med sin f\u00f8rste trening i bitende kulde &#8211; n\u00e5 venter Glimt p\u00e5 to nye spillere<\/a>&nbsp;&nbsp;Avisa Nordland<\/li>\n<li><a href=\"https:\/\/news.google.com\/rss\/articles\/CBMib0FVX3lxTE05TzBxM2tITGllc3J3QW44STN1a2dPVFpINGQtZF9NWmlsZTVLbzFLRHA5Y0UxTUN1aENTb0dSRkh2dTR0dG9uRnZ5RnEta21nS19mQ01qTlVvRGM1c2dZSmFNSjFsLUduU2VRWEl2OA?oc=5\" target=\"_blank\" rel=\"nofollow noopener\">Glimt, Sport | Vant historisk seriegull \u2013 n\u00e5 er 28-\u00e5ringen klar for Glimt<\/a>&nbsp;&nbsp;Avisa Nordland<\/li>\n<\/ol>\n","protected":false},"excerpt":{"rendered":"FK Bod\u00f8 Glimt kvinner, Sport | Amerikaner klar for Glimt: \u2013 En fantastisk klubb&nbsp;&nbsp;Avisa Nordland Glimt, Sport |&hellip;\n","protected":false},"author":2,"featured_media":139292,"comment_status":"","ping_status":"","sticky":false,"template":"","format":"standard","meta":{"footnotes":""},"categories":[59],"tags":[30,28,29,83,82],"class_list":{"0":"post-139291","1":"post","2":"type-post","3":"status-publish","4":"format-standard","5":"has-post-thumbnail","7":"category-sport","8":"tag-no","9":"tag-norge","10":"tag-norway","11":"tag-sport","12":"tag-sports"},"share_on_mastodon":{"url":"https:\/\/pubeurope.com\/@no\/115905449313859939","error":""},"_links":{"self":[{"href":"https:\/\/www.europesays.com\/no\/wp-json\/wp\/v2\/posts\/139291","targetHints":{"allow":["GET"]}}],"collection":[{"href":"https:\/\/www.europesays.com\/no\/wp-json\/wp\/v2\/posts"}],"about":[{"href":"https:\/\/www.europesays.com\/no\/wp-json\/wp\/v2\/types\/post"}],"author":[{"embeddable":true,"href":"https:\/\/www.europesays.com\/no\/wp-json\/wp\/v2\/users\/2"}],"replies":[{"embeddable":true,"href":"https:\/\/www.europesays.com\/no\/wp-json\/wp\/v2\/comments?post=139291"}],"version-history":[{"count":0,"href":"https:\/\/www.europesays.com\/no\/wp-json\/wp\/v2\/posts\/139291\/revisions"}],"wp:featuredmedia":[{"embeddable":true,"href":"https:\/\/www.europesays.com\/no\/wp-json\/wp\/v2\/media\/139292"}],"wp:attachment":[{"href":"https:\/\/www.europesays.com\/no\/wp-json\/wp\/v2\/media?parent=139291"}],"wp:term":[{"taxonomy":"category","embeddable":true,"href":"https:\/\/www.europesays.com\/no\/wp-json\/wp\/v2\/categories?post=139291"},{"taxonomy":"post_tag","embeddable":true,"href":"https:\/\/www.europesays.com\/no\/wp-json\/wp\/v2\/tags?post=139291"}],"curies":[{"name":"wp","href":"https:\/\/api.w.org\/{rel}","templated":true}]}}