{"id":139295,"date":"2026-01-16T15:22:09","date_gmt":"2026-01-16T15:22:09","guid":{"rendered":"https:\/\/www.europesays.com\/no\/139295\/"},"modified":"2026-01-16T15:22:09","modified_gmt":"2026-01-16T15:22:09","slug":"usa-kan-ha-funnet-svaret-pa-havanna-syndromet","status":"publish","type":"post","link":"https:\/\/www.europesays.com\/no\/139295\/","title":{"rendered":"USA kan ha funnet svaret p\u00e5 Havanna-syndromet"},"content":{"rendered":"<p>    USA tester et mystisk v\u00e5pen som muligens ligger bak Havanna-syndromet.<\/p>\n<p>\n        Siden 2016 har helseplagene som ble oppdaget her v\u00e6rt et mysterium.<br \/>\n        Desmond Boylan \/ NTB\n    <\/p>\n<p>Siden 2016 har uforklarlige helseplager rammet amerikanske diplomater, etterretningsansatte og deres familiemedlemmer i flere land.<\/p>\n<p>Siden da har det blitt spekulert i hva \u00e5rsaken til plagene er \u2013 uten at offentligheten har f\u00e5tt noe svar.<\/p>\n<p class=\"font-weight-bold m-font-weight-bold\" data-lab-font_weight=\"font-weight-bold\">F\u00f8r n\u00e5.<\/p>\n<p>De siste dagene har flere nyhetsmedier meldt at USA tester en mistenkt \u00abHavanna-syndrom-enhet\u00bb.<\/p>\n<p>Hva er Havanna-syndromet?<\/p>\n<p>        <a itemprop=\"url\" class=\"\" href=\"https:\/\/www.abcnyheter.no\/nyheter\/ti-ar-med-allmenn-vernplikt\/1335229\" data-k5a-url=\"https:\/\/www.abcnyheter.no\/a\/1335229\" rel=\"nofollow noopener\" target=\"_blank\"><\/p>\n<p>            F\u00e5r \u00f8nsket sitt oppfylt<\/p>\n<p itemprop=\"section\" class=\"section\" data-tag=\"nyheter\">nyheter<\/p>\n<p>        <\/a><\/p>\n<p>Havanna-syndromet er navnet p\u00e5 en rekke uforklarlige helseplager som i et ti\u00e5r har rammet amerikanske diplomater, etterretningsansatte og deres familiemedlemmer i flere land.\u00a0<\/p>\n<p>De f\u00f8rste tilfellene ble rapportert blant ansatte ved USAs ambassade i Havanna p\u00e5 Cuba, derav navnet.\u00a0<\/p>\n<p>I \u00e5rene etter har amerikanske tjenestepersoner rapportert om symptomer fra hele verden.<\/p>\n<p class=\"font-weight-bold m-font-weight-bold\" data-lab-font_weight=\"font-weight-bold\">Blant de rapporterte symptomene er hodepine, svimmelhet, hukommelsesproblemer og mer \u2014 ofte beskrevet som akutte og uventede mens personene oppholdt seg i utlandet.<\/p>\n<p>Mer enn tusen mennesker antas \u00e5 v\u00e6re rammet av Havanna-syndromet, som amerikansk etterretning offisielt kaller \u00abunormale helsehendelser\u00bb.<\/p>\n<p>                <img decoding=\"async\" src=\"https:\/\/www.europesays.com\/no\/wp-content\/uploads\/2026\/01\/1380189.webp.jpeg\" width=\"480\" height=\"274\" title=\"Det var her, p\u00e5 USAs ambassade i Havana, at de f\u00f8rste tilfellene av Havana-syndromet blant amerikanske diplomater ble rapportert.\" alt=\"Klassiske cabrioletbiler kj\u00f8rer forbi USAs ambassade langs kystveien i Havana.\" loading=\"lazy\" style=\"\"\/><\/p>\n<p>\n            Det var her, p\u00e5 USAs ambassade i Havana, at de f\u00f8rste tilfellene av Havana-syndromet blant amerikanske diplomater ble rapportert.<br \/>\n            Desmond Boylan \/ NTB\n        <\/p>\n<p>Les ogs\u00e5: <a href=\"https:\/\/www.abcnyheter.no\/nyheter\/eva-og-hans-har-aldri-vaert-sa-syke-advarer-mot-okning-i-antall-smittede\/1361161\" target=\"_blank\" rel=\"nofollow noopener\">Fikk viruset p\u00e5 ferie i Thailand: \u2013 Ikke til \u00e5 sp\u00f8ke med<\/a><\/p>\n<p>Tester en mistenkt\u00a0\u00abHavanna-syndrom-enhet\u00bb<\/p>\n<p class=\"font-weight-bold m-font-weight-bold\" data-lab-font_weight=\"font-weight-bold\">N\u00e5 kan den amerikanske regjeringen ha kj\u00f8pt det mystiske v\u00e5penet bak Havanna-syndromet i en undercover-operasjon, if\u00f8lge flere medier.<\/p>\n<p>Den skal Biden-administrasjonen ha kj\u00f8pt i l\u00f8pet av de siste ukene av 2024 for flere millioner dollar, hevder <a href=\"https:\/\/edition.cnn.com\/2026\/01\/13\/politics\/havana-syndrome-device-pentagon-hsi\" target=\"_blank\" rel=\"nofollow noopener\">CNN<\/a>.<\/p>\n<p>Hvor \u2013 og fra hvem \u2013 administrasjonen skal ha kj\u00f8pt enheten, har ikke CNN klart \u00e5 finne opplysninger om.<\/p>\n<p>        <a itemprop=\"url\" class=\"\" href=\"https:\/\/www.abcnyheter.no\/nyheter\/forsvaret-har-innfort-over-200-tiltak-uten-voldsom-effekt-onsker-at-de-ser-til-politiet\/1323089\" data-k5a-url=\"https:\/\/www.abcnyheter.no\/a\/1323089\" rel=\"nofollow noopener\" target=\"_blank\"><\/p>\n<p>            Varsler fra innsiden: \u2013 Vi vil f\u00e5 en utfordring<\/p>\n<p itemprop=\"section\" class=\"section\" data-tag=\"nyheter\">nyheter<\/p>\n<p>        <\/a><\/p>\n<p>Siden den gang har enheten blitt testet mens Pentagon-spesialister pr\u00f8ver \u00e5 avdekke hvordan symptomene ble for\u00e5rsaket, opplyser The Sun.<\/p>\n<p>Enheten\u00a0er b\u00e6rbar, har en ryggsekkst\u00f8rrelse og inneholder komponenter med russisk opprinnelse, if\u00f8lge de anonyme kildene.<\/p>\n<p>Testing skal ha avsl\u00f8rt at enheten sender ut pulserende radiofrekvensenergi, men hvordan testene er gjennomf\u00f8rt, er fortsatt uklart.<br \/>\n<\/p>\n<p>Les ogs\u00e5: <a href=\"https:\/\/www.abcnyheter.no\/nyheter\/hva-gjor-du-nar-du-er-trebarnsmor-og-blir-alvorlig-syk\/1364404\" target=\"_blank\" rel=\"nofollow noopener\">\u2013 Skal jeg ikke se barna vokse opp?\u00a0<\/a><\/p>\n<p>Utenlandsk enhet ble avfeiet<\/p>\n<p>Det siste ti\u00e5ret har\u00a0etterretningstjenesten og forsvarsdepartementet fors\u00f8kt \u00e5 forst\u00e5 om disse tjenestemennene var ofre for en fiendtlig handling fra en utenlandsk regjering.<\/p>\n<p class=\"font-weight-bold m-font-weight-bold\" data-lab-font_weight=\"font-weight-bold\">Vurdering av syndromet ble fullf\u00f8rt i 2023, og fant det \u00absv\u00e6rt usannsynlig\u00bb at en utenlandsk enhet var ansvarlig for sykdommene.<\/p>\n<p>Konklusjonen ble st\u00f8ttet i januar i fjor, da en oppdatert gjennomgang fant at flertallet av etterretningsmilj\u00f8et mente at utenlandsk involvering var sv\u00e6rt usannsynlig.<\/p>\n<p>Frykter teknologien har spredd seg<\/p>\n<p>        <a itemprop=\"url\" class=\"\" href=\"https:\/\/www.abcnyheter.no\/nyheter\/eva-og-hans-har-aldri-vaert-sa-syke-advarer-mot-okning-i-antall-smittede\/1361161\" data-k5a-url=\"https:\/\/www.abcnyheter.no\/a\/1361161\" rel=\"nofollow noopener\" target=\"_blank\"><\/p>\n<p>            Fikk viruset p\u00e5 ferie i Thailand: \u2013 Ikke til \u00e5 sp\u00f8ke med<\/p>\n<p itemprop=\"section\" class=\"section\" data-tag=\"nyheter\">nyheter<\/p>\n<p>        <\/a><\/p>\n<p>Tidligere senior CIA-etterretningsoffiser Marc Polymeropoulos har snakket offentlig om symptomene han led av etter at han skal ha blitt angrepet i Moskva i 2017.\u00a0<\/p>\n<p>Han har kritisert etatene for det han kalte u\u00e6rlige unders\u00f8kelser, og at de hevdet at teknologien ikke finnes.<\/p>\n<p>\u2013 S\u00e5 alle deres analytiske antagelser er n\u00e5 sprengt i luften, uttalte han til CNN.<\/p>\n<p>I en uttalelse til CNN sier ogs\u00e5 Polymeropoulos at dersom amerikanske myndigheter faktisk har funnet slike enheter, skylder CIA ofrene \u00aben forbanna stor og offentlig unnskyldning\u00bb for hvordan de har blitt behandlet.<\/p>\n<p>En sentral bekymring for noen tjenestemenn n\u00e5 er at hvis teknologien viser seg \u00e5 v\u00e6re levedyktig, kan den ha spredt se. Flere frykter at mer enn ett land n\u00e5 kan ha tilgang til en enhet som kan v\u00e6re i stand til \u00e5 for\u00e5rsake karriereavsluttende skader for amerikanske tjenestemenn, opplyser CNN.<\/p>\n","protected":false},"excerpt":{"rendered":"USA tester et mystisk v\u00e5pen som muligens ligger bak Havanna-syndromet. Siden 2016 har helseplagene som ble oppdaget her&hellip;\n","protected":false},"author":2,"featured_media":139296,"comment_status":"","ping_status":"","sticky":false,"template":"","format":"standard","meta":{"footnotes":""},"categories":[12],"tags":[20,21,24,25,15,22,23,13,30,28,29,14,16,26,27,42,43,44,45],"class_list":{"0":"post-139295","1":"post","2":"type-post","3":"status-publish","4":"format-standard","5":"has-post-thumbnail","7":"category-verden","8":"tag-breaking-news","9":"tag-breakingnews","10":"tag-featured-news","11":"tag-featurednews","12":"tag-headlines","13":"tag-latest-news","14":"tag-latestnews","15":"tag-news","16":"tag-no","17":"tag-norge","18":"tag-norway","19":"tag-nyheter","20":"tag-overskrifter","21":"tag-top-stories","22":"tag-topstories","23":"tag-verden","24":"tag-world","25":"tag-world-news","26":"tag-worldnews"},"share_on_mastodon":{"url":"https:\/\/pubeurope.com\/@no\/115905465113751165","error":""},"_links":{"self":[{"href":"https:\/\/www.europesays.com\/no\/wp-json\/wp\/v2\/posts\/139295","targetHints":{"allow":["GET"]}}],"collection":[{"href":"https:\/\/www.europesays.com\/no\/wp-json\/wp\/v2\/posts"}],"about":[{"href":"https:\/\/www.europesays.com\/no\/wp-json\/wp\/v2\/types\/post"}],"author":[{"embeddable":true,"href":"https:\/\/www.europesays.com\/no\/wp-json\/wp\/v2\/users\/2"}],"replies":[{"embeddable":true,"href":"https:\/\/www.europesays.com\/no\/wp-json\/wp\/v2\/comments?post=139295"}],"version-history":[{"count":0,"href":"https:\/\/www.europesays.com\/no\/wp-json\/wp\/v2\/posts\/139295\/revisions"}],"wp:featuredmedia":[{"embeddable":true,"href":"https:\/\/www.europesays.com\/no\/wp-json\/wp\/v2\/media\/139296"}],"wp:attachment":[{"href":"https:\/\/www.europesays.com\/no\/wp-json\/wp\/v2\/media?parent=139295"}],"wp:term":[{"taxonomy":"category","embeddable":true,"href":"https:\/\/www.europesays.com\/no\/wp-json\/wp\/v2\/categories?post=139295"},{"taxonomy":"post_tag","embeddable":true,"href":"https:\/\/www.europesays.com\/no\/wp-json\/wp\/v2\/tags?post=139295"}],"curies":[{"name":"wp","href":"https:\/\/api.w.org\/{rel}","templated":true}]}}