{"id":139297,"date":"2026-01-16T15:23:07","date_gmt":"2026-01-16T15:23:07","guid":{"rendered":"https:\/\/www.europesays.com\/no\/139297\/"},"modified":"2026-01-16T15:23:07","modified_gmt":"2026-01-16T15:23:07","slug":"en-person-omkom-etter-pakjorsel-pa-e6-stor-oslo","status":"publish","type":"post","link":"https:\/\/www.europesays.com\/no\/139297\/","title":{"rendered":"En person omkom etter p\u00e5kj\u00f8rsel p\u00e5 E6 \u2013 Stor-Oslo"},"content":{"rendered":"<p>Fredag rykket alle n\u00f8detater ut til E6 ved Lillestr\u00f8m der en kvinne ble funnet omkommet i veibanen.<\/p>\n<p>\u2013 Det er snakk om en voksen kvinne, sier operasjonsleder H\u00e5kon Hatlen.<\/p>\n<p><strong>Politiet har n\u00e5 kartlagt hva som har skjedd, og kvinnens p\u00e5r\u00f8rende er varslet. <\/strong><\/p>\n<p>Kommunens kriseteam er ogs\u00e5 engasjert.<\/p>\n<p>Kvinnen ble p\u00e5kj\u00f8rt av et vogntog inne p\u00e5 en godsterminal, der hun jobbet.<\/p>\n<p>\u2013 P\u00e5 et eller annet vis ble hun hengende fast i vogntoget.<\/p>\n<p>Vogntoget kj\u00f8rte ut p\u00e5 E6, der kroppen p\u00e5 et tidspunkt l\u00f8snet. Der ble hun funnet av privatpersoner som tok kontakt med n\u00f8detatene.<\/p>\n<p>\u2013 Det er en dypt tragisk ulykke for alle involverte, ikke minst de p\u00e5r\u00f8rende. Men dette ber\u00f8rer mange, alle som har v\u00e6rt vitne til det. Det er en forferdelig p\u00e5kjenning for samtlige.<\/p>\n<p><strong>Lastebilsj\u00e5f\u00f8ren har status som siktet, opplyser politiet til NTB kl. 15.30. <\/strong><\/p>\n<p>De har forel\u00f8pig ikke informasjon om hva siktelsen g\u00e5r p\u00e5, men sier at hendelsen fremst\u00e5r som en ulykke.<\/p>\n<p>F\u00f8rer av vogntoget visste ingen ting<\/p>\n<p><strong>Politiet har snakket med f\u00f8reren av vogntoget, og han blir bragt inn til avh\u00f8r.<\/strong><\/p>\n<p>\u2013 Han var ikke klar over ulykka i det hele tatt. Han tar det naturlig nok tungt, sier operasjonslederen.<\/p>\n<p><strong>Det har ogs\u00e5 blitt sikret videooverv\u00e5kning av p\u00e5kj\u00f8rselen, og politiet har snakket med flere vitner som kj\u00f8rte p\u00e5 E6.<\/strong><\/p>\n<p>\u2013 Hvis det er noen andre vitner til hendelsen, eller noen som sitter med sterke inntrykk etter det som skjedde p\u00e5 E6 og f\u00f8ler behov for videre oppf\u00f8lging, s\u00e5 m\u00e5 disse ta kontakt med fastlege, eventuelt legevakt hvis det er mer akutt.<\/p>\n<p>Kvinnens arbeidsgiver er ogs\u00e5 informert om ulykken.<\/p>\n<p>Politiet skal gj\u00f8re tekniske unders\u00f8kelser av vogntoget. Statens vegvesen sin ulykkesgruppe har ogs\u00e5 gjort unders\u00f8kelser p\u00e5 stedet.<\/p>\n<p>E6 var stengt i sydg\u00e5ende retning fra kort etter klokken 11.30, men ble \u00e5pnet igjen i 14-tiden.<\/p>\n<p>Publisert<\/p>\n<p>16.01.2026, kl. 11.48<\/p>\n<p>Oppdatert<\/p>\n<p>16.01.2026, kl. 15.42<\/p>\n","protected":false},"excerpt":{"rendered":"Fredag rykket alle n\u00f8detater ut til E6 ved Lillestr\u00f8m der en kvinne ble funnet omkommet i veibanen. \u2013&hellip;\n","protected":false},"author":2,"featured_media":139298,"comment_status":"","ping_status":"","sticky":false,"template":"","format":"standard","meta":{"footnotes":""},"categories":[10],"tags":[20,21,24,25,15,22,23,13,30,28,29,14,16,26,27],"class_list":{"0":"post-139297","1":"post","2":"type-post","3":"status-publish","4":"format-standard","5":"has-post-thumbnail","7":"category-norge","8":"tag-breaking-news","9":"tag-breakingnews","10":"tag-featured-news","11":"tag-featurednews","12":"tag-headlines","13":"tag-latest-news","14":"tag-latestnews","15":"tag-news","16":"tag-no","17":"tag-norge","18":"tag-norway","19":"tag-nyheter","20":"tag-overskrifter","21":"tag-top-stories","22":"tag-topstories"},"share_on_mastodon":{"url":"https:\/\/pubeurope.com\/@no\/115905468957530962","error":""},"_links":{"self":[{"href":"https:\/\/www.europesays.com\/no\/wp-json\/wp\/v2\/posts\/139297","targetHints":{"allow":["GET"]}}],"collection":[{"href":"https:\/\/www.europesays.com\/no\/wp-json\/wp\/v2\/posts"}],"about":[{"href":"https:\/\/www.europesays.com\/no\/wp-json\/wp\/v2\/types\/post"}],"author":[{"embeddable":true,"href":"https:\/\/www.europesays.com\/no\/wp-json\/wp\/v2\/users\/2"}],"replies":[{"embeddable":true,"href":"https:\/\/www.europesays.com\/no\/wp-json\/wp\/v2\/comments?post=139297"}],"version-history":[{"count":0,"href":"https:\/\/www.europesays.com\/no\/wp-json\/wp\/v2\/posts\/139297\/revisions"}],"wp:featuredmedia":[{"embeddable":true,"href":"https:\/\/www.europesays.com\/no\/wp-json\/wp\/v2\/media\/139298"}],"wp:attachment":[{"href":"https:\/\/www.europesays.com\/no\/wp-json\/wp\/v2\/media?parent=139297"}],"wp:term":[{"taxonomy":"category","embeddable":true,"href":"https:\/\/www.europesays.com\/no\/wp-json\/wp\/v2\/categories?post=139297"},{"taxonomy":"post_tag","embeddable":true,"href":"https:\/\/www.europesays.com\/no\/wp-json\/wp\/v2\/tags?post=139297"}],"curies":[{"name":"wp","href":"https:\/\/api.w.org\/{rel}","templated":true}]}}