{"id":139303,"date":"2026-01-16T15:30:08","date_gmt":"2026-01-16T15:30:08","guid":{"rendered":"https:\/\/www.europesays.com\/no\/139303\/"},"modified":"2026-01-16T15:30:08","modified_gmt":"2026-01-16T15:30:08","slug":"magnus-gruer-bekrefter-forholdet-med-hanne-mathea-friis","status":"publish","type":"post","link":"https:\/\/www.europesays.com\/no\/139303\/","title":{"rendered":"Magnus Gruer bekrefter forholdet med Hanne Mathea Friis"},"content":{"rendered":"\n<p class=\"_lead_o9xde_2 _lead_xtcu6_50 layout-component text-serif-m layout-normal text-serif-l layout-component layout-wide layout-padded _wide_17hqh_1 layout-padded\">TV-profil Magnus Gruer (24) bekrefter forhold med tidligere Farmen-deltager Hanne Mathea Friis (25).<\/p>\n<p><img alt=\"Magnus Gruer falt pladask for Hanne Mathea Friis. Foto: Privat\" class=\"_image_qp4xg_65 layout-component layout-wide\" data-fullscreen- data-track-element-type=\"Article image fullscreen\" data-track-name=\"ImageFullscreen\" fetchpriority=\"high\" decoding=\"sync\" loading=\"eager\" height=\"720\" itemprop=\"image\"  src=\"https:\/\/www.europesays.com\/no\/wp-content\/uploads\/2026\/01\/df01cb22-b5bc-4cff-b197-45cd7bd471bd.jpeg\"  style=\"object-position:51.66666666666667% 45.55555555555556%\" width=\"540\"\/>Magnus Gruer falt pladask for Hanne Mathea Friis. Foto: Privat<\/p>\n<ul aria-hidden=\"true\" class=\"_images_ntbth_112\">\n<li><a class=\"_link_ntbth_117\" href=\"https:\/\/www.vg.no\/forfatter\/hanne-kretuz-hansen\" style=\"z-index:1\" title=\"Hanne Kreutz-Hansen\" rel=\"nofollow noopener\" target=\"_blank\"><img alt=\"Bilde av Hanne Kreutz-Hansen\" class=\"_image_ntbth_93\" fetchpriority=\"low\" loading=\"lazy\" decoding=\"async\" itemprop=\"image\"  src=\"https:\/\/www.europesays.com\/no\/wp-content\/uploads\/2026\/01\/1768577407_411_91499188-43f5-43fa-b038-5716eac94ffb.jpeg\"  width=\"480\"\/><\/a><\/li>\n<\/ul>\n<p> Oppdatert fredag 16. januar kl. 16:23    <\/p>\n<ul class=\"_list_o9xde_3 _list_64s2r_85 _unordered_o9xde_106 text-sans-m\">\n<li class=\"_item_o9xde_30\">TV-profil Magnus Gruer (24) bekrefter forhold med tidligere Farmen-deltager Hanne Mathea Friis (25).<\/li>\n<li class=\"_item_o9xde_30\">Seerne kanskje kjenner han best fra \u00abLove Island\u00bb og \u00abKompani Lauritzen\u00bb.<\/li>\n<li class=\"_item_o9xde_30\">Paret m\u00f8ttes gjennom felles venner september.<\/li>\n<\/ul>\n<p>Vis mer <\/p>\n<p class=\"_paragraph_o9xde_4 _paragraph_xtcu6_10 layout-component text-serif-m layout-normal text-serif-m layout-padded\">\u2013 Det er veldig, veldig hyggelig, sier Hanne Mathea Friis til VG.<\/p>\n<p class=\"_paragraph_o9xde_4 _paragraph_xtcu6_10 layout-component text-serif-m layout-normal text-serif-m layout-padded\">\u00abGruern tok sjansen\u00bb skriver <a href=\"https:\/\/www.vg.no\/tag\/magnus-gruer?utm_source=vg-article&amp;utm_medium=auto-tagger&amp;utm_campaign=q6Axxw\" class=\"_link_o9xde_39\" rel=\"nofollow noopener\" target=\"_blank\">Magnus Gruer<\/a>, kjent fra \u00abLove Island\u00bb og \u00abKompani Lauritzen\u00bb i en post p\u00e5 Instagram fredag.<\/p>\n<p class=\"_paragraph_o9xde_4 _paragraph_xtcu6_10 layout-component text-serif-m layout-normal text-serif-m layout-padded\">\u2013 Det stemmer, vi er et par, sier han til VG.<\/p>\n<p class=\"_paragraph_o9xde_4 _paragraph_xtcu6_10 layout-component text-serif-m layout-normal text-serif-m layout-padded\">Videoen er fra nytt\u00e5rsaften, forteller han.<\/p>\n<p class=\"_paragraph_o9xde_4 _paragraph_xtcu6_10 layout-component text-serif-m layout-normal text-serif-m layout-padded\">\u2013 Jeg satte opp kameraet mitt og filmet oss uten at hun visste det.<\/p>\n<p class=\"_paragraph_o9xde_4 _paragraph_xtcu6_10 layout-component text-serif-m layout-normal text-serif-m layout-padded\">S\u00e5 tok han sjansen og spurte.<\/p>\n<p class=\"_paragraph_o9xde_4 _paragraph_xtcu6_10 layout-component text-serif-m layout-normal text-serif-m layout-padded\">Det var \u00abscoring\u00bb, som han sier. <\/p>\n<p class=\"_paragraph_o9xde_4 _paragraph_xtcu6_10 layout-component text-serif-m layout-normal text-serif-m layout-padded\">\u2013 Hun sa ja til \u00e5 v\u00e6re kj\u00e6resten min.<\/p>\n<p><img alt=\"TV-profil Magnus Gruer tok sjansen p\u00e5 nytt\u00e5rsaften.  Foto: Privat\" class=\"_image_qp4xg_65 layout-component layout-normal\" data-fullscreen- data-track-element-type=\"Article image fullscreen\" data-track-name=\"ImageFullscreen\" decoding=\"async\" loading=\"lazy\" height=\"4032\" itemprop=\"image\"  src=\"https:\/\/www.europesays.com\/no\/wp-content\/uploads\/2026\/01\/f7e5d151-a875-45e9-9fb9-28b41ca54d24.jpeg\"  style=\"object-position:61.60714285714286% 38.03323412698413%\" width=\"3024\"\/>TV-profil Magnus Gruer tok sjansen p\u00e5 nytt\u00e5rsaften.  Foto: Privat<\/p>\n<p class=\"_paragraph_o9xde_4 _paragraph_xtcu6_10 layout-component text-serif-m layout-normal text-serif-m layout-padded\">De m\u00f8ttes gjennom felles venner tidligere i h\u00f8st.<\/p>\n<p class=\"_paragraph_o9xde_4 _paragraph_xtcu6_10 layout-component text-serif-m layout-normal text-serif-m layout-padded\">\u2013 Det klaffet noe voldsomt. Vi har v\u00e6rt sammen hver dag siden september, sier han.<\/p>\n<p class=\"_paragraph_o9xde_4 _paragraph_xtcu6_10 layout-component text-serif-m layout-normal text-serif-m layout-padded\">De bestemte seg for \u00e5 dele nyheten p\u00e5 Instagram fredag etter mye rykter og henvendelser fra medier som lurte p\u00e5 om de er et par.<\/p>\n<p class=\"_paragraph_o9xde_4 _paragraph_xtcu6_10 layout-component text-serif-m layout-normal text-serif-m layout-padded\">\u2013 Vi ville gjerne avsl\u00f8re nyheten selv, sier han.<\/p>\n<p><img alt=\"Hanne Mathea Friis fra Faremn i 2022.  Foto: Anton Soggiu \/ TV 2 \/ NTB\" class=\"_image_qp4xg_65 layout-component layout-normal\" data-fullscreen- data-track-element-type=\"Article image fullscreen\" data-track-name=\"ImageFullscreen\" decoding=\"async\" loading=\"lazy\" height=\"8192\" itemprop=\"image\"  src=\"https:\/\/www.europesays.com\/no\/wp-content\/uploads\/2026\/01\/1ca1b709-6ff0-4a67-b6dc-eeea3f6429ab.jpeg\"  style=\"object-position:0% 0%\" width=\"5464\"\/>Hanne Mathea Friis fra Faremn i 2022.  Foto: Anton Soggiu \/ TV 2 \/ NTB<\/p>\n<p class=\"_paragraph_o9xde_4 _paragraph_xtcu6_10 layout-component text-serif-m layout-normal text-serif-m layout-padded\">Han sier han er veldig forelsket.<\/p>\n<p class=\"_paragraph_o9xde_4 _paragraph_xtcu6_10 layout-component text-serif-m layout-normal text-serif-m layout-padded\">\u2013 Hun har en veldig godhet ved seg som jeg falt pladask for. Alt er s\u00e5 enkelt med henne. Hun er vanvittig snill og god. Det fikk en h\u00f8nefossing til \u00e5 smelte.<\/p>\n<p class=\"_paragraph_o9xde_4 _paragraph_xtcu6_10 layout-component text-serif-m layout-normal text-serif-m layout-padded\">Han kan takke tv-serien \u00abSiste mann ut\u00bb, som han spilte inn i h\u00f8st, for at han har f\u00e5tt seg kj\u00e6reste.<\/p>\n<p><img alt=\"Magnus Gruer kjent fra Love Island i 2024.  Foto: Mattis Sandblad \/ VG\" class=\"_image_qp4xg_65 layout-component layout-normal\" data-fullscreen- data-track-element-type=\"Article image fullscreen\" data-track-name=\"ImageFullscreen\" decoding=\"async\" loading=\"lazy\" height=\"5464\" itemprop=\"image\"  src=\"https:\/\/www.europesays.com\/no\/wp-content\/uploads\/2026\/01\/1682d8b9-6fa2-4a53-b257-c5e119bb1908.jpeg\"  style=\"object-position:0% 0%\" width=\"8192\"\/>Magnus Gruer kjent fra Love Island i 2024.  Foto: Mattis Sandblad \/ VG<\/p>\n<p class=\"_paragraph_o9xde_4 _paragraph_xtcu6_10 layout-component text-serif-m layout-normal text-serif-m layout-padded\">\u2013 Kj\u00e6resten til Hans August Jensen, som jeg spiller inn \u00abSiste mann ut\u00bb med, bor sammen med Hanne. Det var slik vi m\u00f8ttes. N\u00e5 har vi dobbeldate hjemme der daglig, sier han.<\/p>\n<p class=\"_paragraph_o9xde_4 _paragraph_xtcu6_10 layout-component text-serif-m layout-normal text-serif-m layout-padded\">Friis sier de har samme humor.<\/p>\n<p class=\"_paragraph_o9xde_4 _paragraph_xtcu6_10 layout-component text-serif-m layout-normal text-serif-m layout-padded\">\u2013 Og s\u00e5 er han s\u00e5 snill. Vi koser oss, lager mat sammen, og s\u00e5 g\u00e5r det mye i trening. Styrke, l\u00f8ping og s\u00e5 bokser jeg litt med ham.<\/p>\n","protected":false},"excerpt":{"rendered":"TV-profil Magnus Gruer (24) bekrefter forhold med tidligere Farmen-deltager Hanne Mathea Friis (25). Magnus Gruer falt pladask for&hellip;\n","protected":false},"author":2,"featured_media":139304,"comment_status":"","ping_status":"","sticky":false,"template":"","format":"standard","meta":{"footnotes":""},"categories":[12],"tags":[20,21,24,25,15,2753,2176,22,23,15846,13,30,28,29,14,16,26,27,42,43,44,45],"class_list":{"0":"post-139303","1":"post","2":"type-post","3":"status-publish","4":"format-standard","5":"has-post-thumbnail","7":"category-verden","8":"tag-breaking-news","9":"tag-breakingnews","10":"tag-featured-news","11":"tag-featurednews","12":"tag-headlines","13":"tag-kjaerester","14":"tag-kompani-lauritzen","15":"tag-latest-news","16":"tag-latestnews","17":"tag-magnus-gruer","18":"tag-news","19":"tag-no","20":"tag-norge","21":"tag-norway","22":"tag-nyheter","23":"tag-overskrifter","24":"tag-top-stories","25":"tag-topstories","26":"tag-verden","27":"tag-world","28":"tag-world-news","29":"tag-worldnews"},"share_on_mastodon":{"url":"https:\/\/pubeurope.com\/@no\/115905496686977919","error":""},"_links":{"self":[{"href":"https:\/\/www.europesays.com\/no\/wp-json\/wp\/v2\/posts\/139303","targetHints":{"allow":["GET"]}}],"collection":[{"href":"https:\/\/www.europesays.com\/no\/wp-json\/wp\/v2\/posts"}],"about":[{"href":"https:\/\/www.europesays.com\/no\/wp-json\/wp\/v2\/types\/post"}],"author":[{"embeddable":true,"href":"https:\/\/www.europesays.com\/no\/wp-json\/wp\/v2\/users\/2"}],"replies":[{"embeddable":true,"href":"https:\/\/www.europesays.com\/no\/wp-json\/wp\/v2\/comments?post=139303"}],"version-history":[{"count":0,"href":"https:\/\/www.europesays.com\/no\/wp-json\/wp\/v2\/posts\/139303\/revisions"}],"wp:featuredmedia":[{"embeddable":true,"href":"https:\/\/www.europesays.com\/no\/wp-json\/wp\/v2\/media\/139304"}],"wp:attachment":[{"href":"https:\/\/www.europesays.com\/no\/wp-json\/wp\/v2\/media?parent=139303"}],"wp:term":[{"taxonomy":"category","embeddable":true,"href":"https:\/\/www.europesays.com\/no\/wp-json\/wp\/v2\/categories?post=139303"},{"taxonomy":"post_tag","embeddable":true,"href":"https:\/\/www.europesays.com\/no\/wp-json\/wp\/v2\/tags?post=139303"}],"curies":[{"name":"wp","href":"https:\/\/api.w.org\/{rel}","templated":true}]}}