{"id":139307,"date":"2026-01-16T15:33:29","date_gmt":"2026-01-16T15:33:29","guid":{"rendered":"https:\/\/www.europesays.com\/no\/139307\/"},"modified":"2026-01-16T15:33:29","modified_gmt":"2026-01-16T15:33:29","slug":"kongen-reiser-til-ol-forste-gang-siden-2014-2","status":"publish","type":"post","link":"https:\/\/www.europesays.com\/no\/139307\/","title":{"rendered":"Kongen reiser til OL \u2013 f\u00f8rste gang siden 2014"},"content":{"rendered":"<p>    Kong Harald (88) blir blant tilskuerne i vinter-OL. Han f\u00e5r med seg dronning Sonja til Milano.<\/p>\n<p>\n    Kong Harald og dronning Sonja p\u00e5 plass under ski-VM i Trondheim i fjor. Neste m\u00e5ned reiser kongeparet til OL for \u00e5 se sk\u00f8ytel\u00f8p i Milano. Foto: Terje Pedersen \/ NTB\n  <\/p>\n<p>Det viser programmet kongehuset har\u00a0<a href=\"https:\/\/www.kongehuset.no\/program\" target=\"_blank\" rel=\"nofollow noopener\">publisert.\u00a0<\/a>Lekene blir de f\u00f8rste kongeparet bes\u00f8ker siden Sotsji-OL i februar 2014.<\/p>\n<p>Kronprins Haakon har det siste ti\u00e5ret v\u00e6rt kongefamiliens representant i OL. Han fulgte norske ut\u00f8vere i Rio de Janeiro (2016), Pyeongchang (2018), Tokyo (2021) og Paris (2024).<\/p>\n<p>P\u00e5 grunn av koronapandemien var det ingen kongelige til stede i vinterlekene i Beijing i 2022.<\/p>\n<p>Kongen og dronningen skal over tre OL-dager f\u00e5 med seg sk\u00f8ytel\u00f8p i Milano. Senere skal kronprinsen f\u00f8lge langrenn, hopp, friski og alpint.<\/p>\n<p>        BLE TOBARNS MOR: Therese Johaug vant \u00e5rets hederspris p\u00e5 idrettsgallaen, men var selv ikke til stede. Dette fordi hun skulle f\u00f8de. <\/p>\n<p>Dette blir kongefamiliens OL-program:<\/p>\n<p>* 7. februar (sk\u00f8yter): Kongen og dronningen f\u00f8lger kvinnenes 3000 meter.<\/p>\n<p>* 8. februar (sk\u00f8yter): Kongen og dronningen ser 5000 meter for menn.<\/p>\n<p>* 9. februar (sk\u00f8yter): Kongen og dronningen er til stede p\u00e5 kvinnenes 1000 meter.<\/p>\n<p>* 14. februar (langrenn\/hopp): Kronprinsen f\u00f8lger kvinnestafetten i Val di Fiemme og hoppherrenes storbakkerenn samme sted.<\/p>\n<p>* 15. februar (langrenn\/friski): Kronprinsen ser herrestafetten i Val di Fiemme og kvalifisering i big air for menn i Livigno.<\/p>\n<p>* 16. februar (alpint): Kronprinsen er til stede under mennenes slal\u00e5mrenn i Bormio.<\/p>\n<p>        \u00abVOKTEREN\u00bb: En av deltakerne blir n\u00f8dt til \u00e5 trekke seg etter beskjed fra lege. Video: \u00abVokteren\u00bb\/TV 2, R\u00f8d L\u00f8per\/Nora Skavhaug<\/p>\n","protected":false},"excerpt":{"rendered":"Kong Harald (88) blir blant tilskuerne i vinter-OL. Han f\u00e5r med seg dronning Sonja til Milano. Kong Harald&hellip;\n","protected":false},"author":2,"featured_media":139308,"comment_status":"","ping_status":"","sticky":false,"template":"","format":"standard","meta":{"footnotes":""},"categories":[59],"tags":[1560,2590,4869,30,28,29,14,83,82,3428],"class_list":{"0":"post-139307","1":"post","2":"type-post","3":"status-publish","4":"format-standard","5":"has-post-thumbnail","7":"category-sport","8":"tag-dronning-sonja","9":"tag-kong-harald","10":"tag-milano","11":"tag-no","12":"tag-norge","13":"tag-norway","14":"tag-nyheter","15":"tag-sport","16":"tag-sports","17":"tag-vinter-ol"},"share_on_mastodon":{"url":"https:\/\/pubeurope.com\/@no\/115905508288265692","error":""},"_links":{"self":[{"href":"https:\/\/www.europesays.com\/no\/wp-json\/wp\/v2\/posts\/139307","targetHints":{"allow":["GET"]}}],"collection":[{"href":"https:\/\/www.europesays.com\/no\/wp-json\/wp\/v2\/posts"}],"about":[{"href":"https:\/\/www.europesays.com\/no\/wp-json\/wp\/v2\/types\/post"}],"author":[{"embeddable":true,"href":"https:\/\/www.europesays.com\/no\/wp-json\/wp\/v2\/users\/2"}],"replies":[{"embeddable":true,"href":"https:\/\/www.europesays.com\/no\/wp-json\/wp\/v2\/comments?post=139307"}],"version-history":[{"count":0,"href":"https:\/\/www.europesays.com\/no\/wp-json\/wp\/v2\/posts\/139307\/revisions"}],"wp:featuredmedia":[{"embeddable":true,"href":"https:\/\/www.europesays.com\/no\/wp-json\/wp\/v2\/media\/139308"}],"wp:attachment":[{"href":"https:\/\/www.europesays.com\/no\/wp-json\/wp\/v2\/media?parent=139307"}],"wp:term":[{"taxonomy":"category","embeddable":true,"href":"https:\/\/www.europesays.com\/no\/wp-json\/wp\/v2\/categories?post=139307"},{"taxonomy":"post_tag","embeddable":true,"href":"https:\/\/www.europesays.com\/no\/wp-json\/wp\/v2\/tags?post=139307"}],"curies":[{"name":"wp","href":"https:\/\/api.w.org\/{rel}","templated":true}]}}