{"id":139309,"date":"2026-01-16T15:37:08","date_gmt":"2026-01-16T15:37:08","guid":{"rendered":"https:\/\/www.europesays.com\/no\/139309\/"},"modified":"2026-01-16T15:37:08","modified_gmt":"2026-01-16T15:37:08","slug":"reality-profiler-bekrefter-forhold","status":"publish","type":"post","link":"https:\/\/www.europesays.com\/no\/139309\/","title":{"rendered":"Reality-profiler bekrefter forhold"},"content":{"rendered":"<p> Magnus Gruer bekrefter til\u00a0<a href=\"https:\/\/www.vg.no\/rampelys\/i\/q6Axxw\/nytt-kjendis-par\" style=\"letter-spacing: 0.01em;\" rel=\"nofollow noopener\" target=\"_blank\">VG<\/a>\u00a0at han er i et forhold med Hanne Mathea Friis, kjent fra \u00abFarmen\u00bb.<\/p>\n<p>Til TV 2 sier Gruer at han spurte henne om \u00e5 bli kj\u00e6rester i de senere nattetimer p\u00e5 nytt\u00e5rsaften.<\/p>\n<p>\u2013 Det var hyggelig, sier han.\u00a0<\/p>\n<p>\u2013 Det er veldig, veldig hyggelig, sier Hanne Mathea Friis om forholdet til VG.<\/p>\n<p>Overfor TV 2 forteller Gruer at de fikk kontakt i september, men begynte f\u00f8rst \u00e5 m\u00f8tes i oktober.\u00a0<\/p>\n<p>\u2013 Det ble full klaff, helt r\u00e5tt, legger han til.\u00a0<\/p>\n<p>        <img class=\"image__img lazyload\" itemprop=\"image\" title=\"Foto: Camilla Blok \/ TV 2\" alt=\"\u00abFARMEN\u00bb: Hanne M. Friis ble kjent gjennom det popul\u00e6re TV 2-programmet. Foto: Camilla Blok \/ TV 2\" width=\"675\" height=\"507\" bad-src=\"https:\/\/www.europesays.com\/no\/wp-content\/uploads\/2026\/01\/18470922.webp.jpeg\" fetchpriority=\"auto\" \/><\/p>\n<p>      \u00abFARMEN\u00bb: Hanne M. Friis ble kjent gjennom det popul\u00e6re TV 2-programmet.<br \/>\n         Foto: Camilla Blok \/ TV 2<\/p>\n<p>Det beste han vet med Friis er at hun er behagelig \u00e5 v\u00e6re rundt, og at hun har en unik godhet.\u00a0<\/p>\n<p>Gruer ble kjent gjennom sin deltakelse i \u00abLove Island\u00bb, og har senere v\u00e6rt \u00e5 se i \u00abKompani Lauritzen\u00bb.<\/p>\n","protected":false},"excerpt":{"rendered":"Magnus Gruer bekrefter til\u00a0VG\u00a0at han er i et forhold med Hanne Mathea Friis, kjent fra \u00abFarmen\u00bb. Til TV&hellip;\n","protected":false},"author":2,"featured_media":139310,"comment_status":"","ping_status":"","sticky":false,"template":"","format":"standard","meta":{"footnotes":""},"categories":[12],"tags":[20,21,24,25,15,22,23,13,30,28,29,14,16,26,27,42,43,44,45],"class_list":{"0":"post-139309","1":"post","2":"type-post","3":"status-publish","4":"format-standard","5":"has-post-thumbnail","7":"category-verden","8":"tag-breaking-news","9":"tag-breakingnews","10":"tag-featured-news","11":"tag-featurednews","12":"tag-headlines","13":"tag-latest-news","14":"tag-latestnews","15":"tag-news","16":"tag-no","17":"tag-norge","18":"tag-norway","19":"tag-nyheter","20":"tag-overskrifter","21":"tag-top-stories","22":"tag-topstories","23":"tag-verden","24":"tag-world","25":"tag-world-news","26":"tag-worldnews"},"share_on_mastodon":{"url":"https:\/\/pubeurope.com\/@no\/115905524159185236","error":""},"_links":{"self":[{"href":"https:\/\/www.europesays.com\/no\/wp-json\/wp\/v2\/posts\/139309","targetHints":{"allow":["GET"]}}],"collection":[{"href":"https:\/\/www.europesays.com\/no\/wp-json\/wp\/v2\/posts"}],"about":[{"href":"https:\/\/www.europesays.com\/no\/wp-json\/wp\/v2\/types\/post"}],"author":[{"embeddable":true,"href":"https:\/\/www.europesays.com\/no\/wp-json\/wp\/v2\/users\/2"}],"replies":[{"embeddable":true,"href":"https:\/\/www.europesays.com\/no\/wp-json\/wp\/v2\/comments?post=139309"}],"version-history":[{"count":0,"href":"https:\/\/www.europesays.com\/no\/wp-json\/wp\/v2\/posts\/139309\/revisions"}],"wp:featuredmedia":[{"embeddable":true,"href":"https:\/\/www.europesays.com\/no\/wp-json\/wp\/v2\/media\/139310"}],"wp:attachment":[{"href":"https:\/\/www.europesays.com\/no\/wp-json\/wp\/v2\/media?parent=139309"}],"wp:term":[{"taxonomy":"category","embeddable":true,"href":"https:\/\/www.europesays.com\/no\/wp-json\/wp\/v2\/categories?post=139309"},{"taxonomy":"post_tag","embeddable":true,"href":"https:\/\/www.europesays.com\/no\/wp-json\/wp\/v2\/tags?post=139309"}],"curies":[{"name":"wp","href":"https:\/\/api.w.org\/{rel}","templated":true}]}}