{"id":139311,"date":"2026-01-16T15:38:06","date_gmt":"2026-01-16T15:38:06","guid":{"rendered":"https:\/\/www.europesays.com\/no\/139311\/"},"modified":"2026-01-16T15:38:06","modified_gmt":"2026-01-16T15:38:06","slug":"tapte-i-retten-na-er-selskapet-slatt-konkurs-innherred-no","status":"publish","type":"post","link":"https:\/\/www.europesays.com\/no\/139311\/","title":{"rendered":"Tapte i retten. N\u00e5 er selskapet sl\u00e5tt konkurs &#8211; innherred.no"},"content":{"rendered":"<ol>\n<li><a href=\"https:\/\/news.google.com\/rss\/articles\/CBMif0FVX3lxTE1pZDB0eXVLek4wMVZnR2U5S056c3ZNTzgxSGhCU25uQTVDRG5BZS1weXQzUG5oVURIUzJqX29PSzB5SVR5Rks4Wm9UZ01kZWhhQ051a0VxV3FfLVpzcWgtY1FKR2lUVzNGYkdXaGJ3NnFJN1p3ckRiWnJyWk16ak0?oc=5\" target=\"_blank\" rel=\"nofollow noopener\">Tapte i retten. N\u00e5 er selskapet sl\u00e5tt konkurs<\/a>&nbsp;&nbsp;innherred.no<\/li>\n<li><a href=\"https:\/\/news.google.com\/rss\/articles\/CBMigwFBVV95cUxNR2xrOENmQnNsVjNrZzFFZ25COXh0UVpfcTVPZnBiM1ZxeC0xOTdybUZ0MFpER0Q5RFFSd1pGOHVjSnFlWGdoZzI3dG9BY2UyNDl4cXhJajY5UXA0TDN0ZzFGWkZscExwSDgtbjZTVzFTRGpmcGZPWDFPVnlJemIyMnlnUQ?oc=5\" target=\"_blank\" rel=\"nofollow noopener\">Verdal, TA-IV | \u2013 Har strukket oss langt for \u00e5 f\u00e5 saken l\u00f8st<\/a>&nbsp;&nbsp;Tr\u00f8nder-Avisa<\/li>\n<li><a href=\"https:\/\/news.google.com\/rss\/articles\/CBMif0FVX3lxTE5mblJjVzEzc0gzd1h6dlM0WWhaU2gyTGFpbDBWWE91SXhnWmZpc2xSM1N6RVgwdUkwSkY3R3hBb0lPeWhOc19LMU5mQUlIYzQ5alYyZUI4bWVQenlHamIxa3dOUG1wNFpDbUdnU2x6SGpyVElXY1U0UU1TbW5jN2c?oc=5\" target=\"_blank\" rel=\"nofollow noopener\">Peker p\u00e5 Grande etter konkursen<\/a>&nbsp;&nbsp;innherred.no<\/li>\n<li><a href=\"https:\/\/news.google.com\/rss\/articles\/CBMimgFBVV95cUxOZk5raWFFNjZUQjhwajBpZENfajMzOW4ycmZIUzJZbWNsVEh6MWd5T19RLXFyanVzMG9KdUFXZFVseDA2Z3p4aDVKTkdvRHYzVThqRjlGVUFqQnU4LURQMHE4VzU3SGVFdVFzcDk2c3YtTUtCODd2OExKMmllWnJ0TXRKUWJUMFM4a2RGRHJOclo1bnZ1M0hmd3hR?oc=5\" target=\"_blank\" rel=\"nofollow noopener\">Ekspert: \u2013 Strekker lovverket til det ytterste<\/a>&nbsp;&nbsp;innherred.no<\/li>\n<li><a href=\"https:\/\/news.google.com\/rss\/articles\/CBMidEFVX3lxTE8tZHpuckhxSVFxR2FTcnpGSF9NU01GT1JqZjdxeHJaUnR3WHF6cTdiV3VSLUhSSjV2Wjk0cHpIZWZTS29MdDJoMGlwejhjeXBIR0p2bW5zUE9pVnEySy1xVHpNRlZJY2VESE9mdzFMVTBBc2E0?oc=5\" target=\"_blank\" rel=\"nofollow noopener\">Boligeiernes advokat etter konkurs-nyhet: \u2013 Ikke overrasket<\/a>&nbsp;&nbsp;innherred.no<\/li>\n<\/ol>\n","protected":false},"excerpt":{"rendered":"Tapte i retten. N\u00e5 er selskapet sl\u00e5tt konkurs&nbsp;&nbsp;innherred.no Verdal, TA-IV | \u2013 Har strukket oss langt for \u00e5&hellip;\n","protected":false},"author":2,"featured_media":139312,"comment_status":"","ping_status":"","sticky":false,"template":"","format":"standard","meta":{"footnotes":""},"categories":[10],"tags":[20,21,24,25,15,22,23,13,30,28,29,14,16,26,27],"class_list":{"0":"post-139311","1":"post","2":"type-post","3":"status-publish","4":"format-standard","5":"has-post-thumbnail","7":"category-norge","8":"tag-breaking-news","9":"tag-breakingnews","10":"tag-featured-news","11":"tag-featurednews","12":"tag-headlines","13":"tag-latest-news","14":"tag-latestnews","15":"tag-news","16":"tag-no","17":"tag-norge","18":"tag-norway","19":"tag-nyheter","20":"tag-overskrifter","21":"tag-top-stories","22":"tag-topstories"},"share_on_mastodon":{"url":"https:\/\/pubeurope.com\/@no\/115905527957005812","error":""},"_links":{"self":[{"href":"https:\/\/www.europesays.com\/no\/wp-json\/wp\/v2\/posts\/139311","targetHints":{"allow":["GET"]}}],"collection":[{"href":"https:\/\/www.europesays.com\/no\/wp-json\/wp\/v2\/posts"}],"about":[{"href":"https:\/\/www.europesays.com\/no\/wp-json\/wp\/v2\/types\/post"}],"author":[{"embeddable":true,"href":"https:\/\/www.europesays.com\/no\/wp-json\/wp\/v2\/users\/2"}],"replies":[{"embeddable":true,"href":"https:\/\/www.europesays.com\/no\/wp-json\/wp\/v2\/comments?post=139311"}],"version-history":[{"count":0,"href":"https:\/\/www.europesays.com\/no\/wp-json\/wp\/v2\/posts\/139311\/revisions"}],"wp:featuredmedia":[{"embeddable":true,"href":"https:\/\/www.europesays.com\/no\/wp-json\/wp\/v2\/media\/139312"}],"wp:attachment":[{"href":"https:\/\/www.europesays.com\/no\/wp-json\/wp\/v2\/media?parent=139311"}],"wp:term":[{"taxonomy":"category","embeddable":true,"href":"https:\/\/www.europesays.com\/no\/wp-json\/wp\/v2\/categories?post=139311"},{"taxonomy":"post_tag","embeddable":true,"href":"https:\/\/www.europesays.com\/no\/wp-json\/wp\/v2\/tags?post=139311"}],"curies":[{"name":"wp","href":"https:\/\/api.w.org\/{rel}","templated":true}]}}