{"id":139313,"date":"2026-01-16T15:46:08","date_gmt":"2026-01-16T15:46:08","guid":{"rendered":"https:\/\/www.europesays.com\/no\/139313\/"},"modified":"2026-01-16T15:46:08","modified_gmt":"2026-01-16T15:46:08","slug":"togforsinkelser-vy-signalfeil-gir-togtrobbel","status":"publish","type":"post","link":"https:\/\/www.europesays.com\/no\/139313\/","title":{"rendered":"Togforsinkelser, VY | Signalfeil gir togtr\u00f8bbel"},"content":{"rendered":"\n<p>\u2013 Sk\u00f8yen\u2013Oslo S har f\u00e6rre spor i bruk. Du m\u00e5 regne med forsinkelser, og at noen tog kan bli innstilt. Dette skyldes en signalfeil, skriver Vy p\u00e5 sine hjemmesider.<\/p>\n<p>\u2013 Vi leter etter feilen. Det kan ta tid, skriver Bane Nor i en trafikkmelding klokken 15.40.<\/p>\n<p>Pressekontakt i Bane Nor, Anne Kirkhusmo, opplyser til NTB at feilen dreier seg om et signal som de ikke er helt sikre p\u00e5 at viser det den skal. Derfor kan den ikke brukes f\u00f8r fagfolk har sett p\u00e5 det og forsikret seg om at den viser det den skal vise.<\/p>\n<p>\u2013 Dette er viktig av sikkerhetsmessige \u00e5rsaker, understreker Kirkhusmo.<\/p>\n<p>   <img decoding=\"async\" width=\"4032\" height=\"3024\" fetchpriority=\"low\"  loading=\"lazy\"  src=\"https:\/\/www.europesays.com\/no\/wp-content\/uploads\/2026\/01\/img_9696.jpg\" alt=\"\" class=\"brick-c-cFOWSL\" style=\"--brick-image-ratio: 4032 \/ 3024;\"\/><\/p>\n<p><b>F\u00f8lg utviklingen her:<\/b><\/p>\n<p>Lillestr\u00f8m stasjon:<\/p>\n<p>    Oslo S:<\/p>\n<p>    Hovedbanen:<\/p>\n<p><b>Eidsvoll stasjon:<\/b><\/p>\n<p><b>Dal stasjon: <\/b><\/p>\n<p><b>Hauerseter stasjon: <\/b><\/p>\n<p><b>Nordby stasjon:<\/b><\/p>\n<p><b>Jessheim stasjon: <\/b><\/p>\n<p><b>Kl\u00f8fta stasjon: <\/b><\/p>\n<p><b>Lindeberg stasjon: <\/b><\/p>\n<p><b>Frogner stasjon: <\/b><\/p>\n<p><b>Leirsund stasjon: <\/b><\/p>\n<p>    Kongsvingerbanen:<\/p>\n<p><b>S\u00f8rumsand stasjon: <\/b><\/p>\n<p><b>Fetsund stasjon:<\/b><\/p>\n<p><b>Nerdrum stasjon: <\/b><\/p>\n<p><b>\u00c5rnes stasjon:<\/b><\/p>\n<p><b>Blaker stasjon: <\/b><\/p>\n<p><b>R\u00e5n\u00e5sfoss stasjon: <\/b><\/p>\n<p><b>Haga stasjon: <\/b><\/p>\n<p>    Gardermobanen:<\/p>\n<p><b>Oslo Lufthavn Gardermoen stasjon: <\/b><\/p>\n<p><b>Eidsvoll stasjon:<\/b><\/p>\n<p><b>Eidsvoll verk stasjon: <\/b><\/p>\n","protected":false},"excerpt":{"rendered":"\u2013 Sk\u00f8yen\u2013Oslo S har f\u00e6rre spor i bruk. Du m\u00e5 regne med forsinkelser, og at noen tog kan&hellip;\n","protected":false},"author":2,"featured_media":139314,"comment_status":"","ping_status":"","sticky":false,"template":"","format":"standard","meta":{"footnotes":""},"categories":[10],"tags":[36,20,21,24,25,15,22,23,13,30,28,29,14,16,11748,1510,5296,26,27,2396],"class_list":{"0":"post-139313","1":"post","2":"type-post","3":"status-publish","4":"format-standard","5":"has-post-thumbnail","7":"category-norge","8":"tag-art","9":"tag-breaking-news","10":"tag-breakingnews","11":"tag-featured-news","12":"tag-featurednews","13":"tag-headlines","14":"tag-latest-news","15":"tag-latestnews","16":"tag-news","17":"tag-no","18":"tag-norge","19":"tag-norway","20":"tag-nyheter","21":"tag-overskrifter","22":"tag-signalfeil","23":"tag-story","24":"tag-togforsinkelser","25":"tag-top-stories","26":"tag-topstories","27":"tag-vy"},"share_on_mastodon":{"url":"https:\/\/pubeurope.com\/@no\/115905559472184872","error":""},"_links":{"self":[{"href":"https:\/\/www.europesays.com\/no\/wp-json\/wp\/v2\/posts\/139313","targetHints":{"allow":["GET"]}}],"collection":[{"href":"https:\/\/www.europesays.com\/no\/wp-json\/wp\/v2\/posts"}],"about":[{"href":"https:\/\/www.europesays.com\/no\/wp-json\/wp\/v2\/types\/post"}],"author":[{"embeddable":true,"href":"https:\/\/www.europesays.com\/no\/wp-json\/wp\/v2\/users\/2"}],"replies":[{"embeddable":true,"href":"https:\/\/www.europesays.com\/no\/wp-json\/wp\/v2\/comments?post=139313"}],"version-history":[{"count":0,"href":"https:\/\/www.europesays.com\/no\/wp-json\/wp\/v2\/posts\/139313\/revisions"}],"wp:featuredmedia":[{"embeddable":true,"href":"https:\/\/www.europesays.com\/no\/wp-json\/wp\/v2\/media\/139314"}],"wp:attachment":[{"href":"https:\/\/www.europesays.com\/no\/wp-json\/wp\/v2\/media?parent=139313"}],"wp:term":[{"taxonomy":"category","embeddable":true,"href":"https:\/\/www.europesays.com\/no\/wp-json\/wp\/v2\/categories?post=139313"},{"taxonomy":"post_tag","embeddable":true,"href":"https:\/\/www.europesays.com\/no\/wp-json\/wp\/v2\/tags?post=139313"}],"curies":[{"name":"wp","href":"https:\/\/api.w.org\/{rel}","templated":true}]}}