{"id":139317,"date":"2026-01-16T15:53:09","date_gmt":"2026-01-16T15:53:09","guid":{"rendered":"https:\/\/www.europesays.com\/no\/139317\/"},"modified":"2026-01-16T15:53:09","modified_gmt":"2026-01-16T15:53:09","slug":"handball-faeroyene-over-10-prosent-av-befolkningen-er-i-norge","status":"publish","type":"post","link":"https:\/\/www.europesays.com\/no\/139317\/","title":{"rendered":"H\u00e5ndball, F\u00e6r\u00f8yene | Over 10 prosent av befolkningen er i Norge"},"content":{"rendered":"\n<p>N\u00e5r ti prosent av befolkningen har reist til Norge, merkes det p\u00e5 F\u00e6r\u00f8yene. Elever f\u00e5r fri fra skolen og nasjonalforsamlingen Lagtinget har lagt ned arbeidet. Dr\u00f8yt 45\u201350 elever ved en skole har f\u00e5tt fri, og i tillegg har en barnehage varslet redusert aktivitet, skriver kringkasteren <a href=\"https:\/\/kvf.fo\/greinar\/2026\/01\/16\/em-leggur-landid-lamid\" rel=\"noopener nofollow\" target=\"_blank\">KVF<\/a>.<\/p>\n<p>F\u00e6r\u00f8yene spiller mot Sveits fredag, Montenegro s\u00f8ndag og Slovenia tirsdag. Kampene foreg\u00e5r i Unity Arena p\u00e5 Fornebu i B\u00e6rum, og supporterne har satt opp busser dit. F\u00f8r og etter kampene er det planlagt fester p\u00e5 Carls i Oslo og Gateway Studios p\u00e5 Fornebu, og mellom kampene er det hyret inn underholdning om bord p\u00e5 fergen.<\/p>\n<p><b>Les ogs\u00e5: <a class=\"simple-relation related-teaser article--c-eRUmMG article--c-eRUmMG-fZoQSp-design-nettavisen article--c-eRUmMG-gwthdJ-cv\" href=\"https:\/\/www.nettavisen.no\/eksperttips-norge-setter-ny-rekord-mot-ukraina\/s\/5-95-2824583\" rel=\"nofollow noopener\" target=\"_blank\">Eksperttips: Norge setter ny rekord mot Ukraina<\/a><\/b><\/p>\n<p>Opptil 6500 f\u00e6r\u00f8yinger har kj\u00f8pt billett til F\u00e6r\u00f8yenes gruppespillskamper i h\u00e5ndball-EM p\u00e5 Unity Arena i B\u00e6rum. Det er en betydelig andel av landets totale befolkning p\u00e5 oppunder 55.000.<\/p>\n<p><b>Les ogs\u00e5: <a class=\"simple-relation related-teaser article--c-eRUmMG article--c-eRUmMG-fZoQSp-design-nettavisen article--c-eRUmMG-gwthdJ-cv\" href=\"https:\/\/www.nettavisen.no\/handball-em-2026-menn-program-og-sendeskjema\/s\/5-95-2777003\" rel=\"nofollow noopener\" target=\"_blank\">H\u00e5ndball-EM 2026 menn: Program og sendeskjema<\/a><\/b><\/p>\n<p>Fredag la fergen Norr\u00f6na til kai ved Akershuskaia i Oslo, lastet med 1000 f\u00e6r\u00f8yske h\u00e5ndballfans som h\u00e5per \u00e5 heie sitt herrelandslag fram til seier i EM.<\/p>\n<p>De 1000 som kommer med fergen, slutter seg til flere tusen andre f\u00e6r\u00f8yinger som har tatt seg til Oslo p\u00e5 annet vis. Torsdag var det hele ti flyavganger mellom F\u00e6r\u00f8yene og Oslo. Totalt ventes det at godt over en tidel av \u00f8yrikets om lag 55.000 innbyggere kommer til Oslo.<\/p>\n<p>Prisen \u2013 uten kampbilletter \u2013 er p\u00e5 3366 danske kroner per person, eller rundt 5260 norske kroner. De fleste hotellrom i Oslo i samme periode er imidlertid minst like dyre. I tillegg koster kampbillettene mellom 655 og 1692 danske kroner<\/p>\n","protected":false},"excerpt":{"rendered":"N\u00e5r ti prosent av befolkningen har reist til Norge, merkes det p\u00e5 F\u00e6r\u00f8yene. Elever f\u00e5r fri fra skolen&hellip;\n","protected":false},"author":2,"featured_media":139318,"comment_status":"","ping_status":"","sticky":false,"template":"","format":"standard","meta":{"footnotes":""},"categories":[10],"tags":[20,21,24,25,15,22,23,13,30,28,29,14,16,26,27],"class_list":{"0":"post-139317","1":"post","2":"type-post","3":"status-publish","4":"format-standard","5":"has-post-thumbnail","7":"category-norge","8":"tag-breaking-news","9":"tag-breakingnews","10":"tag-featured-news","11":"tag-featurednews","12":"tag-headlines","13":"tag-latest-news","14":"tag-latestnews","15":"tag-news","16":"tag-no","17":"tag-norge","18":"tag-norway","19":"tag-nyheter","20":"tag-overskrifter","21":"tag-top-stories","22":"tag-topstories"},"share_on_mastodon":{"url":"https:\/\/pubeurope.com\/@no\/115905587284030211","error":""},"_links":{"self":[{"href":"https:\/\/www.europesays.com\/no\/wp-json\/wp\/v2\/posts\/139317","targetHints":{"allow":["GET"]}}],"collection":[{"href":"https:\/\/www.europesays.com\/no\/wp-json\/wp\/v2\/posts"}],"about":[{"href":"https:\/\/www.europesays.com\/no\/wp-json\/wp\/v2\/types\/post"}],"author":[{"embeddable":true,"href":"https:\/\/www.europesays.com\/no\/wp-json\/wp\/v2\/users\/2"}],"replies":[{"embeddable":true,"href":"https:\/\/www.europesays.com\/no\/wp-json\/wp\/v2\/comments?post=139317"}],"version-history":[{"count":0,"href":"https:\/\/www.europesays.com\/no\/wp-json\/wp\/v2\/posts\/139317\/revisions"}],"wp:featuredmedia":[{"embeddable":true,"href":"https:\/\/www.europesays.com\/no\/wp-json\/wp\/v2\/media\/139318"}],"wp:attachment":[{"href":"https:\/\/www.europesays.com\/no\/wp-json\/wp\/v2\/media?parent=139317"}],"wp:term":[{"taxonomy":"category","embeddable":true,"href":"https:\/\/www.europesays.com\/no\/wp-json\/wp\/v2\/categories?post=139317"},{"taxonomy":"post_tag","embeddable":true,"href":"https:\/\/www.europesays.com\/no\/wp-json\/wp\/v2\/tags?post=139317"}],"curies":[{"name":"wp","href":"https:\/\/api.w.org\/{rel}","templated":true}]}}