{"id":139319,"date":"2026-01-16T15:54:09","date_gmt":"2026-01-16T15:54:09","guid":{"rendered":"https:\/\/www.europesays.com\/no\/139319\/"},"modified":"2026-01-16T15:54:09","modified_gmt":"2026-01-16T15:54:09","slug":"trekker-seg-fra-melodi-grand-prix","status":"publish","type":"post","link":"https:\/\/www.europesays.com\/no\/139319\/","title":{"rendered":"Trekker seg fra Melodi Grand Prix"},"content":{"rendered":"<p>Det ble en dramatisk oppkj\u00f8ring til fjor\u00e5rets artistslipp for Melodi Grand Prix.\u00a0<\/p>\n<p>Da kunne nemlig\u00a0<a href=\"https:\/\/www.tv2.no\/underholdning\/angelina-jordan-trekker-seg-fra-mgp\/17366675\/\" target=\"_blank\" rel=\"nofollow noopener\">TV 2 avsl\u00f8re at b\u00e5de Angelina Jordan (20)<\/a> og tidligere <a href=\"https:\/\/www.google.com\/search?q=lavrans+svendsen+trekker+seg+mgp&amp;oq=lavrans+svendsen+trekker+seg+mgp&amp;gs_lcrp=EgZjaHJvbWUyBggAEEUYOTIHCAEQABjvBTIHCAIQABjvBTIHCAMQABjvBTIKCAQQABiiBBiJBTIHCAUQABjvBdIBCDM5NThqMGo0qAIAsAIB&amp;sourceid=chrome&amp;ie=UTF-8\" target=\"_blank\" rel=\"nofollow noopener\">\u00abThe Voice\u00bb-deltager Lavrans Svendsen (23) hadde valgt \u00e5 trekke seg<\/a> kort tid f\u00f8r konkurransen.<\/p>\n<p>    <a class=\"article__link\" data-ga-active-label=\"\" data-ga-active-label-animation=\"\" href=\"https:\/\/www.tv2.no\/underholdning\/the-voice-lavrans-har-trukket-seg-fra-melodi-grand-prix\/17365763\/\" rel=\"nofollow noopener\" target=\"_blank\"><\/p>\n<p>    <img class=\"image__img lazyload\" itemprop=\"image\" title=\"\" alt=\"\" width=\"978\" height=\"411\" bad-src=\"https:\/\/www.europesays.com\/no\/wp-content\/uploads\/2026\/01\/16646179.webp.jpeg\" fetchpriority=\"auto\" \/><\/p>\n<p>\n            Lavrans har trukket seg fra Melodi Grand Prix\n        <\/p>\n<p>    <\/a><\/p>\n<p>Fjor\u00e5rets norske finale gikk derfor av stabelen med \u00e9n deltager mindre enn planlagt, ettersom det ble for sent \u00e5 finne en erstatter for sistnevnte.<\/p>\n<p class=\"bold m-bold\" data-lab-font_weight=\"bold\">N\u00e5 bekrefter B\u00e5rd (43) og Vegard Ylvis\u00e5ker (46) at de har trukket seg fra den norske utvelgelsen til Eurovision Song Contest.<\/p>\n<p data-lab-font_weight=\"\">Det gj\u00f8r de p\u00e5 <a href=\"https:\/\/www.instagram.com\/p\/DTk5q5ojJg-\/?img_index=1\" target=\"_blank\" rel=\"nofollow noopener\">Instagram<\/a>.<\/p>\n<p class=\"italic m-italic\" data-lab-font_weight=\"\" data-lab-italic=\"italic\">Les hva NRK sier lenger ned i saken.<\/p>\n<p>Derfor deltar de ikke<\/p>\n<p>\u2013 De siste dagene er vi blitt kontaktet av presse om v\u00e5r deltakelse i MGP og vi \u00f8nsker derfor \u00e5 fortelle dette fra v\u00e5r side for \u00e5 unng\u00e5 misforst\u00e5elser, skriver br\u00f8drene innledningsvis.<\/p>\n<p class=\"bold m-bold\" data-lab-font_weight=\"bold\">Grunnen til at Ylvis-br\u00f8drene ikke velger \u00e5 delta likevel, er p\u00e5 grunn av Israels deltakelse i konkurransen.\u00a0<\/p>\n<p>\u2013 Vi gjorde det klart for NRK tidlig i prosessen at vi ikke \u00f8nsket \u00e5 st\u00e5 p\u00e5 samme scene som Israel s\u00e5 lenge krigsforbrytelsene og bruddene p\u00e5 folkeretten fortsatte. <\/p>\n<p>Br\u00f8drene skriver videre at deres\u00a0h\u00e5p var at EBU h\u00f8sten 2025 skulle beslutte at Israels kringkaster ikke skulle f\u00e5 delta i \u00e5rets Eurovision \u2013 slik de gjorde med Russland da de invaderte Ukraina i 2022. <\/p>\n<p>\u2013 Da det i desember ble klart at dette ikke ville skje, s\u00e5 vi ingen andre muligheter enn \u00e5 si fra oss plassen i \u00e5rets konkurranse. <\/p>\n<p>Annonseres mandag<\/p>\n<p>I \u00e5r avholdes finalen i H\u00e5kons Hall p\u00e5 Lillehammer, l\u00f8rdag 28. februar. Der skal ni artister kjempe om \u00e5 f\u00e5 representere Norge i Eurovision Song Contest, i Wien i mai.\u00a0<\/p>\n<p>\u00c5tte av artistene som skal kjempe om gullet blir avsl\u00f8rt mandag 19. januar.\u00a0<\/p>\n<p>Mens den niende og siste finalisten skal avgj\u00f8res gjennom en radiokonkurranse mellom \u00e5tte artister. Der skal publikum stemme frem sin favoritt.<\/p>\n<p>Ryktes om comeback<\/p>\n<p>Som TV 2 tidligere har omtalt, verserer det rykter om at Alexander Rybak er klar for comeback i \u00e5rets konkurranse.<\/p>\n<p>\u2013 Vi kommenterer ikke artist-rykter f\u00f8r lansering, men det er helt tydelig at rykteb\u00f8rsen allerede er godt i gang \u2013 og det synes jeg er kjempeg\u00f8y.<\/p>\n<p>\u2013 Vi har en helt nydelig miks av artister vi har jobbet med i flere m\u00e5neder n\u00e5, og som vi er veldig stolte av. Det er bare \u00e5 spekulere videre og virkelig begynne \u00e5 glede seg, sa musikkansvarlig i MGP, Tarjei Str\u00f8m, til TV 2 den gangen.<\/p>\n<p>Artisten som st\u00e5r igjen som vinner, skal ut i ilden i den andre semifinalen av ESC 14. mai, og konkurrere mot 14 andre land om de \u00e6refulle plassene i finalen l\u00f8rdag 16. mai.<\/p>\n<p>    <a class=\"article__link\" data-ga-active-label=\"\" data-ga-active-label-animation=\"\" href=\"https:\/\/www.tv2.no\/underholdning\/har-han-avslort-seg\/18436177\/\" rel=\"nofollow noopener\" target=\"_blank\"><\/p>\n<p>    <img class=\"image__img lazyload\" itemprop=\"image\" title=\"\" alt=\"\" width=\"978\" height=\"411\" bad-src=\"https:\/\/www.europesays.com\/no\/wp-content\/uploads\/2026\/01\/18436565.webp.jpeg\" fetchpriority=\"auto\" \/><\/p>\n<p>\n            Har han avsl\u00f8rt seg her?\n        <\/p>\n<p>    <\/a><\/p>\n<p><script async src=\"\/\/www.instagram.com\/embed.js\"><\/script><\/p>\n","protected":false},"excerpt":{"rendered":"Det ble en dramatisk oppkj\u00f8ring til fjor\u00e5rets artistslipp for Melodi Grand Prix.\u00a0 Da kunne nemlig\u00a0TV 2 avsl\u00f8re at&hellip;\n","protected":false},"author":2,"featured_media":139320,"comment_status":"","ping_status":"","sticky":false,"template":"","format":"standard","meta":{"footnotes":""},"categories":[5],"tags":[20,21,24,25,15,19,22,23,17,18,13,30,28,29,14,16,26,27],"class_list":{"0":"post-139319","1":"post","2":"type-post","3":"status-publish","4":"format-standard","5":"has-post-thumbnail","7":"category-overskrifter","8":"tag-breaking-news","9":"tag-breakingnews","10":"tag-featured-news","11":"tag-featurednews","12":"tag-headlines","13":"tag-hovedoppslag","14":"tag-latest-news","15":"tag-latestnews","16":"tag-main-news","17":"tag-mainnews","18":"tag-news","19":"tag-no","20":"tag-norge","21":"tag-norway","22":"tag-nyheter","23":"tag-overskrifter","24":"tag-top-stories","25":"tag-topstories"},"share_on_mastodon":{"url":"https:\/\/pubeurope.com\/@no\/115905590858791016","error":""},"_links":{"self":[{"href":"https:\/\/www.europesays.com\/no\/wp-json\/wp\/v2\/posts\/139319","targetHints":{"allow":["GET"]}}],"collection":[{"href":"https:\/\/www.europesays.com\/no\/wp-json\/wp\/v2\/posts"}],"about":[{"href":"https:\/\/www.europesays.com\/no\/wp-json\/wp\/v2\/types\/post"}],"author":[{"embeddable":true,"href":"https:\/\/www.europesays.com\/no\/wp-json\/wp\/v2\/users\/2"}],"replies":[{"embeddable":true,"href":"https:\/\/www.europesays.com\/no\/wp-json\/wp\/v2\/comments?post=139319"}],"version-history":[{"count":0,"href":"https:\/\/www.europesays.com\/no\/wp-json\/wp\/v2\/posts\/139319\/revisions"}],"wp:featuredmedia":[{"embeddable":true,"href":"https:\/\/www.europesays.com\/no\/wp-json\/wp\/v2\/media\/139320"}],"wp:attachment":[{"href":"https:\/\/www.europesays.com\/no\/wp-json\/wp\/v2\/media?parent=139319"}],"wp:term":[{"taxonomy":"category","embeddable":true,"href":"https:\/\/www.europesays.com\/no\/wp-json\/wp\/v2\/categories?post=139319"},{"taxonomy":"post_tag","embeddable":true,"href":"https:\/\/www.europesays.com\/no\/wp-json\/wp\/v2\/tags?post=139319"}],"curies":[{"name":"wp","href":"https:\/\/api.w.org\/{rel}","templated":true}]}}