{"id":139323,"date":"2026-01-16T16:00:14","date_gmt":"2026-01-16T16:00:14","guid":{"rendered":"https:\/\/www.europesays.com\/no\/139323\/"},"modified":"2026-01-16T16:00:14","modified_gmt":"2026-01-16T16:00:14","slug":"barndom-boomer-generasjonen-boomer-generasjonen-talte-30-minus-dagens-unge-taler-ikke-at-mobilen-dor","status":"publish","type":"post","link":"https:\/\/www.europesays.com\/no\/139323\/","title":{"rendered":"Barndom, Boomer-generasjonen | Boomer-generasjonen t\u00e5lte 30 minus, dagens unge t\u00e5ler ikke at mobilen d\u00f8r"},"content":{"rendered":"\n<p>Dette frav\u00e6ret av evne til \u00e5 h\u00e5ndtere normale livsutfordringer er ikke lenger bare et problem for unge. Manglende evne til \u00e5 h\u00e5ndtere normale livsutfordringer er blitt et nasjonalt sikkerhetsproblem.<\/p>\n<p>Statsminister Jonas Gahr St\u00f8re har nylig understreket alvoret. Med utgangspunkt i at Norge st\u00e5r i den mest alvorlige sikkerhetspolitiske situasjonen siden andre verdenskrig, har han bedt om \u00e5 holde en egen orientering for Stortinget. Regjeringen varsler n\u00e5 om krigsfare som varsom.no varsler sn\u00f8skred.<\/p>\n<p>Sterkestes rett gjelder<\/p>\n<p>Beveger vi oss i den terminologien, ligger faren for milit\u00e6r konflikt n\u00e5 trolig p\u00e5 oransje niv\u00e5. Bakteppet er skrotingen av verdensordenen som ble etablert etter andre verdenskrig. N\u00e5 er det den sterkes rett som igjen gjelder.<\/p>\n<p>            Dette er bakteppet<\/p>\n<p>Den gamle verdensorden basert p\u00e5 forutsigbarhet der NATO, FN og Bretton Woods ble etablert for \u00e5 sikre global stabilitet er p\u00e5 mange m\u00e5ter skrotet. USA holder p\u00e5 \u00e5 abdisere som den vestlige verdens milit\u00e6re og \u00f8konomiske garantist.<\/p>\n<p>Som Steven Miller, Trumps r\u00e5dgiver, kynisk uttalte til CNN 5. januar:<\/p>\n<p> \u00abVi lever i en verden som styres av styrke og makt. Du kan snakke alt du vil om internasjonale finesser, men i den virkelige verden er det makten som r\u00e5r.\u00bb<\/p>\n<p>En eventuell annektering av Gr\u00f8nland handler trolig mer om at USA \u00f8nsker tilgang til veldig sjeldne mineraler enn Arktisk kontroll. P\u00e5 samme m\u00e5te som fjerningen av Nicol\u00e1s Madurohandlet om tilgang p\u00e5 og kontroll over Venezuelas enorme oljereserver. <\/p>\n<p>Europa i er n\u00e5 i den totalt absurde situasjonen at sju NATO-land \u2013 Danmark, Norge, Sverige, Finland, Tyskland, Frankrike, Nederland og Storbritannia. \u2013 er g\u00e5tt sammen om Operation Arctic Endurance. Oppdraget er \u00e5 vise milt\u00e6re tilstedev\u00e6relse og styrke overv\u00e5kningen av Gr\u00f8ndland. Norge sender to soldater til dette oppdraget.<\/p>\n<p>Sju europeiske statsledere &#8211; Frankrike, Tyskland, Italia, Polen, Spania, Storbritannia og Danmark. &#8211; underskrev dokumentet 6. januar &laquo;Greenland belongs to its people&raquo; .<\/p>\n<p>offisielt for \u00e5 bygge isbrytere mot russisk og kinesisk aktivitet, men reelt sett fungerer initiativet som en akutt europeisk forsvarsmekanisme mot Donald Trumps trusler om \u00e5 annektere Gr\u00f8nland.<\/p>\n<p>Norge har ikke signert dette dokumentet. I stedet har de nordiske utenriksministrene (Norge, Sverige, Finland, Island og Danmark) gitt en <b>egen felles nordisk uttalelse<\/b>.<\/p>\n<p>Det Norge har valgt \u00e5 gj\u00f8re, er:<\/p>\n<ul>\n<li>Sende personell til den danskledede operasjonen p\u00e5 bakken.<\/li>\n<li>Delta i den milit\u00e6re koordineringen sammen med de andre europeiske landene.<\/li>\n<\/ul>\n<p>Om Trump ikke f\u00e5r det som han vil p\u00e5 Gr\u00f8nland, spekuleres det i om Svalbard kan komme i spill p\u00e5 samme m\u00e5te.<\/p>\n<p>Som ved alle store hamskifter tyter en ny virkelighet ut. Om vi slutter \u00e5 se p\u00e5 oss selv som en trygg del av en allianse, og heller som et mulig bytte, blir s\u00e5rbarheten v\u00e5r prek\u00e6r. Historien har vist at det er den sterkestes rett som gjelder. N\u00e5 er vi der igjen.<\/p>\n<p>Akkurat som spanjolene plyndret aztekerne for gull p\u00e5 1500-tallet, risikerer vi at v\u00e5r enorme pengebinge, v\u00e5re naturressurser og v\u00e5r strategiske beliggenhet lokker til seg moderne erobrere.<\/p>\n<p>Potensialet for mye h\u00f8yere konfliktniv\u00e5, inkludert krig, er blitt mye st\u00f8rre. Da trenger vi troverdig nasjonal motstandskraft. Selvf\u00f8lgelig f\u00f8rst og fremst milit\u00e6rt, men en nasjons motstandskraft henger ogs\u00e5 n\u00f8ye sammen med hva hvert enkelt menneske kan mobilisere. Det gjelder s\u00e6rlig de mest utsatte blant oss, barn og unge.<\/p>\n<p>Sitter alene p\u00e5 rommet sitt<\/p>\n<p>Akkurat n\u00e5 befinner de seg p\u00e5 en m\u00e5te i et slags indre eksil, der vi tror at de er vernet mot alt vondt og vanskelig inne p\u00e5 barnerommene sine.<\/p>\n<p>Det er de slett ikke. Der inne utspiller det seg en epidemi i psykisk uhelse, s\u00e6rlig blant jenter.<\/p>\n<p>Fastlege Morten Busch oppsummerte i en debattartikkel i Aftenposten 15. desember under tittelen \u00abEr det mulig \u00e5 l\u00e6re ungdom robusthet? Ja, og vi b\u00f8r snakke langt mer om det.\u00bb, situasjonen slik:<\/p>\n<p> \u00abHenvisningstallene til psykisk helsevern \u00f8ker voldsomt. Ungdom st\u00e5r i k\u00f8 for helsehjelp som ikke finnes. (&#8230;) Og ja, kapasiteten i psykisk helsevern er presset til bristepunktet. Men vi overser en helt sentral del av problemet: mangel p\u00e5 robusthet.\u00bb<\/p>\n<p>Fra en barndom med masse fysisk lek og streifing sammen med andre barn, har vi g\u00e5tt til en telefonbasert barndom hvor barn og ungdom sitter mesteparten av tida p\u00e5 rommene sine med null risiko for \u00e5 bli skadet, men med h\u00f8y risiko for digital mobbing.<\/p>\n<p>Generasjon NEET \u2013 unge mellom 15-29 som st\u00e5r utenfor arbeid, oppl\u00e6ring og utdanning \u2013 vokser eksplosivt i hele den vestlige verden. I Norge teller gruppen som driver for vind og v\u00e6r godt over 100 000 unge.<\/p>\n<p>Det er selvf\u00f8lgelig veldig mange \u00e5rsaker til denne inndrivingen fra l\u00f8kka til barnerommet, men en viktig driver har v\u00e6rt foreldres behov for \u00e5 verne barna sine mot fysiske farer, mobbing og trakassering.<\/p>\n<p>At barna er mye alene p\u00e5 rommene sine fremg\u00e5r av den siste nasjonale Ungdata-unders\u00f8kelsen p\u00e5 ungdomstrinnet. I Troms\u00f8 oppgir nesten \u00e9n av tre at de ikke har hatt bes\u00f8k av venner eller v\u00e6rt hos venner i hjemmet siste uka. Like mange oppgir at det har skjedd \u00e9n gang.<\/p>\n<p>   <img decoding=\"async\" width=\"713\" height=\"554\" fetchpriority=\"low\"  loading=\"lazy\"  src=\"https:\/\/www.europesays.com\/no\/wp-content\/uploads\/2026\/01\/Skjermbilde+2025-12-17+152248.png\" alt=\"\" class=\"brick-c-cFOWSL\" style=\"--brick-image-ratio: 713 \/ 554;\"\/><\/p>\n<p>Foreldrene har full kontroll p\u00e5 dem. Hele 94 prosent oppgir at foreldrene vet hvem de er sammen med p\u00e5 fritida. Bare \u00e9n av fire oppgir at de fors\u00f8ker \u00e5 skjule hvem de er sammen med overfor foreldrene sine. De unge har ingen etablert barne- og ungdomsverden helt for seg selv.<\/p>\n<p>   <img decoding=\"async\" width=\"721\" height=\"453\" fetchpriority=\"low\"  loading=\"lazy\"  src=\"https:\/\/www.europesays.com\/no\/wp-content\/uploads\/2026\/01\/vite+hvem+jeg+er+sammen+med.jpg\" alt=\"\" class=\"brick-c-cFOWSL\" style=\"--brick-image-ratio: 721 \/ 453;\"\/><\/p>\n<p>Vi har kreert en verden for dem hvor de ikke f\u00f8lger nyhetsstr\u00f8mmen og i liten grad vet hva krig inneb\u00e6rer. Vi snakker om en veldig polstret barndom.<\/p>\n<p>Hva om vi m\u00e5 evakuere?<\/p>\n<p>Hva skjer om barn og unge plutselig skal ut av gaming, Snapchat og Instagram-virkeligheten sin og g\u00e5 s\u00f8rover som f\u00f8lge av at russerne angriper oss fra \u00f8st?<\/p>\n<p>Forsvaret formoder at russiske styrker vil oppf\u00f8re seg som de gj\u00f8r i Ukraina. At massakre \u00e0 la den i Butsja vinteren 2022 kan gjenta seg her. \u00c5 gi seg ut p\u00e5 vandring kan v\u00e6re den eneste rasjonelle respons. Det er derfor naturlig \u00e5 sp\u00f8rre:<\/p>\n<p>Vil du og din familie t\u00e5le en slik vandring?<\/p>\n<p>Det er umulig \u00e5 besvare et slikt sp\u00f8rsm\u00e5l med et entydig ja eller nei. Som mennesker er vi jo veldig tilpasningsdyktige, men samtidig er det klart at mens vi tidligere genererte varme gjennom bevegelse og arbeid, er vi g\u00e5tt til et folk som konsumerer varme gjennom str\u00f8m og avanserte kl\u00e6r.<\/p>\n<p>Jeg tror en evakuering p\u00e5 vinterstid i dag hadde g\u00e5tt ganske d\u00e5rlig.<\/p>\n<p>Finnenes erfaringer<\/p>\n<p>Sist noen stod opp imot russere her nord, var da finnene sloss mot dem under vinterkrigen (1939\u20131940). Finnene var et folk som virkelig kunne skape energi gjennom bevegelse og arbeid.<\/p>\n<p>I m\u00e5ten de utkjempet en mobil geriljakrig p\u00e5 ski, der de utnyttet terrenget og den knallharde vinteren til \u00e5 utradere overlegne sovjetiske kolonner gjennom den effektive \u00abmotti\u00bb-taktikken, ligger det fortsatt mye l\u00e6ring.<\/p>\n<p>            Dette er Motti-tatikken<\/p>\n<p><a href=\"https:\/\/www.google.com\/search?q=Motti-taktikk&amp;rlz=1C1GCCA_enNO1190NO1190&amp;oq=motti+tak&amp;gs_lcrp=EgZjaHJvbWUqBwgAEAAYgAQyBwgAEAAYgAQyBggBEEUYOTIICAIQABgWGB4yCAgDEAAYFhgeMggIBBAAGBYYHjIKCAUQABgKGBYYHjIICAYQABgWGB4yCggHEAAYgAQYogQyCggIEAAYgAQYogQyCggJEAAYgAQYogTSAQk2OTQ1ajBqMTWoAgiwAgE&amp;sourceid=chrome&amp;ie=UTF-8&amp;mstk=AUtExfDYoUdAnXCJIRr30OIeu1lY5nYR_-9U83RXHpSIsb7icr708JKMU_odQyJ1C1PWzYlH3WOiy2pFBWArjtJvO_17fTBybUQsQqiaZlJo8eU2JSAqIdRelahIj8ViOqtFPMhPKLfuLEtEvAXWP9bgpkTVn9RcGVMopuQoQ7wCRtaJMqc&amp;csui=3&amp;ved=2ahUKEwjl2e_C6YiSAxXLQ_EDHYxsJs8QgK4QegQIARAB\" rel=\"nofollow noopener\" target=\"_blank\">Motti-taktikk<\/a> er en finsk milit\u00e6r strategi fra Vinterkrigen (1939-1940), der russiske, veibundne enheter ble omringet i sm\u00e5 lommer i skogen for \u00e5 kutte forsyninger og \u00f8delegge dem gradvis med sm\u00e5, mobile enhete. Finnene utnytte terrenget, vinterforholdene og overraskelsesmomentet for \u00e5 n\u00f8ytralisere en numerisk overlegen fiende. Russerne ble angrepet med infanteri, snikskyttere og geriljalignende metoder, noe som f\u00f8rte til store tap for Sovjetunionen, som i slaget ved Suomussalmi. <\/p>\n<p>Og ikke bare det. Med n\u00e6rmere 90 000 falne, tap av store landomr\u00e5der og nesten en halv million finner p\u00e5 flukt, spiller vinterkrigen og fortsettelseskrigen fortsatt kraftfullt inn i finsk beredskap og forsvarspolitikk.<\/p>\n<p>   <img decoding=\"async\" width=\"1024\" height=\"753\" fetchpriority=\"low\"  loading=\"lazy\"  src=\"https:\/\/www.europesays.com\/no\/wp-content\/uploads\/2026\/01\/0Chh9rZe7RY.jpg\" alt=\"\" class=\"brick-c-cFOWSL\" style=\"--brick-image-ratio: 1024 \/ 753;\"\/><\/p>\n<p>      Vinterkrigen. Finske soldater under slaget om Viborg. Scan-Foto:Lehtikuva Oy.<\/p>\n<p>Det er ikke vanskelig \u00e5 skj\u00f8nne hvor tydeligheten til den finske presidenten Alexander Stubb kommer fra. Den er forankret i en kollektiv forst\u00e5else av at frihet kan v\u00e6re veldig kostbar.<\/p>\n<p>   <img decoding=\"async\" width=\"1024\" height=\"683\" fetchpriority=\"low\"  loading=\"lazy\"  src=\"https:\/\/www.europesays.com\/no\/wp-content\/uploads\/2026\/01\/Stubb.jpg\" alt=\"\" class=\"brick-c-cFOWSL\" style=\"--brick-image-ratio: 1024 \/ 683;\"\/><\/p>\n<p>Vil du ha innblikk i selve kjernen i den finske motstandskraften, er det bare \u00e5 lese V\u00e4in\u00f6 Linnas \u00abUkjent soldat\u00bb og hans monumentale Polstjerne-trilogi. \u00abUkjent soldat\u00bb er ogs\u00e5 filmatisert (2017). Den b\u00f8r vises p\u00e5 norske skoler.<\/p>\n<p>   <img decoding=\"async\" width=\"340\" height=\"481\" fetchpriority=\"low\"  loading=\"lazy\"  src=\"https:\/\/www.europesays.com\/no\/wp-content\/uploads\/2026\/01\/1699483556.jpg\" alt=\"\" class=\"brick-c-cFOWSL\" style=\"--brick-image-ratio: 340 \/ 481;\"\/><\/p>\n<p>Ukraina viser i dag en lignende utholdenhet. Selv om de har moderne v\u00e5pen, foreg\u00e5r mye av krigen i gj\u00f8rmete skyttergraver og iskalde bunkere. Mange av de ukrainske soldatene kommer fra en bakgrunn der man fortsatt m\u00e5 fikse ting selv, der man kjenner verdien av fysisk arbeid, og der man har et n\u00e6rt forhold til jorda.<\/p>\n<p><b>De har en eksistensiell stamina. De vet at alternativet til \u00e5 t\u00e5le ubehaget er utslettelse.<\/b><\/p>\n<p>Vokste opp ute i dels ekstrem kulde<\/p>\n<p>Min generasjon\u2013 babyboomerne, oss som er f\u00f8dt mellom 1946 og 1964 \u2013 hadde i noen grad en oppvekst ikke s\u00e5 ulik de finske soldatenes. Fellesnevneren er et liv ute, ofte i ekstrem kulde.<\/p>\n<p><b>For det f\u00f8rste var vintrene p\u00e5 60-tallet satans kalde.<\/b><\/p>\n<p>Det var et av de kaldeste ti\u00e5rene i Norge i forrige \u00e5rhundre. For Innlandet og Hallingdal der jeg vokste opp, betydde dette lange perioder med stabilt h\u00f8ytrykk og sprengkulde. Karasjok hadde med minus 27,1 grader i 1966 den laveste m\u00e5nedlige middeltemperaturen som noen gang er m\u00e5lt.<\/p>\n<p>Vinterutrustingen v\u00e5r var skrall. Anorakk, vadmelsbukse, uforede beks\u00f8mst\u00f8vler, hjemmestrikkede ullvotter med nylonovertrekk og skjerf. Barn blir ikke sendt ut i s\u00e5 sterk kulde i dag og i alle fall ikke s\u00e5 d\u00e5rlig kledd.<\/p>\n<p>V\u00e5rt svar var \u00e5 bevege oss. Og det veldig mye.<\/p>\n<p>Inn kom vi med brennende neglsprett p\u00e5 hender og f\u00f8tter. Vottene m\u00e5tte vi ofte bite av oss. Evnen til \u00e5 gripe hadde forlatt hendene v\u00e5re. Vi hadde kompetanse i det \u00e5 v\u00e6re ute i sterk kulde som kanskje bare spesialsoldater har i dag.<\/p>\n<p>En barndomsvenn av meg fra \u00c5l i Hallingdal la nylig ut dette diplomet han hadde f\u00e5tt for innsatsen i Skolelandsskikampen skole\u00e5ret 1967\/68 p\u00e5 Facebook. If\u00f8lge diplomet gikk Alf-Egil (f. 1955) 857 kilometer den kalde vinteren med temperaturer ned mot minus 30 grader.<\/p>\n<p>   <img decoding=\"async\" width=\"526\" height=\"636\" fetchpriority=\"low\"  loading=\"lazy\"  src=\"https:\/\/www.europesays.com\/no\/wp-content\/uploads\/2026\/01\/Arneg%C3%A5rd.jpg\" alt=\"\" class=\"brick-c-cFOWSL\" style=\"--brick-image-ratio: 526 \/ 636;\"\/><\/p>\n<p>Han gikk ikke med tanke p\u00e5 \u00e5 trene for \u00e5 bli god i konkurranser. Vi gikk for \u00e5 f\u00e5 gullmerket (mer enn 500 km) og for at skolen v\u00e5r skulle vinne Skolelandskampen p\u00e5 ski.<\/p>\n<p>   <img decoding=\"async\" width=\"1536\" height=\"2048\" fetchpriority=\"low\"  loading=\"lazy\"  src=\"https:\/\/www.europesays.com\/no\/wp-content\/uploads\/2026\/01\/pins.jpg\" alt=\"\" class=\"brick-c-cFOWSL\" style=\"--brick-image-ratio: 1536 \/ 2048;\"\/><\/p>\n<p>Sv\u00e6rt mange barn gikk uhorvelig mange kilometer p\u00e5 ski. Vi gikk til og fra skolen, i alle friminutt, etter skolen og lange skiturer i helgene.<\/p>\n<p>Staminaen Alf Egil fikk fra barnsben, har fulgt ham gjennom livet. Han ble yrkessj\u00e5f\u00f8r og har kj\u00f8rt en distanse som tilsvarer avstanden til m\u00e5nen 3,5 ganger.<\/p>\n<p>Selvf\u00f8lgelig kj\u00f8rer han fortsatt.<\/p>\n<p>Lav foreldrekontroll<\/p>\n<p>V\u00e5r oppvekst var dessuten uten s\u00e6rlig foreldrekontroll. Vi var p\u00e5 en m\u00e5te bemyndiget til \u00e5 oppdra oss selv. Som en eldre kollega skrev i en nekrolog om en venn:<\/p>\n<p> \u00abGata var v\u00e5r lekeplass, idrettsarena, og utgangspunkt for ekspedisjoner til forbudte omr\u00e5der. Det var null kontroll. Ute kunne vi gj\u00f8re som vi ville.\u00bb<\/p>\n<p>Barn p\u00e5 selvstyr finner selvf\u00f8lgelig p\u00e5 mye rart. Langs veier, stier, elver, opp og ned tr\u00e6r og fjell l\u00f8p, syklet, klatret, kr\u00f8p og kravlet vi. Selvf\u00f8lgelig var vi ofte i fare. Selv kan jeg takke en barndomsvenn for at jeg lever. Han grep h\u00e5nda mi akkurat da jeg var i ferd med \u00e5 falle ned fra et fjell.<\/p>\n<p>Disse erfaringene gjorde oss i stand til \u00e5 h\u00e5ndtere natur, vurdere risiko og \u00e5 ta beslutninger uten \u00e5 r\u00e5df\u00f8re oss med voksne. I og med at vi var skulder til skulder med v\u00e5re venner, l\u00e6rte vi dem \u00e5 kjenne under alle slags forhold. Vi hadde et enormt stort og viktig barnefellesskap de voksne ikke var involvert i. Et fellesskap som i dag er borte.<\/p>\n<p>Det f\u00f8rte til at vi p\u00e5 godt og vondt kunne hverandre ut og inn.<\/p>\n<p><b>Mine foreldre og dagens har likevel det til felles at de elsket barna sine. De gj\u00f8r det bare p\u00e5 veldig forskjellig vis. V\u00e5re foreldre oppdro oss med tanke p\u00e5 at vi skulle bli selvstendige individer. <\/b><\/p>\n<p>De lyktes med kirurgisk presisjon.<\/p>\n<p>Les ikke dette som at allting var bedre f\u00f8r. Det var slett ikke rosenr\u00f8dt \u00e5 vokse opp som babyboomer.<\/p>\n<p>Mange fra min generasjon har selvf\u00f8lgelig traumer fra en t\u00f8ff barndom uten egentlig s\u00e5 mye voksensupport. Min generasjon, s\u00e6rlig menn, er veldig d\u00e5rlig p\u00e5 \u00e5 ventilere f\u00f8lelser.<\/p>\n<p>Det som er helt sikkert, er at barnevernet hadde kommet og hentet de fleste av oss om vi hadde blitt transportert i tid fram til i dag. Vi har masse s\u00e5r \u00e5 bale med.<\/p>\n<p><b>Ikke tro at jeg ikke ser svakheter med boomernes barndom. <\/b><\/p>\n<p>Mangler fysisk beredskap<\/p>\n<p>Likevel: V\u00e5r oppvekst gjorde oss bedre til \u00e5 h\u00e5ndtere fare, treffe valg, stole p\u00e5 egne vurderinger og gjorde oss langt tidligere voksne enn dagens unge.<\/p>\n<p>De har en annen type utholdenhet mentalt og digitalt, men mangler den fysiske og praktiske beredskapen som kreves n\u00e5r teknologien svikter.<\/p>\n<p>I denne konteksten er kvintessensen av min analyse:<\/p>\n<p>Vi hadde t\u00e5lt \u00e5 g\u00e5 veldig mange kilometer til fots eller p\u00e5 ski til og med i sterk kulde. Det er en kvalitet vi trodde hadde g\u00e5tt ut p\u00e5 dato.<\/p>\n<p>Det har den ikke.<\/p>\n<p>Skal vi gi barna v\u00e5re denne robustheten tilbake, m\u00e5 vi uansett t\u00f8rre \u00e5 slippe taket i den polstrede hverdagen. Det handler ikke om \u00e5 sende dem ut i 30 minusgrader i beks\u00f8msko, men om \u00e5 gjeninnf\u00f8re et eget barneunivers med utfordrende lek som en viktig komponent.<\/p>\n<p>La dem kjenne p\u00e5 sult og fysisk utmattelse<\/p>\n<p>Vi m\u00e5 la dem kjenne p\u00e5 kulde, sult og fysisk utmattelse under kontrollerte, men utfordrende former. De m\u00e5 f\u00e5 oppleve at ubehag ikke er det samme som krise, men en tilstand man kan overvinne med egen vilje.<\/p>\n<p>Dette krever ogs\u00e5 en kursendring i skolen og hjemmet, hvor vi slutter \u00e5 fjerne alle hindringer foran barna v\u00e5re. Vi m\u00e5 stille krav som koster dem noe. Barn og unge elsker denne typen utfordringer.<\/p>\n<p>N\u00e5r vi l\u00e6rer en ungdom \u00e5 tenne et b\u00e5l i regnv\u00e6r eller \u00e5 navigere etter kart n\u00e5r mobilen er tom for str\u00f8m, gir vi dem noe mer enn bare en ferdighet \u2013 vi gir dem troen p\u00e5 at de kan handle n\u00e5r verden rundt dem svikter.<\/p>\n<p><b>N\u00e5r krigsfaren er p\u00e5 oransje niv\u00e5, kan vi ikke bare snakke. Vi m\u00e5 ut av komfortsonen. <\/b><\/p>\n<p>Gyldigheten i setningen i innsettelsestalen til John F. Kennedy for n\u00f8yaktig 60 \u00e5r siden \u2013 \u00abSp\u00f8r ikke hva landet ditt kan gj\u00f8re for deg \u2013 sp\u00f8r hva du kan gj\u00f8re for landet ditt\u00bb \u2013 er blitt h\u00f8yaktuell igjen. De f\u00e6rreste stiller seg det sp\u00f8rsm\u00e5let i dag. Og svaret p\u00e5 det er over natten blitt annerledes enn det var i g\u00e5r.<\/p>\n<p>Du blir ikke robust om du ikke \u00f8ver p\u00e5 det. Jeg fryser n\u00e5 lett. Erfaringene med sterk kulde er p\u00e5 en m\u00e5te avl\u00e6rt. Jeg tror til og med at jeg har utviklet kuldeallergi.<\/p>\n<p><b>Men vi m\u00e5 begynne med dem som trenger det mest: <\/b><\/p>\n<p><b>De unge.<\/b><\/p>\n","protected":false},"excerpt":{"rendered":"Dette frav\u00e6ret av evne til \u00e5 h\u00e5ndtere normale livsutfordringer er ikke lenger bare et problem for unge. Manglende&hellip;\n","protected":false},"author":2,"featured_media":139324,"comment_status":"","ping_status":"","sticky":false,"template":"","format":"standard","meta":{"footnotes":""},"categories":[10],"tags":[36,10536,15847,20,21,24,25,15,266,22,23,13,30,28,29,14,1533,16,26,27],"class_list":{"0":"post-139323","1":"post","2":"type-post","3":"status-publish","4":"format-standard","5":"has-post-thumbnail","7":"category-norge","8":"tag-art","9":"tag-barndom","10":"tag-boomer-generasjonen","11":"tag-breaking-news","12":"tag-breakingnews","13":"tag-featured-news","14":"tag-featurednews","15":"tag-headlines","16":"tag-kommentar","17":"tag-latest-news","18":"tag-latestnews","19":"tag-news","20":"tag-no","21":"tag-norge","22":"tag-norway","23":"tag-nyheter","24":"tag-opinion","25":"tag-overskrifter","26":"tag-top-stories","27":"tag-topstories"},"share_on_mastodon":{"url":"https:\/\/pubeurope.com\/@no\/115905614581845167","error":""},"_links":{"self":[{"href":"https:\/\/www.europesays.com\/no\/wp-json\/wp\/v2\/posts\/139323","targetHints":{"allow":["GET"]}}],"collection":[{"href":"https:\/\/www.europesays.com\/no\/wp-json\/wp\/v2\/posts"}],"about":[{"href":"https:\/\/www.europesays.com\/no\/wp-json\/wp\/v2\/types\/post"}],"author":[{"embeddable":true,"href":"https:\/\/www.europesays.com\/no\/wp-json\/wp\/v2\/users\/2"}],"replies":[{"embeddable":true,"href":"https:\/\/www.europesays.com\/no\/wp-json\/wp\/v2\/comments?post=139323"}],"version-history":[{"count":0,"href":"https:\/\/www.europesays.com\/no\/wp-json\/wp\/v2\/posts\/139323\/revisions"}],"wp:featuredmedia":[{"embeddable":true,"href":"https:\/\/www.europesays.com\/no\/wp-json\/wp\/v2\/media\/139324"}],"wp:attachment":[{"href":"https:\/\/www.europesays.com\/no\/wp-json\/wp\/v2\/media?parent=139323"}],"wp:term":[{"taxonomy":"category","embeddable":true,"href":"https:\/\/www.europesays.com\/no\/wp-json\/wp\/v2\/categories?post=139323"},{"taxonomy":"post_tag","embeddable":true,"href":"https:\/\/www.europesays.com\/no\/wp-json\/wp\/v2\/tags?post=139323"}],"curies":[{"name":"wp","href":"https:\/\/api.w.org\/{rel}","templated":true}]}}