{"id":139329,"date":"2026-01-16T16:07:10","date_gmt":"2026-01-16T16:07:10","guid":{"rendered":"https:\/\/www.europesays.com\/no\/139329\/"},"modified":"2026-01-16T16:07:10","modified_gmt":"2026-01-16T16:07:10","slug":"ikke-mulig-for-oss-a-sta-inne-for-det","status":"publish","type":"post","link":"https:\/\/www.europesays.com\/no\/139329\/","title":{"rendered":"\u2013 Ikke mulig for oss \u00e5 st\u00e5 inne for det"},"content":{"rendered":"\n<p class=\"_lead_o9xde_2 _lead_xtcu6_50 layout-component text-serif-m layout-normal text-serif-l layout-component layout-wide layout-padded _wide_17hqh_1 layout-padded\">Br\u00f8drene \u00f8nsker ikke \u00e5 st\u00e5 p\u00e5 samme scene som Israel.<\/p>\n<p><img alt=\"Ylvis-br\u00f8drene opptrer under Arbeiderpartiets landsm\u00f8te i april i fjor. Foto: Javad Parsa \/ NTB\" class=\"_image_qp4xg_65 layout-component layout-wide\" data-fullscreen- data-track-element-type=\"Article image fullscreen\" data-track-name=\"ImageFullscreen\" fetchpriority=\"high\" decoding=\"sync\" loading=\"eager\" height=\"5462\" itemprop=\"image\"  src=\"https:\/\/www.europesays.com\/no\/wp-content\/uploads\/2026\/01\/5fadca59-e745-4845-a182-510b14ed478a.png\"  style=\"object-position:43.06114976199195% 33.64152325155621%\" width=\"8193\"\/>Ylvis-br\u00f8drene opptrer under Arbeiderpartiets landsm\u00f8te i april i fjor. Foto: Javad Parsa \/ NTB<\/p>\n<ul aria-hidden=\"true\" class=\"_images_ntbth_112\">\n<li><a class=\"_link_ntbth_117\" href=\"https:\/\/www.vg.no\/forfatter\/hedda-kurseth\" style=\"z-index:1\" title=\"Hedda Kurseth\" rel=\"nofollow noopener\" target=\"_blank\"><img alt=\"Bilde av Hedda Kurseth\" class=\"_image_ntbth_93\" fetchpriority=\"low\" loading=\"lazy\" decoding=\"async\" itemprop=\"image\"  src=\"https:\/\/www.europesays.com\/no\/wp-content\/uploads\/2026\/01\/1768579628_724_b6ad06ce-2f4e-4492-9dd9-7cfbdae81f6d.jpeg\"  width=\"480\"\/><\/a><\/li>\n<\/ul>\n<p> Oppdatert fredag 16. januar kl. 17:00     <\/p>\n<p class=\"_paragraph_o9xde_4 _paragraph_xtcu6_10 layout-component text-serif-m layout-normal text-serif-m layout-padded\">B\u00e5rd og Vegard Ylvis\u00e5ker blir ikke \u00e5 se i \u00e5rets Melodi Grand Prix. <\/p>\n<p class=\"_paragraph_o9xde_4 _paragraph_xtcu6_10 layout-component text-serif-m layout-normal text-serif-m layout-padded\">I et innlegg p\u00e5 Instagram skriver de at de gjorde det klart for NRK tidlig i prosessen at de ikke \u00f8nsket \u00e5 st\u00e5 p\u00e5 samme scene som Israel. <\/p>\n<p class=\"_paragraph_o9xde_4 _paragraph_xtcu6_10 layout-component text-serif-m layout-normal text-serif-m layout-padded\">\u2013 S\u00e5 lenge krigsforbrytelsene og bruddene p\u00e5 folkeretten fortsatte, la de til. <\/p>\n<p class=\"_paragraph_o9xde_4 _paragraph_xtcu6_10 layout-component text-serif-m layout-normal text-serif-m layout-padded\">Videre forklarer de at de h\u00e5pte at EBU ikke skulle la Israel delta i \u00e5rets Eurovision.<\/p>\n<p><img alt=\"Dette har B\u00e5rd og Vegard Ylvis\u00e5ker lagt ut p\u00e5 Instagram.  Foto: Skjermdump\/Instagram\" class=\"_image_qp4xg_65 layout-component layout-normal\" data-fullscreen- data-track-element-type=\"Article image fullscreen\" data-track-name=\"ImageFullscreen\" decoding=\"async\" loading=\"lazy\" height=\"2103\" itemprop=\"image\"  src=\"https:\/\/www.europesays.com\/no\/wp-content\/uploads\/2026\/01\/319c66c3-2973-431f-b655-92eda5956f15.png\"  style=\"object-position:0% 0%\" width=\"1206\"\/>Dette har B\u00e5rd og Vegard Ylvis\u00e5ker lagt ut p\u00e5 Instagram.  Foto: Skjermdump\/Instagram<\/p>\n<p class=\"_paragraph_o9xde_4 _paragraph_xtcu6_10 layout-component text-serif-m layout-normal text-serif-m layout-padded\">\u2013 Da det i desember ble klart at dette ikke ville skje, s\u00e5 vi ingen andre muligheter enn \u00e5 si fra oss plassen i \u00e5rets konkurranse. <\/p>\n<p class=\"_paragraph_o9xde_4 _paragraph_xtcu6_10 layout-component text-serif-m layout-normal text-serif-m layout-padded\">Ylvis-br\u00f8drene skriver at de hadde gledet seg til \u00e5 lage show og kanskje representere Norge i Eurovision. <\/p>\n<p class=\"_paragraph_o9xde_4 _paragraph_xtcu6_10 layout-component text-serif-m layout-normal text-serif-m layout-padded\">\u2013 Men slik situasjonen er n\u00e5 er det ikke mulig for oss \u00e5 st\u00e5 inne for det. <\/p>\n<p class=\"_paragraph_o9xde_4 _paragraph_xtcu6_10 layout-component text-serif-m layout-normal text-serif-m layout-padded\">Ylvis-br\u00f8drene har flere store hitter bak seg. Mest kjent er l\u00e5ten \u00abThe Fox\u00bb som n\u00e5 har 1,1 milliard visninger p\u00e5 Youtube. <\/p>\n<p>Israel skal delta <\/p>\n<p class=\"_paragraph_o9xde_4 _paragraph_xtcu6_10 layout-component text-serif-m layout-normal text-serif-m layout-padded\">I desember besluttet Den europeiske kringskasteren (EBU) at Isrel f\u00e5r lov \u00e5 delta i Eurovision Song Contest (ESC) neste \u00e5r. <\/p>\n<p class=\"_paragraph_o9xde_4 _paragraph_xtcu6_10 layout-component text-serif-m layout-normal text-serif-m layout-padded\">Lenge var det snakk om at medlemslandene skulle stemme over avgj\u00f8relsene, men dette ble aldri noe av. <\/p>\n<p class=\"_paragraph_o9xde_4 _paragraph_xtcu6_10 layout-component text-serif-m layout-normal text-serif-m layout-padded\">Alle medlemslandene skal f\u00e5 delta s\u00e5 lenge de viser klar st\u00f8tte til reformer som skal styrke sangkonkurransen, if\u00f8lge en pressemelding fra EBU.<\/p>\n<p class=\"_paragraph_o9xde_4 _paragraph_xtcu6_10 layout-component text-serif-m layout-normal text-serif-m layout-padded\"><a href=\"https:\/\/www.vg.no\/rampelys\/i\/ln1EeL\/ebu-israel-faar-lov-aa-delta-i-eurovision\" data-track-element-type=\"Link\" data-track-id=\"link:ln1EeL\" class=\"_link_o9xde_39\" rel=\"nofollow noopener\" target=\"_blank\"><strong class=\"_strong_o9xde_25\">NRK stilte seg bak dette. <\/strong><\/a><\/p>\n<p class=\"_paragraph_o9xde_4 _paragraph_xtcu6_10 layout-component text-serif-m layout-normal text-serif-m layout-padded\">Nederland, Spania, Irland, Slovenia og Island har trekt seg fra konkurransen som f\u00f8lge av dette. <\/p>\n<p class=\"_paragraph_o9xde_4 _paragraph_xtcu6_10 layout-component text-serif-m layout-normal text-serif-m layout-padded\">Eurovision Song Contest 2026 g\u00e5r av stabelen i Wien, \u00d8sterrike i mai. Den norske finalisten skal k\u00e5res 28.februar. <\/p>\n<p>    <img decoding=\"async\" alt=\"Tips oss illustrasjon\" src=\"https:\/\/www.europesays.com\/no\/wp-content\/uploads\/2025\/10\/pssst-small.webp.webp\"\/>    <\/p>\n<p class=\"title-serif-s\">Har du tips?<\/p>\n<p class=\"text-sans-m\">Send oss informasjon, bilder eller video.<\/p>\n<p>  <a href=\"https:\/\/www.vg.no\/tips-oss\" rel=\"nofollow noopener\" target=\"_blank\"> Tips oss <\/a>      <\/p>\n","protected":false},"excerpt":{"rendered":"Br\u00f8drene \u00f8nsker ikke \u00e5 st\u00e5 p\u00e5 samme scene som Israel. Ylvis-br\u00f8drene opptrer under Arbeiderpartiets landsm\u00f8te i april i&hellip;\n","protected":false},"author":2,"featured_media":139330,"comment_status":"","ping_status":"","sticky":false,"template":"","format":"standard","meta":{"footnotes":""},"categories":[10],"tags":[31,20,21,24,25,15,22,23,13,30,28,29,14,16,26,27],"class_list":{"0":"post-139329","1":"post","2":"type-post","3":"status-publish","4":"format-standard","5":"has-post-thumbnail","7":"category-norge","8":"tag-breaking","9":"tag-breaking-news","10":"tag-breakingnews","11":"tag-featured-news","12":"tag-featurednews","13":"tag-headlines","14":"tag-latest-news","15":"tag-latestnews","16":"tag-news","17":"tag-no","18":"tag-norge","19":"tag-norway","20":"tag-nyheter","21":"tag-overskrifter","22":"tag-top-stories","23":"tag-topstories"},"share_on_mastodon":{"url":"https:\/\/pubeurope.com\/@no\/115905642158506031","error":""},"_links":{"self":[{"href":"https:\/\/www.europesays.com\/no\/wp-json\/wp\/v2\/posts\/139329","targetHints":{"allow":["GET"]}}],"collection":[{"href":"https:\/\/www.europesays.com\/no\/wp-json\/wp\/v2\/posts"}],"about":[{"href":"https:\/\/www.europesays.com\/no\/wp-json\/wp\/v2\/types\/post"}],"author":[{"embeddable":true,"href":"https:\/\/www.europesays.com\/no\/wp-json\/wp\/v2\/users\/2"}],"replies":[{"embeddable":true,"href":"https:\/\/www.europesays.com\/no\/wp-json\/wp\/v2\/comments?post=139329"}],"version-history":[{"count":0,"href":"https:\/\/www.europesays.com\/no\/wp-json\/wp\/v2\/posts\/139329\/revisions"}],"wp:featuredmedia":[{"embeddable":true,"href":"https:\/\/www.europesays.com\/no\/wp-json\/wp\/v2\/media\/139330"}],"wp:attachment":[{"href":"https:\/\/www.europesays.com\/no\/wp-json\/wp\/v2\/media?parent=139329"}],"wp:term":[{"taxonomy":"category","embeddable":true,"href":"https:\/\/www.europesays.com\/no\/wp-json\/wp\/v2\/categories?post=139329"},{"taxonomy":"post_tag","embeddable":true,"href":"https:\/\/www.europesays.com\/no\/wp-json\/wp\/v2\/tags?post=139329"}],"curies":[{"name":"wp","href":"https:\/\/api.w.org\/{rel}","templated":true}]}}