{"id":139332,"date":"2026-01-16T16:10:09","date_gmt":"2026-01-16T16:10:09","guid":{"rendered":"https:\/\/www.europesays.com\/no\/139332\/"},"modified":"2026-01-16T16:10:09","modified_gmt":"2026-01-16T16:10:09","slug":"elizabeth-smart-forteller-om-kidnappingen-i-ny-netflix-dokumentar-2","status":"publish","type":"post","link":"https:\/\/www.europesays.com\/no\/139332\/","title":{"rendered":"Elizabeth Smart forteller om kidnappingen i ny Netflix-dokumentar"},"content":{"rendered":"<p>    Donald Trumps gjentatte krav om \u00e5 ville ha Gr\u00f8nland vekker harme ogs\u00e5 i skiskytterverden.\u00a0Ukaleq Astri Slettemark (24) tror hun kan glemme \u00e5 bes\u00f8ke USA i framtida.\u00a0<\/p>\n<p>\n    VIL HA GR\u00d8NLAND: Donald Trump \u00f8nsker \u00e5 skaffe seg Gr\u00f8nland. Foto: Evelyn Hockstein \/ Reuters \/ NTB\n  <\/p>\n<p>    Kort fortalt<\/p>\n<ul lang=\"nb-NO\">\n<li>Ukaleq Astri Slettemark fra Gr\u00f8nland kritiserte Donald Trump offentlig.<\/li>\n<li>Hun uttrykte bekymring over USAs fors\u00f8k p\u00e5 \u00e5 kj\u00f8pe Gr\u00f8nland.<\/li>\n<li>Slettemark frykter n\u00e5 for sin fremtidige adgang til USA.<\/li>\n<li>Hun st\u00f8tter en eventuell utestengelse av amerikanske ut\u00f8vere hvis konflikten eskalerer.<\/li>\n<\/ul>\n<p class=\"italic ai-disclaimer\" data-lab-italic=\"italic\">Sammendraget er laget av ChatGPT og godkjent av Dagbladet.<\/p>\n<p>      Vis mer<br \/>\n      Vis mindre<\/p>\n<p>RUHPOLDING (Dagbladet): Selv om Ukaleq Astri Slettemark endte helt nede p\u00e5 78.-plass p\u00e5 fredagens sprint, var det mange journalister som \u00f8nsket et ord med 24-\u00e5ringen fra Nuuk p\u00e5 Gr\u00f8nland.<\/p>\n<p><a href=\"https:\/\/www.dagbladet.no\/sport\/en-kjempeidiot\/84101597\" rel=\"nofollow noopener\" target=\"_blank\">De friske uttalelsene<\/a> hun kom med til danske DR torsdag. Overskriftene prydet forsidene til norske, danske og svenske medier.\u00a0<\/p>\n<p class=\"font-weight-bold m-font-weight-bold\" data-lab-font_weight=\"font-weight-bold\"> &#8211; Vi snakker mye om det, og jeg er rasende. Donald Trump er en kjempeidiot, sa hun til DR. <\/p>\n<p> Bakgrunnen er den p\u00e5g\u00e5ende politiske kampen fra amerikansk side om \u00e5 kj\u00f8pe Gr\u00f8nland &#8211; noe gr\u00f8nlenderne blankt avviser. <\/p>\n<p><a href=\"https:\/\/www.dagbladet.no\/emne\/gr%C3%B8nland\" rel=\"nofollow noopener\" target=\"_blank\">Les alt om situasjonen her<\/a>:<\/p>\n<p>        <img loading=\"lazy\" decoding=\"async\" src=\"https:\/\/www.europesays.com\/no\/wp-content\/uploads\/2026\/01\/84108869.webp.webp\" width=\"980\" height=\"559\" title=\"TRAVEL: Det ble mange intervjuer p\u00e5 Ukaleq Astri Slettemark. Her i prat med italienske og finske journalister. Foto: Stian With \/ Dagbladet\" alt=\"\" class=\"\" style=\"--aspect-ratio-image: 1.75; \"\/><\/p>\n<p>\n        TRAVEL: Det ble mange intervjuer p\u00e5 Ukaleq Astri Slettemark. Her i prat med italienske og finske journalister. Foto: Stian With \/ Dagbladet\n    <\/p>\n<p>Til Dagbladet forteller hun om reaksjonene som har kommet etter intervjuet.\u00a0<\/p>\n<p>&#8211; Det er mange som rekker ut og sier at de st\u00f8tter Gr\u00f8nland og at de f\u00f8ler med meg. Og det er veldig hyggelig at man kjenner at man har folk som heier p\u00e5 en under alt det her, sier Slettemark til Dagbladet.\u00a0<\/p>\n<p> 24-\u00e5ringen er datter av tidligere skiskyttere Uiloq Slettemark og \u00d8ystein Slettemark. Da hun var fire \u00e5r gammel flyttet familien til Norge &#8211; noe som gj\u00f8r at hun snakker flytende norsk. <\/p>\n<p>        <img loading=\"lazy\" decoding=\"async\" src=\"https:\/\/www.europesays.com\/no\/wp-content\/uploads\/2026\/01\/84108967.webp.webp\" width=\"980\" height=\"559\" title=\"SKISKYTTER: Ukaleq Astri Slettemark g\u00e5r for Gr\u00f8nland. Foto: \/Matthias Schrader \/ AP \/ NTB\" alt=\"\" class=\"\" style=\"--aspect-ratio-image: 1.75; \"\/><\/p>\n<p>\n        SKISKYTTER: Ukaleq Astri Slettemark g\u00e5r for Gr\u00f8nland. Foto: \/Matthias Schrader \/ AP \/ NTB\n    <\/p>\n<p>Slettemark forteller at hun var klar over at uttalelsene kom til \u00e5 skape oppmerksomhet.<\/p>\n<p>&#8211; Vanligvis er det jo for resultater at folk har lyst til \u00e5 prate med meg, men n\u00e5 har jeg kommet til \u00e5 si noen greier om Trump, blant annet, som selvf\u00f8lgelig skaper litt interesse. Men det st\u00e5r jeg ved. Jeg kommer aldri inn i USA n\u00e5, men det g\u00e5r greit. <\/p>\n<p class=\"italic m-italic\" data-lab-italic=\"italic\">&#8211; Du tror ikke du kommer inn?<\/p>\n<p>&#8211; Nei, det tror jeg ikke. De f\u00e5r jo vite at de som reiser m\u00e5 reise med burner phones hvis de har sagt noe som motsier Trump p\u00e5 noen m\u00e5te, og det har jeg desidert gjort n\u00e5. Det blir ikke noe IBU-cup i USA p\u00e5 slutten av sesongen. <\/p>\n<p>        SITTER FAST: Skiskytteren Ukaleq Astri Slettemark fikk stor respons p\u00e5 Tiktok etter at hun satt fast tunga p\u00e5 en skitur. Video: Ukaleq Astri Slettemark<\/p>\n<p> Slettemark konkurrerer hovedsakelig i IBU-cup, niv\u00e5et under verdenscupen. Fra 26. februar til 7. mars arrangeres sesongavslutningen i Lake Placid i USA. De rennene tror hun selv vil g\u00e5 uten henne. <\/p>\n<p>Hun har fortsatt familie hjemme p\u00e5 Gr\u00f8nland, og situasjonen bekymrer henne. Det gj\u00f8r det ogs\u00e5 vanskelig \u00e5 holde fullt fokus p\u00e5 idretten.<\/p>\n<p>&#8211; Det er skremmende. Det er klart det er veldig mye snakk om USA og det som skjer der n\u00e5 hjemme hos oss. Vi f\u00f8lger med p\u00e5 nyhetene fra minutt til minutt.<\/p>\n<p data-lab-italic=\"italic\" class=\"italic m-italic\">&#8211; Hva synes du om det som skjer akkurat n\u00e5?<\/p>\n<p>&#8211; Det er helt forferdelig. Jeg synes det var verst da det bare var en mediestorm, med meldinger fram og tilbake p\u00e5 sosiale medier. N\u00e5 har det v\u00e6rt m\u00f8ter, utenriksministrene har snakket sammen. Selv om de fortsatt er uenige, var det likevel en lettelse. Det skjedde noe konkret &#8211; det var ikke bare l\u00f8s prat. Samtidig er det skummelt og usikkert.<\/p>\n<p>Hun legger ikke skjul p\u00e5 hva som st\u00e5r p\u00e5 spill for henne personlig.<\/p>\n<p>&#8211; Jeg er veldig glad i Gr\u00f8nland s\u00e5nn som det er, og i friheten vi har. At det n\u00e5 er i endring, synes jeg er skremmende, sier Slettemark.<\/p>\n<p>        SJUSJ\u00d8EN: Det ble tid til b\u00e5de feiring og hovering under fellesstarten i skiskyting p\u00e5 Sjusj\u00f8en. Video: NRK, S\u00f8r\u00f8 Olsen\/Skingen\/With\/Dagbladet TV-sporten<\/p>\n<p>&#8211; Ikke noe bedre enn Putin  <\/p>\n<p>P\u00e5 sp\u00f8rsm\u00e5l om hvordan hun ser p\u00e5 det \u00e5 konkurrere mot amerikanske ut\u00f8vere, svarer hun:<\/p>\n<p>&#8211; Jeg synes alle sammen er kjempetrivelige. Jeg snakker mye med b\u00e5de ut\u00f8verne og trenerne. Samtidig er det jo snakk om at hvis dette eskalerer, s\u00e5 er det ikke noe bedre enn det Vladimir Putin holder p\u00e5 med i Russland og Ukraina.<\/p>\n<p>Hun er ogs\u00e5 tydelig p\u00e5 hvor hun st\u00e5r dersom konflikten f\u00e5r idrettslige konsekvenser:<\/p>\n<p>&#8211; Hvis det skulle bli en utestengelse av de amerikanske ut\u00f8verne, s\u00e5 st\u00f8tter jeg fullt opp om det. Selv om jeg synes de er veldig hyggelige mennesker. Men det som skjer storpolitisk n\u00e5, synes jeg er veldig ugreit.<\/p>\n<p>    Sprint, kvinner<\/p>\n<p class=\"italic m-italic\" data-lab-italic=\"italic\">Verdenscup skiskyting i Ruhpolding, Tyskland fredag, sprint (antall strafferunder i parentes):<\/p>\n<p class=\"font-weight-bold m-font-weight-bold\" data-lab-font_weight=\"font-weight-bold\">Kvinner, 7,5 km:<\/p>\n<p>1) Hanna \u00d6berg, Sverige 19.10,7 (0), 2) Lou Jeanmonnot, Frankrike 0.07,5 min. bak (0), 3) Lisa Vittozzi, Italia 0.11,7 (0), 4) Elvira \u00d6berg, Sverige 0.14,6 (0), 5) Franziska Preuss, Tyskland 0.16,5 (0), 6) Suvi Minkkinen, Finland 0.28,5 (0), 7) Marthe Kr\u00e5kstad Johansen, Norge 0.36,3 (0), 8) Justine Braisaz-Bouchet, Frankrike 0.36,6 (2), 9) Maren Kirkeeide, Norge 0.40,0 (1), 10) Camille Bened, Frankrike 0.42,8 (0).<\/p>\n<p>\u00d8vrige norske: 27) Siri Skar 1.13,4 (0), 38) Karoline Knotten 1.29,8 (2), 50) Juni Arnekleiv 1.52,3 (2).<\/p>\n<p class=\"font-weight-bold m-font-weight-bold\" data-lab-font_weight=\"font-weight-bold\">Verdenscupen (11 av 21 renn):<\/p>\n<p>1) Jeanmonnot 628, 2) Minkkinen 548, 3) Kirkeeide 521, 4) H. \u00d6berg 485, 5) E. \u00d6berg 475, 6) Anna Magnusson, Sverige 471, 7) Dorothea Wierer, Italia 387, 8) Bened 376, 9) Vittozzi, 10) Braisaz-Bouchet 341.<\/p>\n<p>\u00d8vrige norske (topp 30): 16) Knotten 223, 28) Johansen 154.<\/p>\n<p class=\"font-weight-bold m-font-weight-bold\" data-lab-font_weight=\"font-weight-bold\">Sprintcupen (5 av 7 renn):<\/p>\n<p>1) Jeanmonnot 311, 2) Minkkinen 255, 3) Kirkeeide 239, 4) H. \u00d6berg 238, 5) E. \u00d6berg 218, 6) Magnusson 210.<\/p>\n<p>\u00d8vrige norske (topp 30): 18) Knotten 88, 27) Johansen 65.<\/p>\n<p>      Vis mer<br \/>\n      Vis mindre<\/p>\n","protected":false},"excerpt":{"rendered":"Donald Trumps gjentatte krav om \u00e5 ville ha Gr\u00f8nland vekker harme ogs\u00e5 i skiskytterverden.\u00a0Ukaleq Astri Slettemark (24) tror&hellip;\n","protected":false},"author":2,"featured_media":139333,"comment_status":"","ping_status":"","sticky":false,"template":"","format":"standard","meta":{"footnotes":""},"categories":[58],"tags":[15831,15832,71,15830,479,30,28,29,72],"class_list":{"0":"post-139332","1":"post","2":"type-post","3":"status-publish","4":"format-standard","5":"has-post-thumbnail","7":"category-underholdning","8":"tag-brian-david-mitchell","9":"tag-elizabeth-smart","10":"tag-entertainment","11":"tag-kidnappet","12":"tag-kjendis","13":"tag-no","14":"tag-norge","15":"tag-norway","16":"tag-underholdning"},"share_on_mastodon":{"url":"https:\/\/pubeurope.com\/@no\/115905653943634857","error":""},"_links":{"self":[{"href":"https:\/\/www.europesays.com\/no\/wp-json\/wp\/v2\/posts\/139332","targetHints":{"allow":["GET"]}}],"collection":[{"href":"https:\/\/www.europesays.com\/no\/wp-json\/wp\/v2\/posts"}],"about":[{"href":"https:\/\/www.europesays.com\/no\/wp-json\/wp\/v2\/types\/post"}],"author":[{"embeddable":true,"href":"https:\/\/www.europesays.com\/no\/wp-json\/wp\/v2\/users\/2"}],"replies":[{"embeddable":true,"href":"https:\/\/www.europesays.com\/no\/wp-json\/wp\/v2\/comments?post=139332"}],"version-history":[{"count":0,"href":"https:\/\/www.europesays.com\/no\/wp-json\/wp\/v2\/posts\/139332\/revisions"}],"wp:featuredmedia":[{"embeddable":true,"href":"https:\/\/www.europesays.com\/no\/wp-json\/wp\/v2\/media\/139333"}],"wp:attachment":[{"href":"https:\/\/www.europesays.com\/no\/wp-json\/wp\/v2\/media?parent=139332"}],"wp:term":[{"taxonomy":"category","embeddable":true,"href":"https:\/\/www.europesays.com\/no\/wp-json\/wp\/v2\/categories?post=139332"},{"taxonomy":"post_tag","embeddable":true,"href":"https:\/\/www.europesays.com\/no\/wp-json\/wp\/v2\/tags?post=139332"}],"curies":[{"name":"wp","href":"https:\/\/api.w.org\/{rel}","templated":true}]}}