{"id":139336,"date":"2026-01-16T16:15:09","date_gmt":"2026-01-16T16:15:09","guid":{"rendered":"https:\/\/www.europesays.com\/no\/139336\/"},"modified":"2026-01-16T16:15:09","modified_gmt":"2026-01-16T16:15:09","slug":"knivstikking-i-trondheim-dagbladet","status":"publish","type":"post","link":"https:\/\/www.europesays.com\/no\/139336\/","title":{"rendered":"Knivstikking i Trondheim &#8211; Dagbladet"},"content":{"rendered":"<ol>\n<li><a href=\"https:\/\/news.google.com\/rss\/articles\/CBMidEFVX3lxTFBPOEhPS2NYOVlRT0RKTVF3SS1SNUVEZjJkdTVLMm9XSGRqVVdxUnV1SUNTdl9sMXVCUkNVZ2V5WTlaakNFRmF6SXhISHZHczlEYVpmeHIyZWExZlg1WUtmMnYzMzNxX3poTWRnZkZOM3JtVzQw?oc=5\" target=\"_blank\" rel=\"nofollow noopener\">Knivstikking i Trondheim<\/a>&nbsp;&nbsp;Dagbladet<\/li>\n<li><a href=\"https:\/\/news.google.com\/rss\/articles\/CBMikgFBVV95cUxOeFc5cWJOdFJHVXBreGc0Zng5ai1CX0tld00ycUJ6RXB1amQ5dmRqOFBacmJDeHdJc0RyajhrMTdVaTVMSGtqbXFFTzd5TGxiZEFuRW5VNklLMVdKZXNQdlNib3Q3N0ZUaGhqMXZvdUdCblg3RDZSd3pNWmg4alhFX3Z3OU9GMm95ZXhvT1E4bzZ4Zw?oc=5\" target=\"_blank\" rel=\"nofollow noopener\">Knivhendelse ved kj\u00f8pesenter: \u2013 Gitt aktiv f\u00f8rstehjelp<\/a>&nbsp;&nbsp;Nidaros<\/li>\n<li><a href=\"https:\/\/news.google.com\/rss\/articles\/CBMidkFVX3lxTE5IWUJ6UzBQUFlqYm9BS2ZIZEF1SEZ1V0c2Y2E3c2lqbmJPTmVqZlFrRGRjbXJoSGk1OXFFQ3Q2TmxYWERoZjFWVWcxaEVub1dzRjJwQnlrX1ZTMGU4R3p3XzBEZmNhTUdaWTFaZnh4TGJBdHFvaXc?oc=5\" target=\"_blank\" rel=\"nofollow noopener\">n\u00e5: Nidaros: Knivstikking i Trondheim<\/a>&nbsp;&nbsp;VG<\/li>\n<li><a href=\"https:\/\/news.google.com\/rss\/articles\/CBMimAFBVV95cUxQYWl1bThNZUhPZ3BsbGxRSl9Wc04tUUVTZzlfNFhOLUVFcmZKSU5Mb2dKTmFBTWZlMDZxMGEwWWw0OXRJQkxNRG9MOHc2SkR5SlJmSi1DVTlLWXBaMVlVeWpwZjhRM25rYUl6TTI5QmR4Znl4b2FDN2k4dkxJZnNmMTY4UGFndEdiWkVLekVxZmFRRGtlUVFOWg?oc=5\" target=\"_blank\" rel=\"nofollow noopener\">Sperret av omr\u00e5de p\u00e5 kj\u00f8pesenter etter knivhendelse<\/a>&nbsp;&nbsp;adressa.no<\/li>\n<li><a href=\"https:\/\/news.google.com\/rss\/articles\/CBMilAFBVV95cUxPV3NRZzJUVlhnSU43SXZrQWJTSzJZM3ZvdlZjSnI0blY0UzBWVFFOcEZWbnJCcnI0ejh1V2paREZBeDV4RWlkS3FxRVFhQ2RCbmYxQjBOLTlxd0JWSERGNmowTnowUlhTeWZuQ2N0SlJfSmpJekJLeDdUOFFyb1o4cXRpQnZDR3R6Y05uNlpkbmFSd2U2?oc=5\" target=\"_blank\" rel=\"nofollow noopener\">Trondheim, Nyhetsvarsel | Politiet: \u2013 Knivstikking i Trondheim<\/a>&nbsp;&nbsp;Nettavisen<\/li>\n<\/ol>\n","protected":false},"excerpt":{"rendered":"Knivstikking i Trondheim&nbsp;&nbsp;Dagbladet Knivhendelse ved kj\u00f8pesenter: \u2013 Gitt aktiv f\u00f8rstehjelp&nbsp;&nbsp;Nidaros n\u00e5: Nidaros: Knivstikking i Trondheim&nbsp;&nbsp;VG Sperret av omr\u00e5de&hellip;\n","protected":false},"author":2,"featured_media":139337,"comment_status":"","ping_status":"","sticky":false,"template":"","format":"standard","meta":{"footnotes":""},"categories":[10],"tags":[20,21,24,25,15,2539,1476,22,23,13,30,28,29,14,16,26,27,596,493],"class_list":{"0":"post-139336","1":"post","2":"type-post","3":"status-publish","4":"format-standard","5":"has-post-thumbnail","7":"category-norge","8":"tag-breaking-news","9":"tag-breakingnews","10":"tag-featured-news","11":"tag-featurednews","12":"tag-headlines","13":"tag-innenriks","14":"tag-knivstikking","15":"tag-latest-news","16":"tag-latestnews","17":"tag-news","18":"tag-no","19":"tag-norge","20":"tag-norway","21":"tag-nyheter","22":"tag-overskrifter","23":"tag-top-stories","24":"tag-topstories","25":"tag-trondheim","26":"tag-vold"},"share_on_mastodon":{"url":"https:\/\/pubeurope.com\/@no\/115905673496311537","error":""},"_links":{"self":[{"href":"https:\/\/www.europesays.com\/no\/wp-json\/wp\/v2\/posts\/139336","targetHints":{"allow":["GET"]}}],"collection":[{"href":"https:\/\/www.europesays.com\/no\/wp-json\/wp\/v2\/posts"}],"about":[{"href":"https:\/\/www.europesays.com\/no\/wp-json\/wp\/v2\/types\/post"}],"author":[{"embeddable":true,"href":"https:\/\/www.europesays.com\/no\/wp-json\/wp\/v2\/users\/2"}],"replies":[{"embeddable":true,"href":"https:\/\/www.europesays.com\/no\/wp-json\/wp\/v2\/comments?post=139336"}],"version-history":[{"count":0,"href":"https:\/\/www.europesays.com\/no\/wp-json\/wp\/v2\/posts\/139336\/revisions"}],"wp:featuredmedia":[{"embeddable":true,"href":"https:\/\/www.europesays.com\/no\/wp-json\/wp\/v2\/media\/139337"}],"wp:attachment":[{"href":"https:\/\/www.europesays.com\/no\/wp-json\/wp\/v2\/media?parent=139336"}],"wp:term":[{"taxonomy":"category","embeddable":true,"href":"https:\/\/www.europesays.com\/no\/wp-json\/wp\/v2\/categories?post=139336"},{"taxonomy":"post_tag","embeddable":true,"href":"https:\/\/www.europesays.com\/no\/wp-json\/wp\/v2\/tags?post=139336"}],"curies":[{"name":"wp","href":"https:\/\/api.w.org\/{rel}","templated":true}]}}