{"id":139350,"date":"2026-01-16T16:47:08","date_gmt":"2026-01-16T16:47:08","guid":{"rendered":"https:\/\/www.europesays.com\/no\/139350\/"},"modified":"2026-01-16T16:47:08","modified_gmt":"2026-01-16T16:47:08","slug":"jeg-stoler-pa-at-usas-president","status":"publish","type":"post","link":"https:\/\/www.europesays.com\/no\/139350\/","title":{"rendered":"\u2013 Jeg stoler p\u00e5 at USAs president."},"content":{"rendered":"\n<ul class=\"_list_o9xde_3 _list_64s2r_85 _unordered_o9xde_106 text-sans-m\">\n<li class=\"_item_o9xde_30\">St\u00f8re gir et nyansert syn p\u00e5 Trumps internasjonale politikk og Norges samarbeid med USA.<\/li>\n<li class=\"_item_o9xde_30\">Til tross for uenigheter, understreker han betydningen av USAs sikkerhetsforpliktelser overfor Norge og NATO.<\/li>\n<\/ul>\n<p>Vis mer <\/p>\n<p class=\"_paragraph_o9xde_4 _paragraph_xtcu6_10 layout-component text-serif-m layout-normal text-serif-m layout-padded\"><strong class=\"_strong_o9xde_25\">20. januar 2025, snart ett \u00e5r siden:<\/strong> Donald Trump tiltr\u00e5dte som president for andre gang. <\/p>\n<p class=\"_paragraph_o9xde_4 _paragraph_xtcu6_10 layout-component text-serif-m layout-normal text-serif-m layout-padded\">Verden opplevde mye ogs\u00e5 i hans f\u00f8rste regjeringsperiode, men det siste \u00e5ret har han gjort ting som har rystet store deler av verden. Trump har \u2013 blant annet \u2013 angrepet sine n\u00e6rmeste demokratiske venner i Europa, gjennom tollsjokktollsjokkEn plutselig og betydelig \u00f8kning i tollsatser som kan p\u00e5virke handel mellom land, som USA innledet i fjor. og trusler om \u00e5 ta Gr\u00f8nland fra Nato-landet Danmark.<\/p>\n<p class=\"_paragraph_o9xde_4 _paragraph_xtcu6_10 layout-component text-serif-m layout-normal text-serif-m layout-padded\">Vi setter oss ned med statsminister St\u00f8re p\u00e5 stortingsgruppens to dagers m\u00f8te i Larvik, hvor ogs\u00e5 de fleste statsr\u00e5dene deltar.<\/p>\n<p><img alt=\"Fisk til seminar-lunsj i Larvik.  Foto: Bj\u00f8rn Haugan \/ VG\" class=\"_image_qp4xg_65 layout-component layout-normal\" data-fullscreen- data-track-element-type=\"Article image fullscreen\" data-track-name=\"ImageFullscreen\" decoding=\"async\" loading=\"lazy\" height=\"4284\" itemprop=\"image\"  src=\"https:\/\/www.europesays.com\/no\/wp-content\/uploads\/2026\/01\/bfa2c30d-51cf-4702-801d-f6c292f94a3f.png\"  style=\"object-position:0% 0%\" width=\"5712\"\/>Fisk til seminar-lunsj i Larvik.  Foto: Bj\u00f8rn Haugan \/ VG<\/p>\n<p class=\"_paragraph_o9xde_4 _paragraph_xtcu6_10 layout-component text-serif-m layout-normal text-serif-m layout-padded\">Og innleder med \u00e5 sp\u00f8rre om det siste \u00e5ret med Trump.<\/p>\n<p class=\"_paragraph_o9xde_4 _paragraph_xtcu6_10 layout-component text-serif-m layout-normal text-serif-m layout-padded\">\u2013 Har det v\u00e6rt sjokkerende?<\/p>\n<p class=\"_paragraph_o9xde_4 _paragraph_xtcu6_10 layout-component text-serif-m layout-normal text-serif-m layout-padded\">\u2013 Vi var forberedt p\u00e5 at Donald Trump ville bety et brudd med den stilen amerikanske presidenter normalt har \u2013 det viste hans f\u00f8rste presidentperiode, anf\u00f8rt av <a href=\"https:\/\/snl.no\/MAGA\" class=\"_link_o9xde_39\" rel=\"nofollow noopener\" target=\"_blank\">Maga-bevegelsen<\/a>. Det er en politisk linje som st\u00e5r langt fra oss.<\/p>\n<p><img alt=\"Foto: Thomas Nilsson \/ VG\" class=\"_image_qp4xg_65 layout-component layout-normal\" data-fullscreen- data-track-element-type=\"Article image fullscreen\" data-track-name=\"ImageFullscreen\" decoding=\"async\" loading=\"lazy\" height=\"2000\" itemprop=\"image\"  src=\"https:\/\/www.europesays.com\/no\/wp-content\/uploads\/2026\/01\/fedc3637-98a9-45ca-9d48-e6e7710922b3.jpeg\"  style=\"object-position:0% 0%\" width=\"3000\"\/>Foto: Thomas Nilsson \/ VG<\/p>\n<p class=\"_paragraph_o9xde_4 _paragraph_xtcu6_10 layout-component text-serif-m layout-normal text-serif-m layout-padded\">\u2013 S\u00e5 er det ogs\u00e5 noe som ligger fast og som ikke er endret, fortsetter han:<\/p>\n<p class=\"_paragraph_o9xde_4 _paragraph_xtcu6_10 layout-component text-serif-m layout-normal text-serif-m layout-padded\">\u2013 For Norge er USA viktig for v\u00e5r sikkerhet, s\u00e6rlig i nord, med v\u00e5rt naboskap til Russland. Det som ogs\u00e5 ligger fast er at Norge er viktig for USA. Det var et hovedbudskap da jeg m\u00f8tte Trump i Det hvite hus i april, sier St\u00f8re. <\/p>\n<p class=\"_paragraph_o9xde_4 _paragraph_xtcu6_10 layout-component text-serif-m layout-normal text-serif-m layout-padded\">\u2013 Samarbeidet med amerikansk forsvar og etterretning er n\u00e6rt og fortrolig. Det ligger fast og er viktig for v\u00e5r sikkerhet.<\/p>\n<p class=\"_paragraph_o9xde_4 _paragraph_xtcu6_10 layout-component text-serif-m layout-normal text-serif-m layout-padded\">Statsministeren sier at det er mye ved den internasjonale politikken til Trump han er uenig i. <\/p>\n<p class=\"_paragraph_o9xde_4 _paragraph_xtcu6_10 layout-component text-serif-m layout-normal text-serif-m layout-padded\">\u2013 De trekker seg ut av klimakonvensjonenklimakonvensjonenEn internasjonal avtale som har som m\u00e5l \u00e5 bekjempe klimaendringer ved \u00e5 redusere utslipp av klimagasser. og 66 ulike organisasjoner og spiller ned de felles forpliktende vi har. Og de bryter folkerettenfolkerettenEt sett av regler og prinsipper som regulerer forholdet mellom stater og andre internasjonale akt\u00f8rer.. <\/p>\n<p class=\"_paragraph_o9xde_4 _paragraph_xtcu6_10 layout-component text-serif-m layout-normal text-serif-m layout-padded\">\u2013 Stoler du p\u00e5 Trump?<\/p>\n<p class=\"_paragraph_o9xde_4 _paragraph_xtcu6_10 layout-component text-serif-m layout-normal text-serif-m layout-padded\">\u2013 Jeg stoler p\u00e5 USAs president, og p\u00e5 at USA vil overholde de direkte forpliktelsene til Norge og NatoNatoDen nordatlantiske traktatorganisasjonen, en milit\u00e6rallianse mellom flere land i Europa og Nord-Amerika for kollektivt forsvar.:<\/p>\n<p><img alt=\"Foto: Bj\u00f8rn Haugan \/ VG\" class=\"_image_qp4xg_65 layout-component layout-normal\" data-fullscreen- data-track-element-type=\"Article image fullscreen\" data-track-name=\"ImageFullscreen\" decoding=\"async\" loading=\"lazy\" height=\"3728\" itemprop=\"image\"  src=\"https:\/\/www.europesays.com\/no\/wp-content\/uploads\/2026\/01\/dcb5e2f9-fae3-4734-9967-e1211db9f834.jpeg\"  style=\"object-position:0% 0%\" width=\"4691\"\/>Foto: Bj\u00f8rn Haugan \/ VG<\/p>\n<p class=\"_paragraph_o9xde_4 _paragraph_xtcu6_10 layout-component text-serif-m layout-normal text-serif-m layout-padded\">\u2013 Vi hadde et Nato-toppm\u00f8te i fjor, Trumps f\u00f8rste etter at han ble gjenvalgt, som bekreftet ny felles kommandostruktur, nye regionale planer og nye m\u00e5l for investeringer i forsvar. Som jeg legger til grunn at USA f\u00f8lger.<\/p>\n<p class=\"_paragraph_o9xde_4 _paragraph_xtcu6_10 layout-component text-serif-m layout-normal text-serif-m layout-padded\">\u2013 Stoler du p\u00e5 at han ikke tar Gr\u00f8nland og splitter Nato?<\/p>\n<p class=\"_paragraph_o9xde_4 _paragraph_xtcu6_10 layout-component text-serif-m layout-normal text-serif-m layout-padded\">\u2013 Gr\u00f8nland er fortsatt i en uavklart og alvorlig situasjon. Jeg har n\u00e6r kontakt med mine danske kolleger. Denne krisen er ikke over. Det er bra at det ser ut til \u00e5 v\u00e6re et diplomatisk spordiplomatisk sporEn tiln\u00e6rming til \u00e5 l\u00f8se konflikter gjennom forhandlinger og dialog i stedet for eksempelvis milit\u00e6r makt. som de to landene skal jobbe sammen om.<\/p>\n<p class=\"_paragraph_o9xde_4 _paragraph_xtcu6_10 layout-component text-serif-m layout-normal text-serif-m layout-padded\">Han legger til:<\/p>\n<p class=\"_paragraph_o9xde_4 _paragraph_xtcu6_10 layout-component text-serif-m layout-normal text-serif-m layout-padded\">\u2013 Trumps uttalelser i sosiale medier onsdag om at han vil ha Gr\u00f8nland, tyder imidlertid p\u00e5 at denne saken ikke er over. <\/p>\n<p>Gir ros til Trump<\/p>\n<p class=\"_paragraph_o9xde_4 _paragraph_xtcu6_10 layout-component text-serif-m layout-normal text-serif-m layout-padded\">Relasjonene mellom demokratiske land i Vesten har v\u00e6rt preget av lavm\u00e6lt dialog hvor kriser i stor grad har blitt l\u00f8st via diplomati, ofte p\u00e5 bakrommet:<\/p>\n<p class=\"_paragraph_o9xde_4 _paragraph_xtcu6_10 layout-component text-serif-m layout-normal text-serif-m layout-padded\">\u2013 Trump bryter totalt med denne kulturen utviklet over flere generasjoner. Hvordan opplever du det?<\/p>\n<p class=\"_paragraph_o9xde_4 _paragraph_xtcu6_10 layout-component text-serif-m layout-normal text-serif-m layout-padded\">\u2013 Det sl\u00e5r ut p\u00e5 ulike m\u00e5ter: N\u00e5r de gjelder Ukraina tok han initiativ for \u00e5 fors\u00f8ke \u00e5 f\u00e5 krigen inn p\u00e5 et diplomatisk spor. Det er i stor grad ledet av USA. Og Gaza-krigen sluttet etter et siste diplomatisk grep fra Trump i september. N\u00e5 p\u00e5g\u00e5r det arbeid med \u00e5 f\u00f8lge opp den fredsplanen, hvor Norge jobber tett med USA.<\/p>\n<p class=\"_paragraph_o9xde_4 _paragraph_xtcu6_10 layout-component text-serif-m layout-normal text-serif-m layout-padded\">\u2013 Han fremst\u00e5r som en b\u00f8lle. Er han det?<\/p>\n<p class=\"_paragraph_o9xde_4 _paragraph_xtcu6_10 layout-component text-serif-m layout-normal text-serif-m layout-padded\">\u2013 Spennet i personligheter i politikken i verden er stort. Jeg sa fra dag en at Trump er en uvanlig politiker og at vi m\u00e5 l\u00e6re \u00e5 dekode ham. Men han har sagt flere ting hvor jeg tydelig har sagt fra at jeg er uenig.<\/p>\n<p><img alt=\"Foto: Bj\u00f8rn Haugan \/ VG\" class=\"_image_qp4xg_65 layout-component layout-normal\" data-fullscreen- data-track-element-type=\"Article image fullscreen\" data-track-name=\"ImageFullscreen\" decoding=\"async\" loading=\"lazy\" height=\"4284\" itemprop=\"image\"  src=\"https:\/\/www.europesays.com\/no\/wp-content\/uploads\/2026\/01\/9ecd7600-0bdd-48cd-b838-0d84c3229685.jpeg\"  style=\"object-position:0% 0%\" width=\"5712\"\/>Foto: Bj\u00f8rn Haugan \/ VG<\/p>\n<p class=\"_paragraph_o9xde_4 _paragraph_xtcu6_10 layout-component text-serif-m layout-normal text-serif-m layout-padded\">\u2013 Han sier hva han mener og tvitrer hva han tenker. En kommunikasjonsform som er uvant, men som vi n\u00e5 blir mer vant med. <\/p>\n<p class=\"_paragraph_o9xde_4 _paragraph_xtcu6_10 layout-component text-serif-m layout-normal text-serif-m layout-padded\">\u2013 Gj\u00f8r Trumps aggressive fremferd noe med debatten i Norge og andre demokratiske land, som bidrar til at det nesten er blitt legitimt \u00e5 skjelle ut folk i sosiale medier?<\/p>\n<p class=\"_paragraph_o9xde_4 _paragraph_xtcu6_10 layout-component text-serif-m layout-normal text-serif-m layout-padded\">\u2013 Alt henger sammen med alt. Ordbruken ledere bruker og kulturen du har i politikken for \u00e5 h\u00e5ndtere meningsforskjeller, setter spor. Her kommer Trumps politiske familie, Maga-bevegelsen, med klare utfordringer til mange grupper. Det er en politisk linje jeg er uenig i.<\/p>\n<p>\u2013 V\u00e5r viktigste allierte<\/p>\n<p class=\"_paragraph_o9xde_4 _paragraph_xtcu6_10 layout-component text-serif-m layout-normal text-serif-m layout-padded\">St\u00f8re sier at det ikke er hans jobb \u00e5 delta i den innenrikspolitiske debatten i USA.<\/p>\n<p class=\"_paragraph_o9xde_4 _paragraph_xtcu6_10 layout-component text-serif-m layout-normal text-serif-m layout-padded\">\u2013 Min jobb er \u00e5 ta den i Norge. Som jeg sier:<\/p>\n<p class=\"_paragraph_o9xde_4 _paragraph_xtcu6_10 layout-component text-serif-m layout-normal text-serif-m layout-padded\">\u2013 I Norge har vi politiske motstandere, ikke fiender: Frp er v\u00e5r hovedmotstander, ikke fiende.<\/p>\n<p class=\"_paragraph_o9xde_4 _paragraph_xtcu6_10 layout-component text-serif-m layout-normal text-serif-m layout-padded\">\u2013 Er USA fremdeles v\u00e5r n\u00e6rmeste Nato-allierte?<\/p>\n<p class=\"_paragraph_o9xde_4 _paragraph_xtcu6_10 layout-component text-serif-m layout-normal text-serif-m layout-padded\">\u2013 Ja, USA er v\u00e5r viktigste allierte. Det er fordi norsk sikkerhet bygger p\u00e5 tre forhold, sier han:<\/p>\n<ul class=\"_list_o9xde_3 _list_xtcu6_9 _unordered_o9xde_106 layout-component text-serif-m layout-normal text-serif-m layout-padded\">\n<li class=\"_item_o9xde_30\">V\u00e5rt eget forsvar, som vi er i ferd med \u00e5 styrke.<\/li>\n<li class=\"_item_o9xde_30\">De tosidige forholdet til USA, s\u00e6rlig knyttet til samarbeidet i nord.<\/li>\n<li class=\"_item_o9xde_30\">Og Nato, hvor USA er den klart viktigste milit\u00e6rmakten.<\/li>\n<\/ul>\n<p class=\"_paragraph_o9xde_4 _paragraph_xtcu6_10 layout-component text-serif-m layout-normal text-serif-m layout-padded\">\u2013 Jeg er samtidig for at europeiske land tar et st\u00f8rre ansvar for forsvar og sikkerhet, men vi m\u00e5 ikke glemme at 80 prosent av de milit\u00e6re ressursene i Nato ikke er EU, men USA, Canada, Tyrkia, Storbritannia og Norge.<\/p>\n<p class=\"_paragraph_o9xde_4 _paragraph_xtcu6_10 layout-component text-serif-m layout-normal text-serif-m layout-padded\">\u2013 Det har blitt gitt analyser av at de europeiske Nato-landene, Norge inkludert, i realiteten vil v\u00e6re sjakk mattsjakk mattAt EU-land og Norge bare kan protestere heftig, men ikke kan gj\u00f8re s\u00e6rlig mer enn det. hvis USA tar seg til rette og tar Gr\u00f8nland. Hva sier du til den analysen?<\/p>\n<p class=\"_paragraph_o9xde_4 _paragraph_xtcu6_10 layout-component text-serif-m layout-normal text-serif-m layout-padded\">\u2013 Jeg \u00f8nsker ikke \u00e5 spekulere i dette. Vi h\u00f8rer hva Trump sier om mulig bruk av makt. Det har jeg sagt klart at vil v\u00e6re uakseptabelt. Det vil v\u00e6re helt utenfor kultur, tradisjon og forpliktelser at allierte i Nato vender seg milit\u00e6rt mot hverandre.<\/p>\n<p class=\"_paragraph_o9xde_4 _paragraph_xtcu6_10 layout-component text-serif-m layout-normal text-serif-m layout-padded\">Vi m\u00e5 innom <a href=\"https:\/\/www.vg.no\/nyheter\/i\/3p9QvL\/trump-fikk-nobels-fredsprismedalje-fra-maria-corina-machado-norske-eksperter-reagerer\" data-track-element-type=\"Link\" data-track-id=\"link:3p9QvL\" class=\"_link_o9xde_39\" rel=\"nofollow noopener\" target=\"_blank\">fredsprisen<\/a>:<\/p>\n<p class=\"_paragraph_o9xde_4 _paragraph_xtcu6_10 layout-component text-serif-m layout-normal text-serif-m layout-padded\">\u2013 Trump skiller tilsynelatende ikke p\u00e5 en uavhengig nobelkomit\u00e9 og Norge. For han er du Norge. Vi kan risikere sterk harme og kanskje verre ting hvis han ikke f\u00e5r den i \u00e5r?<\/p>\n<p class=\"_paragraph_o9xde_4 _paragraph_xtcu6_10 layout-component text-serif-m layout-normal text-serif-m layout-padded\">\u2013 Nobelprisen har v\u00e6rt oppe mellom Trump og meg i flere samtaler det siste halv\u00e5ret. Delvis i alvor, fordi han er veldig opptatt av den. Men Donald Trump vet hvem som deler ut fredsprisen, og hvem som ikke gj\u00f8r det. Det har jeg tydeliggjort flere ganger. Det er Nobelkomiteens ansvar. Jeg, som alle andre i verden, f\u00e5r vite resultatet klokken 11.00 den dagen prisen offentliggj\u00f8res.<\/p>\n<p><img alt=\"Donald Trump fikk overrakt Nobel-medaljen fra fredsprisvinneren Maria Corina Machado torsdag kveld.   Foto: WHITE HOUSE \/ DANIEL TOROK HANDOUT \/ EPA \/ NTB\" class=\"_image_qp4xg_65 layout-component layout-normal\" data-fullscreen- data-track-element-type=\"Article image fullscreen\" data-track-name=\"ImageFullscreen\" decoding=\"async\" loading=\"lazy\" height=\"3000\" itemprop=\"image\"  src=\"https:\/\/www.europesays.com\/no\/wp-content\/uploads\/2026\/01\/0244fb6c-63f1-4e0d-8095-2bbc68831163.jpeg\"  style=\"object-position:0% 0%\" width=\"2000\"\/>Donald Trump fikk overrakt Nobel-medaljen fra fredsprisvinneren Maria Corina Machado torsdag kveld.   Foto: WHITE HOUSE \/ DANIEL TOROK HANDOUT \/ EPA \/ NTB<\/p>\n<p class=\"_paragraph_o9xde_4 _paragraph_xtcu6_10 layout-component text-serif-m layout-normal text-serif-m layout-padded\">St\u00f8re legger til:<\/p>\n<p class=\"_paragraph_o9xde_4 _paragraph_xtcu6_10 layout-component text-serif-m layout-normal text-serif-m layout-padded\">\u2013 Verden st\u00e5r overfor st\u00f8rre problemer enn at verdensledere \u00f8nsker seg Nobels fredspris. Det er bra at verdensledere er opptatt av \u00e5 bidra til mindre krig og konflikt.<\/p>\n<p>Andre er mer kritisk <\/p>\n<p class=\"_paragraph_o9xde_4 _paragraph_xtcu6_10 layout-component text-serif-m layout-normal text-serif-m layout-padded\">Andre europeiske statsledere har v\u00e6rt langt hardere i kritikken mot USA og Trump:<\/p>\n<p class=\"_paragraph_o9xde_4 _paragraph_xtcu6_10 layout-component text-serif-m layout-normal text-serif-m layout-padded\">\u2013 Hvis USA angriper et annet Nato-land, da stopper alt opp, sa den danske statsministeren Mette Frederiksen <a href=\"https:\/\/www.vg.no\/nyheter\/i\/Pd98dX\/danmarks-statsminister-ber-usa-stoppe-groenland-truslene\" data-track-element-type=\"Link\" data-track-id=\"link:Pd98dX\" class=\"_link_o9xde_39\" rel=\"nofollow noopener\" target=\"_blank\">tidligere i januar<\/a>. <\/p>\n<p class=\"_paragraph_o9xde_4 _paragraph_xtcu6_10 layout-component text-serif-m layout-normal text-serif-m layout-padded\">Frankrikes president Emmanuel Macron har sagt at \u00abOm et europeisk lands suverenitet blir ber\u00f8rt, vil de gjennomgripende konsekvensene v\u00e6re enest\u00e5ende\u00bb.<\/p>\n<p class=\"_paragraph_o9xde_4 _paragraph_xtcu6_10 layout-component text-serif-m layout-normal text-serif-m layout-padded\">\u2013 Vi er sterkt kritisk til det USA gj\u00f8r og har gjort i Venezuela, med hensyn til internasjonal lov. Og vi er trolig enda mer kritisk til retorikken som brukes mot Gr\u00f8nland og Danmark, sa Sveriges statsminister Ulf Kristersson i en tale tidligere denne uken.<\/p>\n","protected":false},"excerpt":{"rendered":"St\u00f8re gir et nyansert syn p\u00e5 Trumps internasjonale politikk og Norges samarbeid med USA. Til tross for uenigheter,&hellip;\n","protected":false},"author":2,"featured_media":139351,"comment_status":"","ping_status":"","sticky":false,"template":"","format":"standard","meta":{"footnotes":""},"categories":[12],"tags":[20,21,55,24,25,2112,15,2818,201,22,23,13,30,28,29,14,16,26,27,42,205,43,44,45],"class_list":{"0":"post-139350","1":"post","2":"type-post","3":"status-publish","4":"format-standard","5":"has-post-thumbnail","7":"category-verden","8":"tag-breaking-news","9":"tag-breakingnews","10":"tag-donald-trump","11":"tag-featured-news","12":"tag-featurednews","13":"tag-gronland","14":"tag-headlines","15":"tag-internasjonal-politikk","16":"tag-jonas-gahr-store","17":"tag-latest-news","18":"tag-latestnews","19":"tag-news","20":"tag-no","21":"tag-norge","22":"tag-norway","23":"tag-nyheter","24":"tag-overskrifter","25":"tag-top-stories","26":"tag-topstories","27":"tag-verden","28":"tag-vgsamfunn","29":"tag-world","30":"tag-world-news","31":"tag-worldnews"},"share_on_mastodon":{"url":"https:\/\/pubeurope.com\/@no\/115905799544422987","error":""},"_links":{"self":[{"href":"https:\/\/www.europesays.com\/no\/wp-json\/wp\/v2\/posts\/139350","targetHints":{"allow":["GET"]}}],"collection":[{"href":"https:\/\/www.europesays.com\/no\/wp-json\/wp\/v2\/posts"}],"about":[{"href":"https:\/\/www.europesays.com\/no\/wp-json\/wp\/v2\/types\/post"}],"author":[{"embeddable":true,"href":"https:\/\/www.europesays.com\/no\/wp-json\/wp\/v2\/users\/2"}],"replies":[{"embeddable":true,"href":"https:\/\/www.europesays.com\/no\/wp-json\/wp\/v2\/comments?post=139350"}],"version-history":[{"count":0,"href":"https:\/\/www.europesays.com\/no\/wp-json\/wp\/v2\/posts\/139350\/revisions"}],"wp:featuredmedia":[{"embeddable":true,"href":"https:\/\/www.europesays.com\/no\/wp-json\/wp\/v2\/media\/139351"}],"wp:attachment":[{"href":"https:\/\/www.europesays.com\/no\/wp-json\/wp\/v2\/media?parent=139350"}],"wp:term":[{"taxonomy":"category","embeddable":true,"href":"https:\/\/www.europesays.com\/no\/wp-json\/wp\/v2\/categories?post=139350"},{"taxonomy":"post_tag","embeddable":true,"href":"https:\/\/www.europesays.com\/no\/wp-json\/wp\/v2\/tags?post=139350"}],"curies":[{"name":"wp","href":"https:\/\/api.w.org\/{rel}","templated":true}]}}