{"id":139371,"date":"2026-01-16T17:12:09","date_gmt":"2026-01-16T17:12:09","guid":{"rendered":"https:\/\/www.europesays.com\/no\/139371\/"},"modified":"2026-01-16T17:12:09","modified_gmt":"2026-01-16T17:12:09","slug":"russland-ukraina-russisk-toppgeneral-sparkes-etter-fiasko","status":"publish","type":"post","link":"https:\/\/www.europesays.com\/no\/139371\/","title":{"rendered":"Russland, Ukraina | Russisk toppgeneral sparkes etter fiasko"},"content":{"rendered":"\n<p>I september i fjor kunne Nettavisen fortelle at generall\u00f8ytnant Sukhrab Akhmedov fikk ansvaret for den russiske innsatsen langs Pokrovsk-fronten.<\/p>\n<p>Det var en nyhet som ble s\u00e6rdeles d\u00e5rlig mottatt blant russiske krigsbloggere. Dette er personer som er ivrige tilhengere av Russlands krig mot Ukraina, men som ofte er sv\u00e6rt kritisk til det de mener er inkompetanse blant russiske offiserer og milit\u00e6r ledelse.<\/p>\n<p>\u2013 Han er kjent for \u00abkj\u00f8ttkvernangrep\u00bb ved Vuhledar, skrev den russiske krigsbloggeren <a rel=\"Follow nofollow\" href=\"https:\/\/t.me\/romanov_92\/49137\">Romanov<\/a> da utnevnelsen ble kjent i fjor.<\/p>\n<p><b>Les mer: <\/b><a class=\"simple-relation related-teaser article--c-eRUmMG article--c-eRUmMG-fZoQSp-design-nettavisen article--c-eRUmMG-gwthdJ-cv\" href=\"https:\/\/www.nettavisen.no\/putin-setter-inn-slakteren\/s\/5-95-2598408\" rel=\"nofollow noopener\" target=\"_blank\">Putin setter inn \u00abSlakteren\u00bb<\/a><\/p>\n<p>Du kan lese mer om Akhmedovs bakgrunn lenger ned i artikkelen.<\/p>\n<p>   <img decoding=\"async\" width=\"646\" height=\"363\" fetchpriority=\"low\"  loading=\"lazy\"  src=\"https:\/\/www.europesays.com\/no\/wp-content\/uploads\/2026\/01\/Sukhrab_Akhmedov.jpg\" alt=\"\" class=\"brick-c-cFOWSL\" style=\"--brick-image-ratio: 646 \/ 363;\"\/><\/p>\n<p>      SPARKET: Russiske krigsbloggere melder at Sukhrab Akhmedov har f\u00e5tt sparken, men Kreml har ikke uttalt seg om saken.<br \/>\n      Foto: Ukjent\n    <\/p>\n<p>  Generalen har f\u00e5tt sparken<\/p>\n<p>Denne uken melder b\u00e5de Romanov og en rekke andre russiske krigsbloggere at Akhmedov har f\u00e5tt fyken, og ikke lenger leder den russiske innsatsen for \u00e5 ta over Pokrovsk.<\/p>\n<p>Han skal ogs\u00e5 v\u00e6re fjernet fra stillingen som nestkommanderende for Den russiske marinens kystforsvars- og landstyrker. Det var en stilling Akhmedov arvet etter at hans forgjenger Mikhail Gudkov ble drept i Kursk i fjor sommer.<\/p>\n<p><b>Les mer:<\/b> <a class=\"simple-relation related-teaser article--c-eRUmMG article--c-eRUmMG-fZoQSp-design-nettavisen article--c-eRUmMG-gwthdJ-cv\" href=\"https:\/\/www.nettavisen.no\/russisk-general-drept\/s\/5-95-2513656\" rel=\"nofollow noopener\" target=\"_blank\">Russisk general drept<\/a><\/p>\n<p>Russiske styrker har fors\u00f8kt \u00e5 f\u00e5 kontroll over Pokrovsk helt siden 2024, men etter snart to \u00e5r har de fortsatt ikke full kontroll.<\/p>\n<p>Det ukrainske forsvaret av byen kollapset i fjor h\u00f8st. Til tross for at store deler av byen n\u00e5 er under russisk kontroll har russerne fortsatt ikke full kontroll over byen.<\/p>\n<p>Den <a href=\"https:\/\/understandingwar.org\/research\/russia-ukraine\/russian-offensive-campaign-assessment-january-7-2026\/\" rel=\"Follow nofollow noopener\" target=\"_blank\">8. januar <\/a>meldte den amerikanske tenketanken ISW at Ukraina hadde gjennomf\u00f8rt et motangrep i omr\u00e5det.<\/p>\n<p><b>Les mer: <\/b><a class=\"simple-relation related-teaser article--c-eRUmMG article--c-eRUmMG-fZoQSp-design-nettavisen article--c-eRUmMG-gwthdJ-cv\" href=\"https:\/\/www.nettavisen.no\/russisk-militarblogger-raser-soldatene-dor-pa-grunn-av-dette\/s\/5-95-2582267\" rel=\"nofollow noopener\" target=\"_blank\">Russisk milit\u00e6rblogger raser: \u2013 Soldatene d\u00f8r p\u00e5 grunn av dette<\/a><\/p>\n<p>Russisk kriseangrep trekkes fram<\/p>\n<p>De russiske krigsbloggerne hevder at et katastrofalt angrep mot ukrainske stillinger et stykke \u00f8st for Pokrovsk rett f\u00f8r jul er en av \u00e5rsakene til at Akhmedov n\u00e5 fratas arbeidsoppgavene sine.<\/p>\n<p>\u2013 N\u00e5, etter \u00e5 ha f\u00e5tt enda mer makt, formet han en kolonne av flere marineinfanterienheter best\u00e5ende av 30 enheter materiell og sendte dem til slakt. Konsekvensene er p\u00e5 bildene: seks stridsvogner, ni stormpanservogner, fem pansrede personellkj\u00f8ret\u00f8y, en bergingsvogn (BREM) og ti firehjulinger, skrev Romanov <a href=\"https:\/\/t.me\/romanov_92\/50377\" rel=\"Follow nofollow\">22. desember.<\/a><\/p>\n<p>I romjulen, kun noen dager etter det mislykkede angrepet, meldte <a href=\"https:\/\/t.me\/romanov_92\/50408\" rel=\"Follow nofollow\">Romanov<\/a> om at Akhmedov var i tr\u00f8bbel og at han ble sett etter i kortene.<\/p>\n<p>Russiske myndigheter har ikke bekreftet avgangen, men <a href=\"https:\/\/t.me\/milinfolive\/164380\" rel=\"Follow nofollow\">flere av de<\/a> st\u00f8rste russiske krigsbloggerne melder om sparkingen.<\/p>\n<p>Den ukrainske bloggeren \u00abIn Factum\u00bb, ser ut til \u00e5 ta tapet av Akhmedov tungt. I Ukraina har det blitt sp\u00f8kt med at Akhmedovs hodel\u00f8se angrep n\u00e6rmest har kommet Ukraina til gode, fordi de har f\u00f8rt til store russiske tap, uten at de har klart \u00e5 rykke fram.<\/p>\n<p>\u2013 Nei, nei nei. F\u00e5 Akhmedov tilbake, skriver den ukrainske <a href=\"https:\/\/t.me\/in_factum\/41202\" rel=\"Follow nofollow\">bloggeren.<\/a><\/p>\n<p><b>Les ogs\u00e5: <\/b><a class=\"simple-relation related-teaser article--c-eRUmMG article--c-eRUmMG-fZoQSp-design-nettavisen article--c-eRUmMG-gwthdJ-cv\" href=\"https:\/\/www.nettavisen.no\/russland-la-ut-skrytevideo-slaktes-av-deres-egne\/s\/5-95-1750228\" rel=\"nofollow noopener\" target=\"_blank\">Russland la ut skrytevideo \u2013 slaktes av deres egne<\/a><\/p>\n<p>Beskjed til andre russiske offiserer<\/p>\n<p>Oberstl\u00f8ytnant og hovedl\u00e6rer i landmakt ved Krigsskolen, Palle Ydsteb\u00f8, sier til Nettavisen at man ikke skal legge for mye vekt p\u00e5 sparkingen av Akhmedov.<\/p>\n<p>\u2013 Han har jo blitt sparket f\u00f8r. Jeg tror det heller er snakk om signalisering for \u00e5 holde p\u00e5 lojaliteten og en beskjed til andre offiserer at de m\u00e5 skjerpe seg, mener Ydsteb\u00f8.<\/p>\n<p>I tillegg til hodel\u00f8se angrep mot Vuhledar og Pokrovsk har Akhmedov ogs\u00e5 st\u00e5tt ansvarlig for flere andre flauser. <a rel=\"Follow nofollow noopener\" href=\"https:\/\/www.rferl.org\/a\/ukraine-russia-war-vuhledar\/33143696.html\" target=\"_blank\">The Insider <\/a>skriver at Akhmedovs navn ble nevnt av russiske krigsbloggere i forbindelse med en hendelse n\u00e6r Kreminna i juni 2023. Da ble russiske soldater st\u00e5ende p\u00e5 en oppstillingsplass i to timer og vente p\u00e5 ham.<\/p>\n<p>Under ventingen ble de truffet av et ukrainsk -angrep. If\u00f8lge ukrainske osint-grupper, var det den 144. motoriserte infanteridivisjon av den 20. arm\u00e9, kommandert av Akhmedov, som ble rammet. Omtrent 100 soldater ble drept. Til tross for dette ble han forfremmet til generalmajor i februar 2023 og deretter til generall\u00f8ytnant i desember samme \u00e5r.<\/p>\n<p>\u2013 Akhmedov har selv i russisk m\u00e5lestokk vist en neglisjering og inkompetanse som utmerker seg, kommenterer Ydsteb\u00f8 t\u00f8rt.<\/p>\n<p>P\u00e5 sp\u00f8rsm\u00e5l om hva enkeltpersoner som Akhmedov har \u00e5 si for krigen, sier Ydsteb\u00f8 at det er fint lite.<\/p>\n<p>\u2013 Slik russerne holder p\u00e5 n\u00e5 handler det mest om \u00e5 ha et konstant press p\u00e5 fronten og tygge seg framover der de konsentrerer styrkene sine. Det er ikke store, avanserte og krevende operasjoner de holder p\u00e5 med, mener han.<\/p>\n<p><b>Les ogs\u00e5: <\/b><a class=\"simple-relation related-teaser article--c-eRUmMG article--c-eRUmMG-fZoQSp-design-nettavisen article--c-eRUmMG-gwthdJ-cv\" href=\"https:\/\/www.nettavisen.no\/avslorte-russiske-spioner-pa-fiskebater-na-styrkes-tilstedevarelsen-langs-grensen\/s\/5-95-2808090\" rel=\"nofollow noopener\" target=\"_blank\">Avsl\u00f8rte russiske spioner p\u00e5 fiskeb\u00e5ter \u2013 n\u00e5 styrkes tilstedev\u00e6relsen langs grensen<\/a><\/p>\n<p>Russisk general med blodig fortid<\/p>\n<p>Akhmedov er general, og gjorde seg bemerket allerede vinteren 2022\/2023. Da fors\u00f8kte Russland \u00e5 erobre den ukrainske byen Vuhledar, cirka fem mil s\u00f8r for Pokrovsk.<\/p>\n<p>Det var under denne kampanjen Akhmedov fikk tilnavnet \u00abSlakteren\u00bb, av sine egne soldater. Han beordret de russiske soldatene til stormangrep p\u00e5 byen, og sendte hundrevis av stridsvogner og pansrede kj\u00f8ret\u00f8y mot de ukrainske styrkene som var satt til \u00e5 forsvare Vuhledar.<\/p>\n<p>Vuhledar endte opp med \u00e5 bli et blodbad for russerne, og russiske krigsbloggere var rasende over de hodel\u00f8se angrepene som ble beordret, gang etter gang.<\/p>\n<p>    Vil du se neste video?<\/p>\n<p>    <a href=\"https:\/\/www.nettavisen.no\/nyheter\/john-healey-sjokkerer-vil-kidnappe-putin\/v\/5-95-2819899\" class=\"recommend-poster\" data-adp-clicklabel=\"video-recommend\" data-adp-clickvalue=\"poster\" rel=\"nofollow noopener\" target=\"_blank\"><br \/>\n      <img decoding=\"async\" width=\"200\" height=\"200\" loading=\"lazy\" src=\"https:\/\/www.europesays.com\/no\/wp-content\/uploads\/2026\/01\/John+Healey+front.jpg\" alt=\"\" class=\"brick-c-cFOWSL\" style=\"--brick-image-ratio: 200 \/ 200;\"\/><\/p>\n<p>Sjokkerer: Vil kidnappe Putin0:43<\/p>\n<p>    <\/a><\/p>\n","protected":false},"excerpt":{"rendered":"I september i fjor kunne Nettavisen fortelle at generall\u00f8ytnant Sukhrab Akhmedov fikk ansvaret for den russiske innsatsen langs&hellip;\n","protected":false},"author":2,"featured_media":123886,"comment_status":"","ping_status":"","sticky":false,"template":"","format":"standard","meta":{"footnotes":""},"categories":[12],"tags":[20,21,24,25,15,22,23,13,30,28,29,14,16,26,27,42,43,44,45],"class_list":{"0":"post-139371","1":"post","2":"type-post","3":"status-publish","4":"format-standard","5":"has-post-thumbnail","7":"category-verden","8":"tag-breaking-news","9":"tag-breakingnews","10":"tag-featured-news","11":"tag-featurednews","12":"tag-headlines","13":"tag-latest-news","14":"tag-latestnews","15":"tag-news","16":"tag-no","17":"tag-norge","18":"tag-norway","19":"tag-nyheter","20":"tag-overskrifter","21":"tag-top-stories","22":"tag-topstories","23":"tag-verden","24":"tag-world","25":"tag-world-news","26":"tag-worldnews"},"share_on_mastodon":{"url":"https:\/\/pubeurope.com\/@no\/115905897667951197","error":""},"_links":{"self":[{"href":"https:\/\/www.europesays.com\/no\/wp-json\/wp\/v2\/posts\/139371","targetHints":{"allow":["GET"]}}],"collection":[{"href":"https:\/\/www.europesays.com\/no\/wp-json\/wp\/v2\/posts"}],"about":[{"href":"https:\/\/www.europesays.com\/no\/wp-json\/wp\/v2\/types\/post"}],"author":[{"embeddable":true,"href":"https:\/\/www.europesays.com\/no\/wp-json\/wp\/v2\/users\/2"}],"replies":[{"embeddable":true,"href":"https:\/\/www.europesays.com\/no\/wp-json\/wp\/v2\/comments?post=139371"}],"version-history":[{"count":0,"href":"https:\/\/www.europesays.com\/no\/wp-json\/wp\/v2\/posts\/139371\/revisions"}],"wp:featuredmedia":[{"embeddable":true,"href":"https:\/\/www.europesays.com\/no\/wp-json\/wp\/v2\/media\/123886"}],"wp:attachment":[{"href":"https:\/\/www.europesays.com\/no\/wp-json\/wp\/v2\/media?parent=139371"}],"wp:term":[{"taxonomy":"category","embeddable":true,"href":"https:\/\/www.europesays.com\/no\/wp-json\/wp\/v2\/categories?post=139371"},{"taxonomy":"post_tag","embeddable":true,"href":"https:\/\/www.europesays.com\/no\/wp-json\/wp\/v2\/tags?post=139371"}],"curies":[{"name":"wp","href":"https:\/\/api.w.org\/{rel}","templated":true}]}}