{"id":139376,"date":"2026-01-16T17:23:07","date_gmt":"2026-01-16T17:23:07","guid":{"rendered":"https:\/\/www.europesays.com\/no\/139376\/"},"modified":"2026-01-16T17:23:07","modified_gmt":"2026-01-16T17:23:07","slug":"nobelinstituttets-harpviken-svarer-etter-at-machado-ga-medaljen-til-trump-nrk-urix-utenriksnyheter-og-dokumentarer","status":"publish","type":"post","link":"https:\/\/www.europesays.com\/no\/139376\/","title":{"rendered":"Nobelinstituttets Harpviken svarer etter at Machado ga medaljen til Trump \u2013 NRK Urix \u2013 Utenriksnyheter og -dokumentarer"},"content":{"rendered":"<p>Fredag uttaler direkt\u00f8r for Nobelinstituttet, Kristian Berg Harpviken, seg for f\u00f8rste gang etter at fredsprisvinner Mar\u00eda Corina Machado ga fredsprismedaljen til USAs president Donald Trump.<\/p>\n<p>\u2013 Det er fredsprisvinner Machados valg, sier han.<\/p>\n<p>Han legger til:<\/p>\n<p>\u2013 Fredsprisen kan ikke gis bort, men medaljen kan bli gitt bort. Det er den hun har gitt bort.\n<\/p>\n<p><img decoding=\"async\"   src=\"data:image\/gif;base64,R0lGODlhAQABAIAAAAAAAP\/\/\/yH5BAEAAAAALAAAAAABAAEAAAIBRAA7\" loading=\"eager\" alt=\"En mann st\u00e5r ved et vindu og ser p\u00e5 telefonen sin. Han har gr\u00e5tt h\u00e5r og bruker briller, ikledd en m\u00f8rk dress med lyseknappskjorte. I bakgrunnen er det planter og moderne kontormilj\u00f8. Lys og refleksjoner gir en uklarhet til bildet.\" title=\"Foto: Tom Balgaard \/ NRK\"\/><\/p>\n<p class=\"\"> Kristian Berg Harpviken, direkt\u00f8r for Nobelinstituttet og sekret\u00e6r for Den Norske Nobelkomit\u00e9.<\/p>\n<p>Foto: Tom Balgaard \/ NRK<\/p>\n<p>Han sier videre at det ikke er Nobelkomiteens oppgave \u00e5 mene noe om hva fredsprisvinnere gj\u00f8r i etterkant.<\/p>\n<p>Ramser opp tidligere vinnere som har gitt bort prisen<\/p>\n<p>I en uttalelse fredag ettermiddag <a href=\"https:\/\/www.nobelpeaceprize.org\/presse\/pressemeldinger\/nobelprisen-og-personen-er-uadskillelige\" ec-id=\"https:\/\/www.nobelpeaceprize.org\/presse\/pressemeldinger\/nobelprisen-og-personen-er-uadskillelige\" ec-name=\"skriver\" rel=\"nofollow noopener\" target=\"_blank\">skriver<\/a> Nobelkomiteen at \u00abNobelprisen og personen er uadskillelige\u00bb.<\/p>\n<p>Instituttet ramser ogs\u00e5 opp andre vinnere som har gitt bort prisen.<\/p>\n<p>Blant annet Kofi Annan, Christian Lous Lange, Dmitrij Murato, David Thouless, James Watson, Leon Lederman og Knut Hamsun.<\/p>\n<p>Trump takket for medaljen<\/p>\n<p>Etter at medaljen ble overlevert torsdag, takket Trump henne offentlig.<\/p>\n<p>\u2013 En s\u00e5 fantastisk gest av gjensidig respekt. Takk, Mar\u00eda, skrev Trump.<\/p>\n<p>If\u00f8lge <a href=\"https:\/\/www.reuters.com\/world\/americas\/trump-meet-venezuelan-opposition-leader-machado-after-praising-its-government-2026-01-15\/\" ec-id=\"https:\/\/www.reuters.com\/world\/americas\/trump-meet-venezuelan-opposition-leader-machado-after-praising-its-government-2026-01-15\/\" ec-name=\"Reuters\" rel=\"nofollow noopener\" target=\"_blank\">Reuters<\/a> har Trump bekreftet at han vil beholde medaljen.<\/p>\n<p>Machado beskrev m\u00f8tet som sv\u00e6rt bra, men det er uklart hva som faktisk kom ut av samtalene.<\/p>\n<p>Trump har tidligere <a href=\"https:\/\/abcnews.go.com\/International\/trump-venezuelan-opposition-leader-respect-govern-after-maduro\/story?id=128868550\" ec-id=\"https:\/\/abcnews.go.com\/International\/trump-venezuelan-opposition-leader-respect-govern-after-maduro\/story\" ec-name=\"uttrykt tvil\" rel=\"nofollow noopener\" target=\"_blank\">uttrykt tvil<\/a> om hennes evne til \u00e5 lede Venezuela.<\/p>\n<p>\u2013 Hun er en veldig hyggelig kvinne, men hun har ikke den respekten som trengs for \u00e5 lede landet, uttalte han etter m\u00f8te, if\u00f8lge <a href=\"https:\/\/www.nytimes.com\/2026\/01\/15\/world\/americas\/machado-trump-meeting-nobel-peace-prize.html\" ec-id=\"https:\/\/www.nytimes.com\/2026\/01\/15\/world\/americas\/machado-trump-meeting-nobel-peace-prize.html\" ec-name=\"The New York Times\" rel=\"nofollow noopener\" target=\"_blank\">The New York Times<\/a>.<\/p>\n<p>Det hvite hus delte ogs\u00e5 et bilde av Trump som holder rammen med nobelmedaljen.\n<\/p>\n<p><img decoding=\"async\"   src=\"data:image\/gif;base64,R0lGODlhAQABAIAAAAAAAP\/\/\/yH5BAEAAAAALAAAAAABAAEAAAIBRAA7\" loading=\"eager\" alt=\"Donald Trump med fredsprismedaljen\" title=\"Foto: voceriavzla \/ Instagram\"\/><\/p>\n<p class=\"\">USAs president Donald Trump fikk torsdag fredsprismedaljen av fredsprisvinner Mar\u00eda Corina Machado. Machado la senere ut dette bildet p\u00e5 Instagram.<\/p>\n<p>Foto: voceriavzla \/ Instagram<\/p>\n<p>I teksten st\u00e5r det at hans \u00abprinsippfaste og besluttsomme handling for et fritt Venezuela\u00bb er blitt anerkjent.<\/p>\n<p>Machado sa etter m\u00f8tet at hun overleverte medaljen \u00absom en anerkjennelse av hans unike engasjement for v\u00e5r frihet\u00bb.\n<\/p>\n<p>Nobelkomiteen har tidligere <a href=\"https:\/\/www.nobelpeaceprize.org\/presse\/pressemeldinger\/a-nobel-prize-cannot-be-revoked-shared-or-transferred-1\" ec-id=\"https:\/\/www.nobelpeaceprize.org\/presse\/pressemeldinger\/a-nobel-prize-cannot-be-revoked-shared-or-transferred-1\" ec-name=\"understreket\" rel=\"nofollow noopener\" target=\"_blank\">understreket<\/a> at selve fredsprisen ikke kan gis videre.<\/p>\n<p>\u2013 N\u00e5r en nobelpris f\u00f8rst er kunngjort, kan den ikke trekkes tilbake, deles eller overf\u00f8res til andre. Avgj\u00f8relsen er endelig og gjelder for alltid.<\/p>\n<p>Politisk kritikk i Norge<\/p>\n<p>Reaksjonene etter Machados gest <a href=\"https:\/\/www.nrk.no\/urix\/ga-fra-seg-fredsprismedaljen_-_-uhort-1.17729920\" ec-id=\"pp:article:1.17729920\" ec-name=\"lot ikke vente\" rel=\"nofollow noopener\" target=\"_blank\">lot ikke vente<\/a> p\u00e5 seg.<\/p>\n<p>    \u2190<\/p>\n<ul data-scroll-container=\"\" role=\"list\">\n<li><img alt=\"En kvinne med blondt, skulderlangt h\u00e5r er if\u00f8rt en gr\u00e5 blazer og en rosa bluse. Hun st\u00e5r fremfor en m\u00f8rk bakgrunn. Hennes ansikt er ikke synlig. Bildet gir inntrykk av en formell setting, muligens knyttet til en pressekonferanse eller offentlig opptreden. (Bildebeskrivelsen er laget av en KI-tjeneste)\"  width=\"3840\" height=\"2160\" loading=\"lazy\"\/>\n<p>\n        ISMAIL BURAK AKKAN \/ NRK\n      <\/p>\n<p>Janne Haaland Matlary<\/p>\n<p>\u2013 Det er helt uh\u00f8rt. Det er total mangel p\u00e5 respekt for prisen, fra hennes side, sier professor Matlary.<\/p>\n<p>Hun legger til:<\/p>\n<p>\u2013 Og det er en meningsl\u00f8s handling, fordi man kan ikke gi bort en pris. <\/p>\n<p>Dette handler ikke om Trump som person, men om prinsippet. Handlingen ogs\u00e5 viser manglende respekt for Nobelkomiteen og prisens verdi, mener hun.<\/p>\n<\/li>\n<li><img alt=\"Oslo 20220530. Byrdsleder Raymond Johansen (Ap) etter pressekonferansen i Oslo rdhus etter Arbeiderpartiets mte om Fornebubanen.Foto: Annika Byrde \/ NTB8BIM%Iu(N\u00e5F 8BIM:\u00ef\"  width=\"3840\" height=\"2160\" loading=\"lazy\"\/>\n<p>\n        Annika Byrde \/ NTB\n      <\/p>\n<p>Raymond Johansen<\/p>\n<p>\u2013 Dette er ufattelig pinlig og skadelig for en av verdens mest anerkjente og viktige priser. Tildelingen av prisen er n\u00e5 s\u00e5 politisert og potensielt farlig at den lett kan legitimere en anti fredspris utvikling.<\/p>\n<p>Det skriver Raymond Johansen, generalsekret\u00e6r i Norsk Folkehjelp og tidligere byr\u00e5dsleder (Ap) p\u00e5 Facebook.<\/p>\n<p>\u2013 Hva i all verden skal Nobelkomiteen si, undrer han.<\/p>\n<\/li>\n<li><img alt=\"En person som st\u00e5r foran en bokhylle (Bildebeskrivelsen er laget av en KI-tjeneste)\"  width=\"3840\" height=\"2160\" loading=\"lazy\"\/>\n<p>\n        Javad Parsa \/ NTB\n      <\/p>\n<p>Eirik L\u00f8kke<\/p>\n<p>USA-ekspert Eirik L\u00f8kke er ikke overrasket.<\/p>\n<p>Like etter tildelingen dediserte Machado prisen til Trump.<\/p>\n<p>\u2013 Det som ligger i dette, er at Machado pr\u00f8ver \u00e5 p\u00e5virke Trump. Hun fors\u00f8ker \u00e5 \u00f8ve innflytelse over han, som mange andre politikere rundt om i verden gj\u00f8r.<\/p>\n<p>Hvorvidt fredsprisen vil virke, er derimot usikkert. L\u00f8kke mener Trump har f\u00e5, eller konkrete planer for Venezuela.<\/p>\n<\/li>\n<\/ul>\n<p>\u2192<\/p>\n<p>R\u00f8dts utenrikspolitiske talsperson Bj\u00f8rnar Moxnes tar n\u00e5 til orde for \u00e5 endre hvordan Nobelkomiteen settes sammen.<\/p>\n<p>\u2013 Det trengs en reform av Nobelkomiteen fordi prisen har blitt s\u00e5 politisert og gj\u00f8r ogs\u00e5 Norge s\u00e5rbare for press, sier han til <a href=\"https:\/\/www.nrk.no\/urix\/ga-fra-seg-fredsprismedaljen_-_-uhort-1.17729920\" ec-id=\"pp:article:1.17729920\" ec-name=\"NRK\" rel=\"nofollow noopener\" target=\"_blank\">NRK<\/a>.<\/p>\n<p>Les hvem som sitter i Nobelkomiteen:<\/p>\n<p>Dette er Nobelkomiteens medlemmer<\/p>\n<p>Nobelkomiteen har fem medlemmer og tre varamedlemmer. If\u00f8lge Alfred Nobels testamente er det Stortingets oppgave \u00e5 velge disse.<\/p>\n<p>Det er politikere i Stortingets valgkomit\u00e9 som velger henholdvis to og tre medlemmer annethvert \u00e5r.<\/p>\n<p>Medlemmene velges for seks \u00e5r av gangen.<\/p>\n<p>Dette er dagens medlemmer:<\/p>\n<p>Leder av komiteen og medlem siden 2021. Bred organsisasjonsbakgrunn, blant annet som ansvarlig for gjenreisingen av Ut\u00f8ya og generalsekret\u00e6r i ytringsfrihetsorgansisasjonen Norsk PEN. Har bachelorgrad i statsvitenskap og master i internasjonal politikk.<\/p>\n<p>Nominert av Arbeiderpartiet og valgt inn for perioden 2021-2026.<\/p>\n<p>Nestleder av komiteen. Har doktorgrad i internasjonal politikk og har forsket ved flere universiteter og institusjoner. Har jobbet som forskningsdirekt\u00f8r ved Det Norske Nobelinstitutt.<\/p>\n<p>Ble valgt for 2024-2029 etter \u00e5 ha blitt utpekt av Fremskrittspartiet.<\/p>\n<p>Var partileder for Senterpartiet mellom 1991 og 1999, og stortingsrepresentant i 16 \u00e5r. Har ogs\u00e5 v\u00e6rt fylkesmann i \u00d8stfold og generalsekret\u00e6r i Redningsselskapet. Enger er utdannet som sykepleier, sosionom og diakon.<\/p>\n<p>Ble nominert av Senterpartiet og valgt inn i 2018. Er gjenvalgt for perioden 2021-2026.<\/p>\n<p>Leder den liberale tankesmien Civita. Clemet er utdannet sivil\u00f8konom og har v\u00e6rt stortingsrepresentant, arbeids- og administrasjonsminister og utdannings- og forskningsminister for H\u00f8yre. Har bred erfaring fra organisasjonsliv og komiteer.<\/p>\n<p>Valgt inn for perioden 2021-2026. Ble nominert av H\u00f8yre.<\/p>\n<p>Larsen har v\u00e6rt AUF-leder, vararepresentant til Stortinget for Arbeiderpartiet, politisk r\u00e5dgiver og statssekret\u00e6r i Utenriksdepartementet. Hun har ogs\u00e5 v\u00e6rt generalsekret\u00e6r for bistandsorgansisasjon CARE Norge. Larsen er utdannet cand.mag. i fagene norsk og internasjonal politikk og historie.<\/p>\n<p>Ble nominert av Arbeiderpartiet og valgt for 2024-2029.<\/p>\n<p>Kilder: Stortinget.no, snl.no, nobelpeaceprize.org<\/p>\n<p>I dag blir medlemmene i komiteen utnevnt av Stortinget og best\u00e5r av tidligere politikere.<\/p>\n<p>Moxnes mener dette bidrar til \u00e5 knytte prisen tettere til norsk politikk enn det som er \u00f8nskelig.<\/p>\n<p>\u2013 Det vi \u00f8nsker er en modell som vil gi en mindre politisert pris, som det er vanskeligere \u00e5 framstille som det offisielle Norge st\u00e5r bak, n\u00e5r de ikke lenger har en komit\u00e9 best\u00e5ende av tidligere politikere.<\/p>\n<p>Kaller Machados gest politisk motivert<\/p>\n<p>Flere peker ogs\u00e5 p\u00e5 at overrekkelsen <a href=\"https:\/\/www.theguardian.com\/world\/2026\/jan\/16\/maria-corina-machado-giving-trump-nobel-peace-prize-medal-absurd-say-norwegian-politicians\" ec-id=\"https:\/\/www.theguardian.com\/world\/2026\/jan\/16\/maria-corina-machado-giving-trump-nobel-peace-prize-medal-absurd-say-norwegian-politicians\" ec-name=\"kan ha v\u00e6rt politisk motivert\" rel=\"nofollow noopener\" target=\"_blank\">kan ha v\u00e6rt politisk motivert<\/a>.<\/p>\n<p>Professor Leiv Marsteintredet ved Universitetet i Bergen har tidligere sagt til NRK at han tror m\u00e5let var \u00e5 styrke forholdet til Trump.<\/p>\n<p>\u2013 Machado og hennes st\u00f8ttespillere har nok tenkt at dette var noe Trump ville sette pris p\u00e5, og at dette kanskje kan v\u00e6re det som f\u00e5r ham til \u00e5 uttrykke sterkere st\u00f8tte for opposisjonen enn det han gjorde dagen etter at de tok Maduro.\n<\/p>\n<p><img decoding=\"async\"   src=\"data:image\/gif;base64,R0lGODlhAQABAIAAAAAAAP\/\/\/yH5BAEAAAAALAAAAAABAAEAAAIBRAA7\" loading=\"eager\" alt=\"En person st\u00e5r med armene krysset foran kroppen, if\u00f8rt en m\u00f8rkebl\u00e5 dressjakke og lys skjorte. Bakgrunnen er ensfarget lys gr\u00e5, noe som gir et n\u00f8ytralt inntrykk. Personen har et langt h\u00e5r og b\u00e6rer et tydelig emblem p\u00e5 dressjakken. Bildet ser ut til \u00e5 v\u00e6re en formell portrettfotografi. (Bildebeskrivelsen er laget av en KI-tjeneste)\" title=\"Foto: Universitetet i Bergen\"\/><\/p>\n<p class=\"\">Professor Leiv Marsteintredet ved Universitetet i Bergen.<\/p>\n<p>Foto: Universitetet i Bergen<\/p>\n<p>Trump uttalte etter at Nicol\u00e1s Maduro og kona ble fjernet p\u00e5 ny\u00e5ret at han mener Machado <a href=\"https:\/\/abcnews.go.com\/International\/trump-venezuelan-opposition-leader-respect-govern-after-maduro\/story?id=128868550\" ec-id=\"https:\/\/abcnews.go.com\/International\/trump-venezuelan-opposition-leader-respect-govern-after-maduro\/story\" ec-name=\"ikke har nok st\u00f8tte til \u00e5 lede\" rel=\"nofollow noopener\" target=\"_blank\">ikke har nok st\u00f8tte til \u00e5 lede<\/a> Venezuela.<\/p>\n<p>Dette ble ogs\u00e5 gjentatt etter torsdagens m\u00f8te mellom Trump og Machado.<\/p>\n<p>I stedet er det tidligere visepresident og Maduros n\u00e6re allierte Delcy Rodr\u00edguez, som n\u00e5 er fungerende president i landet.<\/p>\n<p>Publisert<\/p>\n<p>16.01.2026, kl. 17.52<\/p>\n<p>Oppdatert<\/p>\n<p>16.01.2026, kl. 18.18<\/p>\n","protected":false},"excerpt":{"rendered":"Fredag uttaler direkt\u00f8r for Nobelinstituttet, Kristian Berg Harpviken, seg for f\u00f8rste gang etter at fredsprisvinner Mar\u00eda Corina Machado&hellip;\n","protected":false},"author":2,"featured_media":139377,"comment_status":"","ping_status":"","sticky":false,"template":"","format":"standard","meta":{"footnotes":""},"categories":[10],"tags":[20,21,24,25,15,22,23,13,30,28,29,14,16,26,27],"class_list":{"0":"post-139376","1":"post","2":"type-post","3":"status-publish","4":"format-standard","5":"has-post-thumbnail","7":"category-norge","8":"tag-breaking-news","9":"tag-breakingnews","10":"tag-featured-news","11":"tag-featurednews","12":"tag-headlines","13":"tag-latest-news","14":"tag-latestnews","15":"tag-news","16":"tag-no","17":"tag-norge","18":"tag-norway","19":"tag-nyheter","20":"tag-overskrifter","21":"tag-top-stories","22":"tag-topstories"},"share_on_mastodon":{"url":"https:\/\/pubeurope.com\/@no\/115905940967704272","error":""},"_links":{"self":[{"href":"https:\/\/www.europesays.com\/no\/wp-json\/wp\/v2\/posts\/139376","targetHints":{"allow":["GET"]}}],"collection":[{"href":"https:\/\/www.europesays.com\/no\/wp-json\/wp\/v2\/posts"}],"about":[{"href":"https:\/\/www.europesays.com\/no\/wp-json\/wp\/v2\/types\/post"}],"author":[{"embeddable":true,"href":"https:\/\/www.europesays.com\/no\/wp-json\/wp\/v2\/users\/2"}],"replies":[{"embeddable":true,"href":"https:\/\/www.europesays.com\/no\/wp-json\/wp\/v2\/comments?post=139376"}],"version-history":[{"count":0,"href":"https:\/\/www.europesays.com\/no\/wp-json\/wp\/v2\/posts\/139376\/revisions"}],"wp:featuredmedia":[{"embeddable":true,"href":"https:\/\/www.europesays.com\/no\/wp-json\/wp\/v2\/media\/139377"}],"wp:attachment":[{"href":"https:\/\/www.europesays.com\/no\/wp-json\/wp\/v2\/media?parent=139376"}],"wp:term":[{"taxonomy":"category","embeddable":true,"href":"https:\/\/www.europesays.com\/no\/wp-json\/wp\/v2\/categories?post=139376"},{"taxonomy":"post_tag","embeddable":true,"href":"https:\/\/www.europesays.com\/no\/wp-json\/wp\/v2\/tags?post=139376"}],"curies":[{"name":"wp","href":"https:\/\/api.w.org\/{rel}","templated":true}]}}