{"id":139378,"date":"2026-01-16T17:24:07","date_gmt":"2026-01-16T17:24:07","guid":{"rendered":"https:\/\/www.europesays.com\/no\/139378\/"},"modified":"2026-01-16T17:24:07","modified_gmt":"2026-01-16T17:24:07","slug":"nesten-alle-fylkesledere-har-trukket-seg-nrk-trondelag-lokale-nyheter-tv-og-radio","status":"publish","type":"post","link":"https:\/\/www.europesays.com\/no\/139378\/","title":{"rendered":"Nesten alle fylkesledere har trukket seg \u2013 NRK Tr\u00f8ndelag \u2013 Lokale nyheter, TV og radio"},"content":{"rendered":"<p><strong>\u2013 Jeg f\u00f8ler Gyda har lurt meg. Man kan ikke si at man \u00f8nsker direktedemokrati samtidig som man styrer partiet som et diktatur. <\/strong><\/p>\n<p>Det sier Frantz Alexander Seippel, tidligere nestleder i Generasjonspartiet sitt fylkeslag i Vestfold.<\/p>\n<p><strong>Han er en av over 20 fylkesledere og nestledere i Generasjonspartiet som har sluttet den siste tiden. <\/strong><\/p>\n<p>De NRK har snakket med oppgir interne konflikter, maktkonsentrasjon og d\u00e5rlig ledelse om \u00e5rsaken til at de sluttet.<\/p>\n<p>Generasjonspartiet<\/p>\n<ul>\n<li>Generasjonspartiet ble stiftet i 2020 og registrert i partiregisteret i 2025.<\/li>\n<li>Partiet ble opprettet av en gruppe som gikk ut av Pensjonistpartiet og hadde som m\u00e5lsetting \u00e5 ta vare p\u00e5 folk gjennom hele livsl\u00f8pet.<\/li>\n<li>Gyda Oddekalv ble partileder i 2023.<\/li>\n<li>Partiets viktigste sak er direktedemokrati. De vil la mye politikk styres gjennom en app med folkeavstemninger i viktige saker.<\/li>\n<li>Partiet stilte til valg i alle landets 19 fylker ved stortingsvalget 2025 og fikk omtrent 21.500 stemmer. Flest stemmer fikk de i Hordaland.<\/li>\n<li>Det utl\u00f8ste en partist\u00f8tte p\u00e5 rundt 2,6 millioner kroner.<\/li>\n<li>P\u00e5 et ekstraordin\u00e6rt \u00e5rsm\u00f8te fredag 2. januar ble partileder Gyda Oddekalv og nestleder Beate L\u00f8ken, som er Oddekalvs mor, innvilget en l\u00f8nn p\u00e5 henholdsvis 850.000 og 400.000 kroner.<\/li>\n<li>Rundt nytt\u00e5r ble fem fylkesledere ekskludert fra partiet p\u00e5 livstid etter at de sendte en bekymringsmelding om ukultur i partiet. Etter dette har flere sluttet.<\/li>\n<li>I 13 av 19 fylkeslag i Generasjonspartiet har lederen n\u00e5 g\u00e5tt av.<\/li>\n<li>I ni fylker har ogs\u00e5 nestlederen sluttet.<\/li>\n<\/ul>\n<p>\u2013 Det er i alle fall ikke noe demokrati \u00e5 finne, sier Lene Tollefsen tidligere fylkesleder i Rogaland.<\/p>\n<p>Partileder Gyda Oddekalv skriver i en SMS til NRK:<\/p>\n<p><strong>\u00abVi \u00f8nsker dem masse lykke til videre og er takknemlig for innsatsen de har lagt ned. Rundt 22.000 mennesker stemte p\u00e5 oss i fjor, og vi gleder oss til \u00e5 arbeide for dem i \u00e5rene som kommer\u00bb.<\/strong><\/p>\n<p>Oddekalv har f\u00e5tt framlagt kritikken, og sier at dette er deres samlede svar p\u00e5 saken og at hun ikke har ytterligere kommentarer utover dette.<\/p>\n<p>\u2013 Ledelsen m\u00f8ter uenighet med sensur<\/p>\n<p><strong>\u2013 Det er h\u00e5rreisende hvordan de h\u00e5ndterer fylkeslederne i partiet. Det er en kultur for \u00e5 dysse ned saker som egentlig burde ha v\u00e6rt tatt tak i.<\/strong><\/p>\n<p>Det sier \u00d8ivind Ricardo \u00d8i Heidem, tidligere fylkesleder i Aust-Agder.<\/p>\n<p>\u2013 Jeg var uenig med ledelsen om hvordan partiet skal driftes og dette fam\u00f8se \u00e5rsm\u00f8tet f\u00f8lte jeg ble helt feil, legger tidligere fylkesleder i Akershus Carl Enger til.<\/p>\n<p><strong>Begge de to meldte seg ut av Generasjonspartiet i januar, like etter at fem fylkesledere ble <a href=\"https:\/\/www.nrk.no\/trondelag\/sende-bekymringsmelding-om-ukultur-i-generasjonspartiet-_-blei-utestengd-pa-livstid-1.17714683\" ec-id=\"pp:article:1.17714683\" ec-name=\"ekskludert fra partiet p\u00e5 livstid\" rel=\"nofollow noopener\" target=\"_blank\">ekskludert fra partiet p\u00e5 livstid<\/a>. <\/strong><\/p>\n<p>Enger, som er kommunestyrerepresentanten i \u00c5s, tok med seg fire personer fra Industri- og n\u00e6ringspartiet inn i Generasjonspartiet i sommer. N\u00e5 g\u00e5r alle ut igjen.<\/p>\n<p>\u2013 Ledelsen m\u00f8ter uenighet med sensur, i stedet for med \u00e5penhet og dialog. Det er det som har skapt splittelsen vi ser n\u00e5, sier H\u00e5vard Hamran, en av de ekskluderte fylkeslederne.<\/p>\n<p>Da han og fire andre fylkesledere sendte en bekymring om ledelsen og en voksende ukultur internt i partiet, ble de m\u00f8tt med disiplin\u00e6rsak og utestenging p\u00e5 livstid.<\/p>\n<p><strong>\u2013 Realiteten er at mesteparten av den opprinnelige landsorganisasjonen har mistet inspirasjonen og motivasjonen til \u00e5 fortsette.<\/strong><\/p>\n<p>\u2013 Eneveldig hersker<\/p>\n<p>\u2013 Etter det fam\u00f8se ekstraordin\u00e6re \u00e5rsm\u00f8tet fant jeg ut at min tid i partiet var over.<strong> <\/strong><\/p>\n<p>Det sier Tormod Overland som var nestleder i S\u00f8r-Tr\u00f8ndelag fylkesparti.<\/p>\n<p>\u2013 <strong>Det er mye misn\u00f8ye n\u00e5 med Gyda som oppleves som en eneveldig hersker av partiet der hun sitter i styret sammen med moren sin og en bekjent der de utreder alle saker og kontrollerer.<\/strong><\/p>\n<p><img decoding=\"async\"   src=\"data:image\/gif;base64,R0lGODlhAQABAIAAAAAAAP\/\/\/yH5BAEAAAAALAAAAAABAAEAAAIBRAA7\" loading=\"eager\" alt=\"en mann med briller\" title=\"Foto: Qader Faraji \/ NRK\"\/><\/p>\n<p class=\"\">Tormod Overland er en av mange fylkesledere og nestledere som reagerer p\u00e5 hvordan Generasjonspartiet blir drevet. <\/p>\n<p>Foto: Qader Faraji \/ NRK<\/p>\n<p><strong>\u2013 Flere har lurt p\u00e5 hvorfor Generasjonspartiet trenger et partiprogram p\u00e5 100 sider n\u00e5r vi skal la folket bestemme, men vi f\u00e5r ikke noe svar. <\/strong><\/p>\n<p>Han er spent p\u00e5 hva som skjer videre med partiet.<\/p>\n<p>\u2013 De fleste anser Generasjonspartiet som en rykende ruin og \u00ablost case\u00bb n\u00e5. Vi f\u00e5r se hva som skjer fremover. Det er jo krevende \u00e5 lage nye parti, men jeg vil kanskje heller anmode folk \u00e5 jobbe innenfor de etablerte partiene for at de ogs\u00e5 i enkelte saker kan pr\u00f8ve \u00e5 f\u00e5 mer direktedemokrati.<\/p>\n<p><img decoding=\"async\"   src=\"data:image\/gif;base64,R0lGODlhAQABAIAAAAAAAP\/\/\/yH5BAEAAAAALAAAAAABAAEAAAIBRAA7\" loading=\"eager\" alt=\"Gyda Oddekalv \" title=\"Foto: NRK\"\/><\/p>\n<p class=\"\">Gyda Oddekalv og Generasjonspartiet ble for alvor kjent under valgkampen i fjor, blant annet da hun ble kasta ut av Dagsnytt 18.<\/p>\n<p>Foto: NRK<\/p>\n<p>\u2013 Hadde tro p\u00e5 partiet<\/p>\n<p><strong>Flere av de NRK har snakket med forteller at de ble med i partiet fordi de hadde tro p\u00e5 prosjektet om \u00e5 innf\u00f8re mer direkte demokrati i Norge.<\/strong><\/p>\n<p>Men p\u00e5 grunn av det de beskriver som en d\u00e5rlig og lite demokratisk ledelse, har de trukket seg fra partiet.<\/p>\n<p>\u2013 Jeg hadde tro p\u00e5 partiet, men s\u00e5 ble det mye br\u00e5k. Det er kjedelig at de ikke kan ta tak i tilbakemeldinger p\u00e5 en ordentlige m\u00e5te.<\/p>\n<p>Det sier Lisa Monika Oddmundsdatter Haug, tidligere fylkesleder i Troms. Hun meldte seg nylig ut av partiet.<\/p>\n<p><strong>\u2013 Det kan v\u00e6re voksesmerter, men det er d\u00e5rlig kommunikasjon, legger hun til.<\/strong><\/p>\n<p><strong>\u2013 Hele m\u00e5lsetting til partiet er mer demokrati, mer \u00e5penhet og mer debatt. Det virker n\u00e5 selvmotsigende. Selvskudd er vel sjeldent mere treffende. <\/strong><\/p>\n<p>Det sier Per Tollak Tollaksen, som har v\u00e6rt fylkesleder i Oppland, men meldte seg ut av Generasjonspartiet denne uken.<\/p>\n<p><strong>\u2013 Jeg vil ikke v\u00e6re leder i en organisasjon som behandler medlemmene sine slik.<br \/>\n<\/strong><\/p>\n<p><img decoding=\"async\"   src=\"data:image\/gif;base64,R0lGODlhAQABAIAAAAAAAP\/\/\/yH5BAEAAAAALAAAAAABAAEAAAIBRAA7\" loading=\"eager\" alt=\"En mann st\u00e5r p\u00e5 en fjelltopp, if\u00f8rt en gr\u00f8nn t-skjorte og en caps. Han har en ryggsekk p\u00e5 ryggen og ser mot kameraet. Bakgrunnen viser en vid utsikt over landskapet, med fjell og daler i horisonten. En annen person i en gr\u00f8nn jakke er synlig til venstre i bildet.\" title=\"Foto: Privat \/ NRK\"\/><\/p>\n<p class=\"\">Tollak Tollaksen<\/p>\n<p>Foto: Privat \/ NRK<\/p>\n<p>St\u00f8tter partiledelsen<\/p>\n<p>\u2013 Jeg synes det er veldig trist at det har blitt den st\u00f8yen som det har blitt n\u00e5.<\/p>\n<p>Det sier B\u00f8rge Kannesten Josefsen. Han har tidligere v\u00e6rt fylkesleder i Akershus, men forteller at han n\u00e5 er leder for fylkeslaget i Vestland.<\/p>\n<p><strong>\u2013 Gyda kan v\u00e6re sikker p\u00e5 at jeg alltid vil beskytte henne.<\/strong><\/p>\n<p>B\u00e5de han og nestleder i fylkeslaget i M\u00f8re og Romsdal, \u00d8yvind Holden, st\u00f8tter partiledelsen.<\/p>\n<p><strong>\u2013 Det er opp til hver enkelt om de har tillit til prosessen og ledelsen. Det har jeg, sier Holden.<\/strong><\/p>\n<p>\u2013 Storm i et vannglass<\/p>\n<p>Fylkesleder for Buskerud, Frode Borge, kaller dette en storm i et vannglass.<\/p>\n<p>\u2013 Det er lettere at det blir s\u00e5nn i et nystartet og lite parti enn de som er mer etablert.<\/p>\n<p><strong>\u2013 Det er ingen medlemsflukt her i Buskerud og ikke sentralt heller. Dette er en eller to h\u00e5ndfull med ledere, som kanskje har hatt andre forventninger enn det realitetene har tilsagt.<br \/>\n<\/strong><\/p>\n<p><img decoding=\"async\"   src=\"data:image\/gif;base64,R0lGODlhAQABAIAAAAAAAP\/\/\/yH5BAEAAAAALAAAAAABAAEAAAIBRAA7\" loading=\"eager\" alt=\"en person med bart\" title=\"Foto: Privat \/ NRK\"\/><\/p>\n<p class=\"\">Frode Borge<\/p>\n<p>Foto: Privat \/ NRK<\/p>\n<p>Borge har 20 \u00e5rs erfaring i organisasjonsarbeid og har v\u00e6rt lokallagsleder i Frp i mange \u00e5r f\u00f8r han gikk over til Generasjonspartiet.<\/p>\n<p><strong>\u2013 Dette er et veldig spennende politisk prosjekt. Etter en litt rufsete start p\u00e5 2026, s\u00e5 tror jeg dette blir veldig bra.<\/strong><\/p>\n<p>Publisert<\/p>\n<p>16.01.2026, kl. 17.01<\/p>\n","protected":false},"excerpt":{"rendered":"\u2013 Jeg f\u00f8ler Gyda har lurt meg. Man kan ikke si at man \u00f8nsker direktedemokrati samtidig som man&hellip;\n","protected":false},"author":2,"featured_media":139379,"comment_status":"","ping_status":"","sticky":false,"template":"","format":"standard","meta":{"footnotes":""},"categories":[5],"tags":[20,21,24,25,15,19,22,23,17,18,13,30,28,29,14,16,26,27],"class_list":{"0":"post-139378","1":"post","2":"type-post","3":"status-publish","4":"format-standard","5":"has-post-thumbnail","7":"category-overskrifter","8":"tag-breaking-news","9":"tag-breakingnews","10":"tag-featured-news","11":"tag-featurednews","12":"tag-headlines","13":"tag-hovedoppslag","14":"tag-latest-news","15":"tag-latestnews","16":"tag-main-news","17":"tag-mainnews","18":"tag-news","19":"tag-no","20":"tag-norge","21":"tag-norway","22":"tag-nyheter","23":"tag-overskrifter","24":"tag-top-stories","25":"tag-topstories"},"share_on_mastodon":{"url":"https:\/\/pubeurope.com\/@no\/115905944807933152","error":""},"_links":{"self":[{"href":"https:\/\/www.europesays.com\/no\/wp-json\/wp\/v2\/posts\/139378","targetHints":{"allow":["GET"]}}],"collection":[{"href":"https:\/\/www.europesays.com\/no\/wp-json\/wp\/v2\/posts"}],"about":[{"href":"https:\/\/www.europesays.com\/no\/wp-json\/wp\/v2\/types\/post"}],"author":[{"embeddable":true,"href":"https:\/\/www.europesays.com\/no\/wp-json\/wp\/v2\/users\/2"}],"replies":[{"embeddable":true,"href":"https:\/\/www.europesays.com\/no\/wp-json\/wp\/v2\/comments?post=139378"}],"version-history":[{"count":0,"href":"https:\/\/www.europesays.com\/no\/wp-json\/wp\/v2\/posts\/139378\/revisions"}],"wp:featuredmedia":[{"embeddable":true,"href":"https:\/\/www.europesays.com\/no\/wp-json\/wp\/v2\/media\/139379"}],"wp:attachment":[{"href":"https:\/\/www.europesays.com\/no\/wp-json\/wp\/v2\/media?parent=139378"}],"wp:term":[{"taxonomy":"category","embeddable":true,"href":"https:\/\/www.europesays.com\/no\/wp-json\/wp\/v2\/categories?post=139378"},{"taxonomy":"post_tag","embeddable":true,"href":"https:\/\/www.europesays.com\/no\/wp-json\/wp\/v2\/tags?post=139378"}],"curies":[{"name":"wp","href":"https:\/\/api.w.org\/{rel}","templated":true}]}}