{"id":139384,"date":"2026-01-16T17:30:08","date_gmt":"2026-01-16T17:30:08","guid":{"rendered":"https:\/\/www.europesays.com\/no\/139384\/"},"modified":"2026-01-16T17:30:08","modified_gmt":"2026-01-16T17:30:08","slug":"huseyin-25-omkom-i-ulykke-i-vestby","status":"publish","type":"post","link":"https:\/\/www.europesays.com\/no\/139384\/","title":{"rendered":"H\u00fcseyin (25) omkom i ulykke i Vestby"},"content":{"rendered":"\n<p class=\"_lead_o9xde_2 _lead_xtcu6_50 layout-component text-serif-m layout-normal text-serif-l layout-component layout-wide layout-padded _wide_17hqh_1 layout-padded\">Omkom i en front mot front-ulykke med en trailer. <\/p>\n<p><img alt=\"Brannvesenet p\u00e5 stedet etter ulykken.  Foto: Nyhetstips.no\" class=\"_image_qp4xg_65 layout-component layout-wide\" data-fullscreen- data-track-element-type=\"Article image fullscreen\" data-track-name=\"ImageFullscreen\" fetchpriority=\"high\" decoding=\"sync\" loading=\"eager\" height=\"2490\" itemprop=\"image\"  src=\"https:\/\/www.europesays.com\/no\/wp-content\/uploads\/2026\/01\/9493671d-ba96-4d0f-bae2-10add83417eb.jpeg\"  style=\"object-position:0% 0%\" width=\"3280\"\/>Brannvesenet p\u00e5 stedet etter ulykken.  Foto: Nyhetstips.no<\/p>\n<ul aria-hidden=\"true\" class=\"_images_ntbth_112\">\n<li><a class=\"_link_ntbth_117\" href=\"https:\/\/www.vg.no\/forfatter\/einar-torkelsen\" style=\"z-index:1\" title=\"Einar Torkelsen\" rel=\"nofollow noopener\" target=\"_blank\"><img alt=\"Bilde av Einar Torkelsen\" class=\"_image_ntbth_93\" fetchpriority=\"low\" loading=\"lazy\" decoding=\"async\" itemprop=\"image\"  src=\"https:\/\/www.europesays.com\/no\/wp-content\/uploads\/2026\/01\/1768584608_446_f6016772-ddbc-43d2-b733-41afc7cc9046.png\"  width=\"480\"\/><\/a><\/li>\n<\/ul>\n<p> Oppdatert fredag 16. januar kl. 17:55     <\/p>\n<p class=\"_paragraph_o9xde_4 _paragraph_xtcu6_10 layout-component text-serif-m layout-normal text-serif-m layout-padded\">Det var H\u00fcseyin Muhammed Turan som omkom i en ulykke p\u00e5 Osloveien i Vestby p\u00e5 onsdag.<\/p>\n<p class=\"_paragraph_o9xde_4 _paragraph_xtcu6_10 layout-component text-serif-m layout-normal text-serif-m layout-padded\">Det skriver <a href=\"https:\/\/www.moss-avis.no\/frigir-navn-pa-25-aringen-som-omkom-pa-osloveien\/s\/5-67-2287497\" class=\"_link_o9xde_39\" rel=\"nofollow noopener\" target=\"_blank\">Moss Avis.<\/a><\/p>\n<p class=\"_paragraph_o9xde_4 _paragraph_xtcu6_10 layout-component text-serif-m layout-normal text-serif-m layout-padded\">\u2013 I samr\u00e5d med p\u00e5r\u00f8rende frigis navnet p\u00e5 avd\u00f8de, sier <br \/>politiadvokat Malin Kristine Berg i \u00d8st politidistrikt til avisen fredag ettermiddag. <\/p>\n<p class=\"_paragraph_o9xde_4 _paragraph_xtcu6_10 layout-component text-serif-m layout-normal text-serif-m layout-padded\">Turan var fra <a href=\"https:\/\/www.vg.no\/tag\/moss?utm_source=vg-article&amp;utm_medium=auto-tagger&amp;utm_campaign=pBAxzG\" class=\"_link_o9xde_39\" rel=\"nofollow noopener\" target=\"_blank\">Moss<\/a> og bodde for tiden i Oslo. <\/p>\n<p class=\"_paragraph_o9xde_4 _paragraph_xtcu6_10 layout-component text-serif-m layout-normal text-serif-m layout-padded\"><a href=\"https:\/\/www.vg.no\/nyheter\/i\/xr3llj\/frontulykke-i-vestby-25-aring-omkom\" data-track-element-type=\"Link\" data-track-id=\"link:xr3llj\" class=\"_link_o9xde_39\" rel=\"nofollow noopener\" target=\"_blank\">Politiet fikk melding om ulykken klokken 08.43 p\u00e5 onsdag.<\/a> Turan kj\u00f8rte en personbil som kolliderte med en trailer. <\/p>\n<p class=\"_paragraph_o9xde_4 _paragraph_xtcu6_10 layout-component text-serif-m layout-normal text-serif-m layout-padded\">Ulykken skjedde mellom rundkj\u00f8ringen ved Tegnebyholtet og Sonsveien<br \/>p\u00e5 Osloveien. Det var utfordrende kj\u00f8reforhold p\u00e5 grunn av v\u00e6ret. <\/p>\n<p class=\"_paragraph_o9xde_4 _paragraph_xtcu6_10 layout-component text-serif-m layout-normal text-serif-m layout-padded\">If\u00f8lge politiet skal personbilen ha kommet over i motg\u00e5ende kj\u00f8refelt og kolliderte med traileren.<\/p>\n<p class=\"_paragraph_o9xde_4 _paragraph_xtcu6_10 layout-component text-serif-m layout-normal text-serif-m layout-padded\">B\u00e5de Havarikommisjonen og Statens vegvesens ulykkesgruppe er koblet p\u00e5 etterforskningen av ulykken. <\/p>\n","protected":false},"excerpt":{"rendered":"Omkom i en front mot front-ulykke med en trailer. Brannvesenet p\u00e5 stedet etter ulykken. Foto: Nyhetstips.no Oppdatert fredag&hellip;\n","protected":false},"author":2,"featured_media":139385,"comment_status":"","ping_status":"","sticky":false,"template":"","format":"standard","meta":{"footnotes":""},"categories":[10],"tags":[20,21,24,25,15,22,23,116,13,30,28,29,14,16,26,27,51],"class_list":{"0":"post-139384","1":"post","2":"type-post","3":"status-publish","4":"format-standard","5":"has-post-thumbnail","7":"category-norge","8":"tag-breaking-news","9":"tag-breakingnews","10":"tag-featured-news","11":"tag-featurednews","12":"tag-headlines","13":"tag-latest-news","14":"tag-latestnews","15":"tag-moss","16":"tag-news","17":"tag-no","18":"tag-norge","19":"tag-norway","20":"tag-nyheter","21":"tag-overskrifter","22":"tag-top-stories","23":"tag-topstories","24":"tag-ulykke"},"share_on_mastodon":{"url":"https:\/\/pubeurope.com\/@no\/115905968402803800","error":""},"_links":{"self":[{"href":"https:\/\/www.europesays.com\/no\/wp-json\/wp\/v2\/posts\/139384","targetHints":{"allow":["GET"]}}],"collection":[{"href":"https:\/\/www.europesays.com\/no\/wp-json\/wp\/v2\/posts"}],"about":[{"href":"https:\/\/www.europesays.com\/no\/wp-json\/wp\/v2\/types\/post"}],"author":[{"embeddable":true,"href":"https:\/\/www.europesays.com\/no\/wp-json\/wp\/v2\/users\/2"}],"replies":[{"embeddable":true,"href":"https:\/\/www.europesays.com\/no\/wp-json\/wp\/v2\/comments?post=139384"}],"version-history":[{"count":0,"href":"https:\/\/www.europesays.com\/no\/wp-json\/wp\/v2\/posts\/139384\/revisions"}],"wp:featuredmedia":[{"embeddable":true,"href":"https:\/\/www.europesays.com\/no\/wp-json\/wp\/v2\/media\/139385"}],"wp:attachment":[{"href":"https:\/\/www.europesays.com\/no\/wp-json\/wp\/v2\/media?parent=139384"}],"wp:term":[{"taxonomy":"category","embeddable":true,"href":"https:\/\/www.europesays.com\/no\/wp-json\/wp\/v2\/categories?post=139384"},{"taxonomy":"post_tag","embeddable":true,"href":"https:\/\/www.europesays.com\/no\/wp-json\/wp\/v2\/tags?post=139384"}],"curies":[{"name":"wp","href":"https:\/\/api.w.org\/{rel}","templated":true}]}}