{"id":139386,"date":"2026-01-16T17:31:07","date_gmt":"2026-01-16T17:31:07","guid":{"rendered":"https:\/\/www.europesays.com\/no\/139386\/"},"modified":"2026-01-16T17:31:07","modified_gmt":"2026-01-16T17:31:07","slug":"trump-truer-med-toll-for-a-sikre-gronland-overtakelse-siste-nytt-nrk","status":"publish","type":"post","link":"https:\/\/www.europesays.com\/no\/139386\/","title":{"rendered":"Trump truer med toll for \u00e5 sikre Gr\u00f8nland-overtakelse \u2013 Siste nytt \u2013\u00a0NRK"},"content":{"rendered":"<p>President Donald Trump skjerper tonen overfor allierte og varsler at land som motsetter seg USAs planer for Gr\u00f8nland, kan bli ilagt straffetoll.<\/p>\n<p>\u2013 Jeg vurderer \u00e5 innf\u00f8re toll mot land som ikke st\u00f8tter oss i Gr\u00f8nland-saken, for vi trenger Gr\u00f8nland av hensyn til nasjonal sikkerhet, sier han fredag.<\/p>\n<p>Det melder Reuters og AFP.<\/p>\n<p>Trump hevder kontroll over Gr\u00f8nland er avgj\u00f8rende for internasjonal sikkerhet, og har uttalt at Russland eller Kina vil annektere \u00f8ya om ikke USA gj\u00f8r det.<\/p>\n<p>Danmark og Gr\u00f8nland har gjentatte ganger bedt den amerikanske presidenten om \u00e5 stoppe truslene.<\/p>\n","protected":false},"excerpt":{"rendered":"President Donald Trump skjerper tonen overfor allierte og varsler at land som motsetter seg USAs planer for Gr\u00f8nland,&hellip;\n","protected":false},"author":2,"featured_media":139387,"comment_status":"","ping_status":"","sticky":false,"template":"","format":"standard","meta":{"footnotes":""},"categories":[5],"tags":[20,21,24,25,15,19,22,23,17,18,13,30,28,29,14,16,26,27],"class_list":{"0":"post-139386","1":"post","2":"type-post","3":"status-publish","4":"format-standard","5":"has-post-thumbnail","7":"category-overskrifter","8":"tag-breaking-news","9":"tag-breakingnews","10":"tag-featured-news","11":"tag-featurednews","12":"tag-headlines","13":"tag-hovedoppslag","14":"tag-latest-news","15":"tag-latestnews","16":"tag-main-news","17":"tag-mainnews","18":"tag-news","19":"tag-no","20":"tag-norge","21":"tag-norway","22":"tag-nyheter","23":"tag-overskrifter","24":"tag-top-stories","25":"tag-topstories"},"share_on_mastodon":{"url":"https:\/\/pubeurope.com\/@no\/115905972367547078","error":""},"_links":{"self":[{"href":"https:\/\/www.europesays.com\/no\/wp-json\/wp\/v2\/posts\/139386","targetHints":{"allow":["GET"]}}],"collection":[{"href":"https:\/\/www.europesays.com\/no\/wp-json\/wp\/v2\/posts"}],"about":[{"href":"https:\/\/www.europesays.com\/no\/wp-json\/wp\/v2\/types\/post"}],"author":[{"embeddable":true,"href":"https:\/\/www.europesays.com\/no\/wp-json\/wp\/v2\/users\/2"}],"replies":[{"embeddable":true,"href":"https:\/\/www.europesays.com\/no\/wp-json\/wp\/v2\/comments?post=139386"}],"version-history":[{"count":0,"href":"https:\/\/www.europesays.com\/no\/wp-json\/wp\/v2\/posts\/139386\/revisions"}],"wp:featuredmedia":[{"embeddable":true,"href":"https:\/\/www.europesays.com\/no\/wp-json\/wp\/v2\/media\/139387"}],"wp:attachment":[{"href":"https:\/\/www.europesays.com\/no\/wp-json\/wp\/v2\/media?parent=139386"}],"wp:term":[{"taxonomy":"category","embeddable":true,"href":"https:\/\/www.europesays.com\/no\/wp-json\/wp\/v2\/categories?post=139386"},{"taxonomy":"post_tag","embeddable":true,"href":"https:\/\/www.europesays.com\/no\/wp-json\/wp\/v2\/tags?post=139386"}],"curies":[{"name":"wp","href":"https:\/\/api.w.org\/{rel}","templated":true}]}}