{"id":139392,"date":"2026-01-16T17:38:07","date_gmt":"2026-01-16T17:38:07","guid":{"rendered":"https:\/\/www.europesays.com\/no\/139392\/"},"modified":"2026-01-16T17:38:07","modified_gmt":"2026-01-16T17:38:07","slug":"naeringsliv-frykter-store-kutt-det-er-en-del-av-livsnerven-isandnessjoen","status":"publish","type":"post","link":"https:\/\/www.europesays.com\/no\/139392\/","title":{"rendered":"N\u00e6ringsliv | Frykter store kutt: \u2013 Det er en del av livsnerven &#8211; iSandnessj\u00f8en"},"content":{"rendered":"<ol>\n<li><a href=\"https:\/\/news.google.com\/rss\/articles\/CBMilAFBVV95cUxOSFdYWHMxRVZUX2s4T0Q0OVhsR0Z1YTJGMDBkMU5XMGloSVZHc3FrenBjZnhxczFKdWE1U3c0c3ROSWd6RTYwek1pYkd0Rm1acWFrM2w2U3VLRWY1RVA3ZUlkMHROZHc1RGJxdm1jUXhlSEZqRExwRVdaaVZtaTdkY0Jpc29qNlVYNjhCR0xzbkIyclNu?oc=5\" target=\"_blank\" rel=\"nofollow noopener\">N\u00e6ringsliv | Frykter store kutt: \u2013 Det er en del av livsnerven<\/a>&nbsp;&nbsp;iSandnessj\u00f8en<\/li>\n<li><a href=\"https:\/\/news.google.com\/rss\/articles\/CBMilwFBVV95cUxNZTRTNWwzakNWUlJNeFE3WmtOTWF5S3NaTXREQ3RrUjBKTllUbVNTQ0lpalNjSVJZN3VyVGtyd25LcU5pMHZoNnVCaFQtMHh3TTNqQ0VrNVZjbWRvT1dYYTlXMzJtQzNqa1U1SlZsT2tKMlFpRk5YeURfdzRzVnVTYXVsMEJ1cHRYWi1qOFRaM0lWSjAwN3Rr?oc=5\" target=\"_blank\" rel=\"nofollow noopener\">\u2013 Prisniv\u00e5et p\u00e5 Kystruten m\u00e5 ned for kystbefolkningen<\/a>&nbsp;&nbsp;NRK<\/li>\n<li><a href=\"https:\/\/news.google.com\/rss\/articles\/CBMivgFBVV95cUxORVl4MldjWGE3T2tOd3M3NlZrczlXdVgtMkdYYVM5a2ZzcHpFanJYMnpLOUU1aDY5VzRIVDRMWlQ0Z1JsSFEzbVJSWXR6dDhHR0MzLWNCeHJCa05XT3JSVzN0SE81Wkk1X1pPTWxtQlpqbHdpOFdfWjhVOXZfZVI2bzlWMEF4b2tTRXItcHlTbmhIZWJHOVFJaGlCRkxSVWF2eTdfcTRUOEdHb01kQ3ZiTm9aVzV6blZmM2pZaEVn?oc=5\" target=\"_blank\" rel=\"nofollow noopener\">(+) \u2013 Svekkes tilbudet, svekkes b\u00e5de n\u00e6ringsliv, beredskap og bosetting langs kysten<\/a>&nbsp;&nbsp;altaposten.no<\/li>\n<li><a href=\"https:\/\/news.google.com\/rss\/articles\/CBMijAFBVV95cUxNY2pHbWFnb0E2NF9BOUNkUUc1blZHSmRqMUJBMk5Vbm85dEwwT2tnbDNSWnA1YTB5SXRYWEp3UmxqaS1SZ3FDSWtwcTdCbnFWdWU5VGRlZnYtTml3N0taMzdfcXdZZ1lRS1k1a2s4T09MMGhzdENjUXBGZ1FGYlBjSnFhbWpHVWNDRld3UQ?oc=5\" target=\"_blank\" rel=\"nofollow noopener\">Krever gr\u00f8nnere rute uten kutt<\/a>&nbsp;&nbsp;ht.no<\/li>\n<li><a href=\"https:\/\/news.google.com\/rss\/articles\/CBMipgFBVV95cUxNbEpkSlZ4dmJLY0Roa0dnZ2VWZHZfU0d2cXZuWEs4ajN2SkFUY29nVy1KSVh3bUt2SGhmUjRkRW1LOVh2VDdlY0VtTndaMm9zQ3lBZVBXOVpJbzduWHFWQktOR05FTUExS2JtaFpaOC1pem91QTZyVFg4cHVyYjQxc3NaZkpZaE9ZSU9iMFJHemphWlMzQnFhWHJHOHU3Vlg5NWRUbENR?oc=5\" target=\"_blank\" rel=\"nofollow noopener\">Havila vil seile p\u00e5 biogass<\/a>&nbsp;&nbsp;banett.no<\/li>\n<\/ol>\n","protected":false},"excerpt":{"rendered":"N\u00e6ringsliv | Frykter store kutt: \u2013 Det er en del av livsnerven&nbsp;&nbsp;iSandnessj\u00f8en \u2013 Prisniv\u00e5et p\u00e5 Kystruten m\u00e5 ned&hellip;\n","protected":false},"author":2,"featured_media":139393,"comment_status":"","ping_status":"","sticky":false,"template":"","format":"standard","meta":{"footnotes":""},"categories":[5],"tags":[20,21,24,25,15,19,22,23,17,18,13,30,28,29,14,16,26,27],"class_list":{"0":"post-139392","1":"post","2":"type-post","3":"status-publish","4":"format-standard","5":"has-post-thumbnail","7":"category-overskrifter","8":"tag-breaking-news","9":"tag-breakingnews","10":"tag-featured-news","11":"tag-featurednews","12":"tag-headlines","13":"tag-hovedoppslag","14":"tag-latest-news","15":"tag-latestnews","16":"tag-main-news","17":"tag-mainnews","18":"tag-news","19":"tag-no","20":"tag-norge","21":"tag-norway","22":"tag-nyheter","23":"tag-overskrifter","24":"tag-top-stories","25":"tag-topstories"},"share_on_mastodon":{"url":"https:\/\/pubeurope.com\/@no\/115905999863309546","error":""},"_links":{"self":[{"href":"https:\/\/www.europesays.com\/no\/wp-json\/wp\/v2\/posts\/139392","targetHints":{"allow":["GET"]}}],"collection":[{"href":"https:\/\/www.europesays.com\/no\/wp-json\/wp\/v2\/posts"}],"about":[{"href":"https:\/\/www.europesays.com\/no\/wp-json\/wp\/v2\/types\/post"}],"author":[{"embeddable":true,"href":"https:\/\/www.europesays.com\/no\/wp-json\/wp\/v2\/users\/2"}],"replies":[{"embeddable":true,"href":"https:\/\/www.europesays.com\/no\/wp-json\/wp\/v2\/comments?post=139392"}],"version-history":[{"count":0,"href":"https:\/\/www.europesays.com\/no\/wp-json\/wp\/v2\/posts\/139392\/revisions"}],"wp:featuredmedia":[{"embeddable":true,"href":"https:\/\/www.europesays.com\/no\/wp-json\/wp\/v2\/media\/139393"}],"wp:attachment":[{"href":"https:\/\/www.europesays.com\/no\/wp-json\/wp\/v2\/media?parent=139392"}],"wp:term":[{"taxonomy":"category","embeddable":true,"href":"https:\/\/www.europesays.com\/no\/wp-json\/wp\/v2\/categories?post=139392"},{"taxonomy":"post_tag","embeddable":true,"href":"https:\/\/www.europesays.com\/no\/wp-json\/wp\/v2\/tags?post=139392"}],"curies":[{"name":"wp","href":"https:\/\/api.w.org\/{rel}","templated":true}]}}