{"id":139396,"date":"2026-01-16T17:44:10","date_gmt":"2026-01-16T17:44:10","guid":{"rendered":"https:\/\/www.europesays.com\/no\/139396\/"},"modified":"2026-01-16T17:44:10","modified_gmt":"2026-01-16T17:44:10","slug":"tog-trafikk-signalfeilen-for-togene-mellom-oslo-s-og-skoyen-er-rettet","status":"publish","type":"post","link":"https:\/\/www.europesays.com\/no\/139396\/","title":{"rendered":"Tog, Trafikk | Signalfeilen for togene mellom Oslo S og Sk\u00f8yen er rettet"},"content":{"rendered":"\n<p>Bane Nor meldte om problemene midt i rushet klokken 15.40 fredag ettermiddag.<\/p>\n<p>Mange linjer ble rammet av forsinkelser og innstillinger, og det var kun langdistansetogene som kj\u00f8rte som ordin\u00e6rt. Likevel kj\u00f8rte det fortsatt tog p\u00e5 alle linjer, men f\u00e6rre en normalt.<\/p>\n<p>Klokken 17.18 melder Bane Nor at feilen er rettet.<\/p>\n<p>\u2013 Du m\u00e5 fortsatt regne med forsinkelser og innstillinger, skriver de i en trafikkmelding.<\/p>\n","protected":false},"excerpt":{"rendered":"Bane Nor meldte om problemene midt i rushet klokken 15.40 fredag ettermiddag. Mange linjer ble rammet av forsinkelser&hellip;\n","protected":false},"author":2,"featured_media":139397,"comment_status":"","ping_status":"","sticky":false,"template":"","format":"standard","meta":{"footnotes":""},"categories":[10],"tags":[20,21,24,25,15,22,23,13,30,28,29,14,16,26,27],"class_list":{"0":"post-139396","1":"post","2":"type-post","3":"status-publish","4":"format-standard","5":"has-post-thumbnail","7":"category-norge","8":"tag-breaking-news","9":"tag-breakingnews","10":"tag-featured-news","11":"tag-featurednews","12":"tag-headlines","13":"tag-latest-news","14":"tag-latestnews","15":"tag-news","16":"tag-no","17":"tag-norge","18":"tag-norway","19":"tag-nyheter","20":"tag-overskrifter","21":"tag-top-stories","22":"tag-topstories"},"share_on_mastodon":{"url":"https:\/\/pubeurope.com\/@no\/115906023454248759","error":""},"_links":{"self":[{"href":"https:\/\/www.europesays.com\/no\/wp-json\/wp\/v2\/posts\/139396","targetHints":{"allow":["GET"]}}],"collection":[{"href":"https:\/\/www.europesays.com\/no\/wp-json\/wp\/v2\/posts"}],"about":[{"href":"https:\/\/www.europesays.com\/no\/wp-json\/wp\/v2\/types\/post"}],"author":[{"embeddable":true,"href":"https:\/\/www.europesays.com\/no\/wp-json\/wp\/v2\/users\/2"}],"replies":[{"embeddable":true,"href":"https:\/\/www.europesays.com\/no\/wp-json\/wp\/v2\/comments?post=139396"}],"version-history":[{"count":0,"href":"https:\/\/www.europesays.com\/no\/wp-json\/wp\/v2\/posts\/139396\/revisions"}],"wp:featuredmedia":[{"embeddable":true,"href":"https:\/\/www.europesays.com\/no\/wp-json\/wp\/v2\/media\/139397"}],"wp:attachment":[{"href":"https:\/\/www.europesays.com\/no\/wp-json\/wp\/v2\/media?parent=139396"}],"wp:term":[{"taxonomy":"category","embeddable":true,"href":"https:\/\/www.europesays.com\/no\/wp-json\/wp\/v2\/categories?post=139396"},{"taxonomy":"post_tag","embeddable":true,"href":"https:\/\/www.europesays.com\/no\/wp-json\/wp\/v2\/tags?post=139396"}],"curies":[{"name":"wp","href":"https:\/\/api.w.org\/{rel}","templated":true}]}}