{"id":139398,"date":"2026-01-16T17:46:07","date_gmt":"2026-01-16T17:46:07","guid":{"rendered":"https:\/\/www.europesays.com\/no\/139398\/"},"modified":"2026-01-16T17:46:07","modified_gmt":"2026-01-16T17:46:07","slug":"undersoker-om-dansk-soldat-har-skote-mot-wideroe-fly-nrk-vestland","status":"publish","type":"post","link":"https:\/\/www.europesays.com\/no\/139398\/","title":{"rendered":"Unders\u00f8ker om dansk soldat har skote mot Wider\u00f8e-fly \u2013 NRK Vestland"},"content":{"rendered":"<p>Den danske radiokanalen <a href=\"https:\/\/radio4.dk\/nyheder\/norsk-flyselskab-soeger-svar-om-dansk-dronehaendelse-EZ91nCCi65qf1P2RwR8b\" ec-id=\"https:\/\/radio4.dk\/nyheder\/norsk-flyselskab-soeger-svar-om-dansk-dronehaendelse-EZ91nCCi65qf1P2RwR8b\" ec-name=\"Radio IIII\" rel=\"nofollow noopener\" target=\"_blank\">Radio IIII<\/a> melder at norske myndigheiter har kontakta danske myndigheiter for \u00e5 oppklare om danske soldatar ved ein feil kan ha skote mot eit norsk passasjerfly.<\/p>\n<p>Hendinga skal ha skjedd over Borrislejren i Danmark, den 28. september 2025, og if\u00f8lgje radiokanalen er det Wider\u00f8e som har oppfordra norske myndigheiter til \u00e5 ta opp saka.<\/p>\n<p>Radiokanalen viser til korrespondanse dei har f\u00e5tt innsyn i.<\/p>\n<p>Dei har tidlegare meld at ein soldat i leiren fyrte skot mot ein \u00abukendt drone\u00bb, same dato som flyet flaug over leiren.<\/p>\n<p>Det danske Forsvaret har til no avvist \u00e5 uttale seg om hendinga, melder kanalen. Fr\u00e5 dansk side melder Trafikstyrelsen at dei ikkje kjenner noko til hendinga.<\/p>\n<p>Kommunikasjonssjef i Wider\u00f8e, Catharina Solli, bekreftar overfor NRK at dei har tatt kontakt med Luftfartstilynset om hendinga, men seier at ingen har meld om noko unormalt etter flyginga.<\/p>\n<p>\u2013 Vi vart f\u00f8rst gjort kjende med den p\u00e5st\u00e5tte hendinga i etterkant, gjennom danske medium og deira ubekrefta omtale, seier ho til NRK.<\/p>\n<p>Flytypen som vart nytta var eit Dash 8 Q400 turbopropfly med 78 seter.<\/p>\n<p>Luftfartstilsynet bekreftar overfor NRK at dei har kontakta danske myndigheiter om hendinga, men at ingen av dei har noko vidare kjennskap til det utover det som er meld i danske medium.<\/p>\n<p>Biletet er eit illustrasjonsfoto av same flytype som flaug over leiren d\u00e5 skota skal ha vore fyrt av. <\/p>\n","protected":false},"excerpt":{"rendered":"Den danske radiokanalen Radio IIII melder at norske myndigheiter har kontakta danske myndigheiter for \u00e5 oppklare om danske&hellip;\n","protected":false},"author":2,"featured_media":139399,"comment_status":"","ping_status":"","sticky":false,"template":"","format":"standard","meta":{"footnotes":""},"categories":[5],"tags":[20,21,24,25,15,19,22,23,17,18,13,30,28,29,14,16,26,27],"class_list":{"0":"post-139398","1":"post","2":"type-post","3":"status-publish","4":"format-standard","5":"has-post-thumbnail","7":"category-overskrifter","8":"tag-breaking-news","9":"tag-breakingnews","10":"tag-featured-news","11":"tag-featurednews","12":"tag-headlines","13":"tag-hovedoppslag","14":"tag-latest-news","15":"tag-latestnews","16":"tag-main-news","17":"tag-mainnews","18":"tag-news","19":"tag-no","20":"tag-norge","21":"tag-norway","22":"tag-nyheter","23":"tag-overskrifter","24":"tag-top-stories","25":"tag-topstories"},"share_on_mastodon":{"url":"https:\/\/pubeurope.com\/@no\/115906031459662190","error":""},"_links":{"self":[{"href":"https:\/\/www.europesays.com\/no\/wp-json\/wp\/v2\/posts\/139398","targetHints":{"allow":["GET"]}}],"collection":[{"href":"https:\/\/www.europesays.com\/no\/wp-json\/wp\/v2\/posts"}],"about":[{"href":"https:\/\/www.europesays.com\/no\/wp-json\/wp\/v2\/types\/post"}],"author":[{"embeddable":true,"href":"https:\/\/www.europesays.com\/no\/wp-json\/wp\/v2\/users\/2"}],"replies":[{"embeddable":true,"href":"https:\/\/www.europesays.com\/no\/wp-json\/wp\/v2\/comments?post=139398"}],"version-history":[{"count":0,"href":"https:\/\/www.europesays.com\/no\/wp-json\/wp\/v2\/posts\/139398\/revisions"}],"wp:featuredmedia":[{"embeddable":true,"href":"https:\/\/www.europesays.com\/no\/wp-json\/wp\/v2\/media\/139399"}],"wp:attachment":[{"href":"https:\/\/www.europesays.com\/no\/wp-json\/wp\/v2\/media?parent=139398"}],"wp:term":[{"taxonomy":"category","embeddable":true,"href":"https:\/\/www.europesays.com\/no\/wp-json\/wp\/v2\/categories?post=139398"},{"taxonomy":"post_tag","embeddable":true,"href":"https:\/\/www.europesays.com\/no\/wp-json\/wp\/v2\/tags?post=139398"}],"curies":[{"name":"wp","href":"https:\/\/api.w.org\/{rel}","templated":true}]}}