{"id":13940,"date":"2025-08-21T07:40:10","date_gmt":"2025-08-21T07:40:10","guid":{"rendered":"https:\/\/www.europesays.com\/no\/13940\/"},"modified":"2025-08-21T07:40:10","modified_gmt":"2025-08-21T07:40:10","slug":"brann-pa-amerikansk-marinefartoy-utenfor-japan-slukket-etter-tolv-timer","status":"publish","type":"post","link":"https:\/\/www.europesays.com\/no\/13940\/","title":{"rendered":"Brann p\u00e5 amerikansk marinefart\u00f8y utenfor Japan slukket etter tolv timer"},"content":{"rendered":"\n<p class=\"_lead_1bvmi_2 _lead_xtcu6_50 layout-component text-serif-m layout-normal text-serif-l layout-component layout-wide layout-padded _wide_17hqh_1 layout-padded\">En brann p\u00e5 et amerikansk marinefart\u00f8y utenfor Japan er slukket etter tolv timer. To personer er behandlet for mindre skader.<\/p>\n<p><img alt=\"USS New Orleans, her avbildet under sj\u00f8settingen i New Orleans i 2007.  Foto: Alex Brandon \/ AP \/ NTB\" class=\"_image_qp4xg_65 layout-component layout-wide\" data-fullscreen- data-track-element-type=\"Article image fullscreen\" data-track-name=\"ImageFullscreen\" fetchpriority=\"high\" decoding=\"sync\" loading=\"eager\" height=\"2048\" itemprop=\"image\"  src=\"https:\/\/www.europesays.com\/no\/wp-content\/uploads\/2025\/08\/a411d391-8e40-4abf-a717-318a89a8cfa3\"  style=\"object-position:0% 0%\" width=\"3200\"\/>USS New Orleans, her avbildet under sj\u00f8settingen i New Orleans i 2007.  Foto: Alex Brandon \/ AP \/ NTB<\/p>\n<ul aria-hidden=\"true\" class=\"_images_1y6fe_106\">\n<li><a class=\"_link_1y6fe_111\" href=\"https:\/\/www.vg.no\/forfatter\/ntb\" style=\"z-index:1\" title=\"NTB\" rel=\"nofollow noopener\" target=\"_blank\"><img alt=\"Bilde av NTB\" class=\"_image_1y6fe_88\" fetchpriority=\"low\" loading=\"lazy\" decoding=\"async\" itemprop=\"image\"  src=\"https:\/\/www.europesays.com\/no\/wp-content\/uploads\/2025\/08\/1755762010_803_c33980b0-5d07-4027-84a1-813f90a7c8d6\"  width=\"480\"\/><\/a><\/li>\n<\/ul>\n<p> Oppdatert torsdag 21. august kl. 06:19     <\/p>\n<p class=\"_paragraph_1bvmi_4 _paragraph_xtcu6_10 layout-component text-serif-m layout-normal text-serif-m layout-padded\">To amerikanske marinesoldater ble behandlet for mindre skader etter brannen som br\u00f8t ut p\u00e5 USS New Orleans ved den s\u00f8rlige \u00f8ya Okinawa onsdag. Det fremg\u00e5r av en oppdatering fra det amerikanske milit\u00e6ret torsdag.<\/p>\n<p class=\"_paragraph_1bvmi_4 _paragraph_xtcu6_10 layout-component text-serif-m layout-normal text-serif-m layout-padded\">Da var brannen endelig blitt slukket, tolv timer etter at den startet.<\/p>\n<p class=\"_paragraph_1bvmi_4 _paragraph_xtcu6_10 layout-component text-serif-m layout-normal text-serif-m layout-padded\">\u2013 \u00c5rsaken til brannen er for tiden under etterforskning. Mannskapet p\u00e5 New Orleans vil forbli om bord p\u00e5 skipet, sier milit\u00e6ret.<\/p>\n<p class=\"_paragraph_1bvmi_4 _paragraph_xtcu6_10 layout-component text-serif-m layout-normal text-serif-m layout-padded\">Fire japanske fart\u00f8yer, fra kystvakten, marinen og private, brukte natt til torsdag p\u00e5 \u00e5 slukke brannen, sier den japanske kystvaktens talsmann Tetsuhiro Azumahiga til AFP.<\/p>\n<p class=\"_paragraph_1bvmi_4 _paragraph_xtcu6_10 layout-component text-serif-m layout-normal text-serif-m layout-padded\">USS New Orleans er 208,4 meter langt amfibiekrigsskip. Det ligger for anker utenfor den amerikanske marinebasen White Beach p\u00e5 Okinawa.<\/p>\n","protected":false},"excerpt":{"rendered":"En brann p\u00e5 et amerikansk marinefart\u00f8y utenfor Japan er slukket etter tolv timer. To personer er behandlet for&hellip;\n","protected":false},"author":2,"featured_media":13941,"comment_status":"","ping_status":"","sticky":false,"template":"","format":"standard","meta":{"footnotes":""},"categories":[12],"tags":[367,20,21,24,25,15,1192,22,23,2730,13,30,28,29,14,16,26,27,50,42,43,44,45],"class_list":{"0":"post-13940","1":"post","2":"type-post","3":"status-publish","4":"format-standard","5":"has-post-thumbnail","7":"category-verden","8":"tag-brann","9":"tag-breaking-news","10":"tag-breakingnews","11":"tag-featured-news","12":"tag-featurednews","13":"tag-headlines","14":"tag-japan","15":"tag-latest-news","16":"tag-latestnews","17":"tag-militaer","18":"tag-news","19":"tag-no","20":"tag-norge","21":"tag-norway","22":"tag-nyheter","23":"tag-overskrifter","24":"tag-top-stories","25":"tag-topstories","26":"tag-usa","27":"tag-verden","28":"tag-world","29":"tag-world-news","30":"tag-worldnews"},"share_on_mastodon":{"url":"","error":""},"_links":{"self":[{"href":"https:\/\/www.europesays.com\/no\/wp-json\/wp\/v2\/posts\/13940","targetHints":{"allow":["GET"]}}],"collection":[{"href":"https:\/\/www.europesays.com\/no\/wp-json\/wp\/v2\/posts"}],"about":[{"href":"https:\/\/www.europesays.com\/no\/wp-json\/wp\/v2\/types\/post"}],"author":[{"embeddable":true,"href":"https:\/\/www.europesays.com\/no\/wp-json\/wp\/v2\/users\/2"}],"replies":[{"embeddable":true,"href":"https:\/\/www.europesays.com\/no\/wp-json\/wp\/v2\/comments?post=13940"}],"version-history":[{"count":0,"href":"https:\/\/www.europesays.com\/no\/wp-json\/wp\/v2\/posts\/13940\/revisions"}],"wp:featuredmedia":[{"embeddable":true,"href":"https:\/\/www.europesays.com\/no\/wp-json\/wp\/v2\/media\/13941"}],"wp:attachment":[{"href":"https:\/\/www.europesays.com\/no\/wp-json\/wp\/v2\/media?parent=13940"}],"wp:term":[{"taxonomy":"category","embeddable":true,"href":"https:\/\/www.europesays.com\/no\/wp-json\/wp\/v2\/categories?post=13940"},{"taxonomy":"post_tag","embeddable":true,"href":"https:\/\/www.europesays.com\/no\/wp-json\/wp\/v2\/tags?post=13940"}],"curies":[{"name":"wp","href":"https:\/\/api.w.org\/{rel}","templated":true}]}}