{"id":139408,"date":"2026-01-16T18:01:08","date_gmt":"2026-01-16T18:01:08","guid":{"rendered":"https:\/\/www.europesays.com\/no\/139408\/"},"modified":"2026-01-16T18:01:08","modified_gmt":"2026-01-16T18:01:08","slug":"hundrevis-tok-farvel-med-25-aringen-aldri-vaert-sa-mange-som-har-mott-opp-for-moss-avis","status":"publish","type":"post","link":"https:\/\/www.europesays.com\/no\/139408\/","title":{"rendered":"Hundrevis tok farvel med 25-\u00e5ringen: \u2013 Aldri v\u00e6rt s\u00e5 mange som har m\u00f8tt opp f\u00f8r &#8211; Moss Avis"},"content":{"rendered":"<ol>\n<li><a href=\"https:\/\/news.google.com\/rss\/articles\/CBMitAFBVV95cUxPaVZITXNFR1FlUFo3ZzhPaURCVVBjZ0ZJd0VlSzV1dk84T0xNc3h3QllJVW5IcEhudXZveGJUY0Vyaksyall5aEpza0x4OHU2cGJBWFJwZ09pbTJwRU8tZkNJMk43bmZnZU5YQ1QwbUFoV2Z4OFBlS1ZlYXNFOHB6d3EzWXl5cGxlVXVURnBfMDI3S0RsNGFJWC1EX1drX1A3NVlFT3ZIU2MwYS0yZUUtU3lMemE?oc=5\" target=\"_blank\" rel=\"nofollow noopener\">Hundrevis tok farvel med 25-\u00e5ringen: \u2013 Aldri v\u00e6rt s\u00e5 mange som har m\u00f8tt opp f\u00f8r<\/a>&nbsp;&nbsp;Moss Avis<\/li>\n<li><a href=\"https:\/\/news.google.com\/rss\/articles\/CBMif0FVX3lxTE53SVg1ZHZPaFhiNmdOZGhFNjFlYzVqTWNyMUZJZGRSUExRZG1kMEtUVGlSUWE5aUZQYUhxZjhzNi1Yb1d4QVc0NWVzMThhdG5VUEJlMTRDZG5pX0oyNFNaTlVCWmVUOExraDUtZ0dSUkNxbTBLZTRlbE4xelkxMDA?oc=5\" target=\"_blank\" rel=\"nofollow noopener\">H\u00fcseyin (25) omkom i ulykke i Vestby<\/a>&nbsp;&nbsp;VG<\/li>\n<li><a href=\"https:\/\/news.google.com\/rss\/articles\/CBMizAFBVV95cUxPYldvYWljcFpWS01iSzc2MHAzc25OR0huTWJzUWpHR1AxWjBJSVdPMkVneEtzOXhWd2RMSlM2TXZzXzhId0tvMkNtejZEMG5vcERYZG1kZlJ6YXJ4VlhDdzh3LXVaTnhxelZieEJTb2tRNzBabXU1MnJQTkdtVko3U3V1VndzRXVXRVFlTy1XWTZwWmEtTHRBbVBzRUNkYjNmRkFtdWFrTUh3elVDVkVNQ1BsVUZEOHJwRXk0R09WNVNkN0QySHlCYi1kajM?oc=5\" target=\"_blank\" rel=\"nofollow noopener\">Moss avis: Politiet frigir navn etter d\u00f8dsulykke i Vestby onsdag<\/a>&nbsp;&nbsp;TV2.no<\/li>\n<li><a href=\"https:\/\/news.google.com\/rss\/articles\/CBMidkFVX3lxTE9BQnFBc25EMXY3M2ZKM2ozaXhKMlpITFNqeHBOaUllNHlRYWNHTTM5ZUt2VmVnVU52aU5KaE5kOXRQX2VhdmxuZzB1VUlwQlZaV3ZqbGYyNENuWjdaRmVnaG9PQklZQ09hZTNnRUhOVkI3QlV0RkE?oc=5\" target=\"_blank\" rel=\"nofollow noopener\">Nyheter, H\u00f8len | Alvorlig trafikkulykke langs Osloveien<\/a>&nbsp;&nbsp;Vestby Avis<\/li>\n<li><a href=\"https:\/\/news.google.com\/rss\/articles\/CBMidEFVX3lxTFBFSkRtekgxenh2VG92U0xVWVJsSWZPLWprUFl4aWlqVmZOcS1rYjczRFU1Qy1HRFFuRnRrTzFManR3b21GU2p0NUctTUJta1VhcmNmWFp6aUh4ZWt2WkNPQUlxUUZCMTJkSm9GaWctN0JoUXEz?oc=5\" target=\"_blank\" rel=\"nofollow noopener\">Mann d\u00f8d i trafikkulykke<\/a>&nbsp;&nbsp;Dagbladet<\/li>\n<\/ol>\n","protected":false},"excerpt":{"rendered":"Hundrevis tok farvel med 25-\u00e5ringen: \u2013 Aldri v\u00e6rt s\u00e5 mange som har m\u00f8tt opp f\u00f8r&nbsp;&nbsp;Moss Avis H\u00fcseyin (25)&hellip;\n","protected":false},"author":2,"featured_media":139409,"comment_status":"","ping_status":"","sticky":false,"template":"","format":"standard","meta":{"footnotes":""},"categories":[10],"tags":[20,21,24,25,15,22,23,13,30,28,29,14,16,26,27],"class_list":{"0":"post-139408","1":"post","2":"type-post","3":"status-publish","4":"format-standard","5":"has-post-thumbnail","7":"category-norge","8":"tag-breaking-news","9":"tag-breakingnews","10":"tag-featured-news","11":"tag-featurednews","12":"tag-headlines","13":"tag-latest-news","14":"tag-latestnews","15":"tag-news","16":"tag-no","17":"tag-norge","18":"tag-norway","19":"tag-nyheter","20":"tag-overskrifter","21":"tag-top-stories","22":"tag-topstories"},"share_on_mastodon":{"url":"https:\/\/pubeurope.com\/@no\/115906090294650059","error":""},"_links":{"self":[{"href":"https:\/\/www.europesays.com\/no\/wp-json\/wp\/v2\/posts\/139408","targetHints":{"allow":["GET"]}}],"collection":[{"href":"https:\/\/www.europesays.com\/no\/wp-json\/wp\/v2\/posts"}],"about":[{"href":"https:\/\/www.europesays.com\/no\/wp-json\/wp\/v2\/types\/post"}],"author":[{"embeddable":true,"href":"https:\/\/www.europesays.com\/no\/wp-json\/wp\/v2\/users\/2"}],"replies":[{"embeddable":true,"href":"https:\/\/www.europesays.com\/no\/wp-json\/wp\/v2\/comments?post=139408"}],"version-history":[{"count":0,"href":"https:\/\/www.europesays.com\/no\/wp-json\/wp\/v2\/posts\/139408\/revisions"}],"wp:featuredmedia":[{"embeddable":true,"href":"https:\/\/www.europesays.com\/no\/wp-json\/wp\/v2\/media\/139409"}],"wp:attachment":[{"href":"https:\/\/www.europesays.com\/no\/wp-json\/wp\/v2\/media?parent=139408"}],"wp:term":[{"taxonomy":"category","embeddable":true,"href":"https:\/\/www.europesays.com\/no\/wp-json\/wp\/v2\/categories?post=139408"},{"taxonomy":"post_tag","embeddable":true,"href":"https:\/\/www.europesays.com\/no\/wp-json\/wp\/v2\/tags?post=139408"}],"curies":[{"name":"wp","href":"https:\/\/api.w.org\/{rel}","templated":true}]}}