{"id":139412,"date":"2026-01-16T18:10:08","date_gmt":"2026-01-16T18:10:08","guid":{"rendered":"https:\/\/www.europesays.com\/no\/139412\/"},"modified":"2026-01-16T18:10:08","modified_gmt":"2026-01-16T18:10:08","slug":"nobels-fredspris-donald-trump-nobelkomiteen-nobelprisen-og-personen-er-uatskillelige","status":"publish","type":"post","link":"https:\/\/www.europesays.com\/no\/139412\/","title":{"rendered":"Nobels fredspris, Donald Trump | Nobelkomiteen: Nobelprisen og personen er uatskillelige"},"content":{"rendered":"\n<p>\u2013 En prisvinner kan ikke dele prisen med noen, eller overf\u00f8re den til andre n\u00e5r den f\u00f8rst er kunngjort, sier Nobelkomiteen i en uttalelse fredag ettermiddag.<\/p>\n<p>Fredsprisvinner Mar\u00eda Corina Machado gikk torsdag ut og sa at hun har gitt Nobelprisen til Donald Trump.<\/p>\n<p>\u2013 En s\u00e5 fantastisk gest av gjensidig respekt. Takk, Mar\u00eda, skrev Trump.<\/p>\n<p>\u2013 Medaljen og diplomet utgj\u00f8r symbolene p\u00e5 at noen er tildelt Nobels fredspris, men prisen selv \u2013 \u00e6ren og anerkjennelsen \u2013 forblir knyttet til de personene eller organisasjoner som Den Norske Nobelkomite har utpekt som prisvinnere, skriver Nobelkomiteen i en <a href=\"https:\/\/www.nobelpeaceprize.org\/presse\/pressemeldinger\/nobelprisen-og-personen-er-uadskillelige\" rel=\"noopener nofollow\" target=\"_blank\">pressemelding<\/a>.<\/p>\n<p>\u2013 Det er fredsprisvinner Machados valg, sier Kristian Berg Harpviken, direkt\u00f8r for Det Norske Nobelinstitutt, til <a href=\"https:\/\/www.nrk.no\/nyheter\/1.17731236\" rel=\"noopener nofollow\" target=\"_blank\">NRK<\/a>.<\/p>\n<p><b>Les ogs\u00e5: <a class=\"simple-relation related-teaser article--c-eRUmMG article--c-eRUmMG-fZoQSp-design-nettavisen article--c-eRUmMG-gwthdJ-cv\" href=\"https:\/\/www.nettavisen.no\/har-diskutert-fremtiden-til-gronland\/s\/5-95-2829526\" rel=\"nofollow noopener\" target=\"_blank\">Har diskutert fremtiden til Gr\u00f8nland<\/a><\/b><\/p>\n<p>Trump fikk medalje<\/p>\n<p><a rel=\"Follow nofollow noopener\" href=\"https:\/\/www.nettavisen.no\/nyheter\/donald-trump-takker-machado-for-fredspris-gest\/s\/5-95-2827944\" target=\"_blank\">De to m\u00f8ttes i Det hvite hus torsdag. <\/a>Den venezuelanske opposisjonslederen, som dediserte fredsprisen til Trump da det ble kjent at hun var fjor\u00e5rets mottaker, ga Trump medaljen som f\u00f8lger med prisen.<\/p>\n<p>Den norske Nobelkomit\u00e9 og Det Norske Nobelinstitutt sier prisen ikke kan tilbakekalles, deles eller overf\u00f8res.<\/p>\n<p>    Vil du se neste video?<\/p>\n<p>    <a href=\"https:\/\/www.nettavisen.no\/nyheter\/john-healey-sjokkerer-vil-kidnappe-putin\/v\/5-95-2819899\" class=\"recommend-poster\" data-adp-clicklabel=\"video-recommend\" data-adp-clickvalue=\"poster\" rel=\"nofollow noopener\" target=\"_blank\"><br \/>\n      <img decoding=\"async\" width=\"200\" height=\"200\" loading=\"lazy\" src=\"https:\/\/www.europesays.com\/no\/wp-content\/uploads\/2026\/01\/John+Healey+front.jpg\" alt=\"\" class=\"brick-c-cFOWSL\" style=\"--brick-image-ratio: 200 \/ 200;\"\/><\/p>\n<p>Sjokkerer: Vil kidnappe Putin0:43<\/p>\n<p>    <\/a><\/p>\n<p>        Maria Corina Machados kom med den oppsiktsvekkende annonseringen utenfor Kongressen torsdag.<br \/>\n        \u2013 Ufattelig pinlig<\/p>\n<p><a rel=\"Follow nofollow noopener\" href=\"https:\/\/www.nettavisen.no\/nyheter\/machado-ga-bort-fredsprisen-til-trump-ufattelig-pinlig\/s\/5-95-2828018\" target=\"_blank\">Det mangler ikke p\u00e5 kommentarer <\/a>etter at Machado ga bort fredsprisen.<\/p>\n<p>\u2013 Dette er ufattelig pinlig og skadelig for en av verdens mest anerkjente og viktige priser, skrev generalsekret\u00e6r Raymond Johansen i Norsk Folkehjelp p\u00e5 Facebook, skriver NTB.<\/p>\n<p><b>Les ogs\u00e5: <a class=\"simple-relation related-teaser article--c-eRUmMG article--c-eRUmMG-fZoQSp-design-nettavisen article--c-eRUmMG-gwthdJ-cv\" href=\"https:\/\/www.nettavisen.no\/trump-vurderer-straffetoll-mot-land-som-er-uenige-om-gronland-planene\/s\/5-95-2829847\" rel=\"nofollow noopener\" target=\"_blank\">Trump: Vurderer straffetoll mot land som er uenige om Gr\u00f8nland-planene<\/a><\/b><\/p>\n<p>\u2013 Tildelingen av prisen er n\u00e5 s\u00e5 politisert og potensielt farlig at den lett kan legitimere en anti fredspris utvikling. Ikke til \u00e5 tro at hun faktisk har gitt prisen til Trump. Hva i all verden skal Nobelkomiteen si? To be continued! skriver Johansen i et innlegg som f\u00f8rst ble slettet, men som n\u00e5 igjen er tilgjengelig p\u00e5 <a href=\"https:\/\/www.facebook.com\/raymond.johansen.ap\/posts\/pfbid0rpXWX26yBSVtbXS8rckarqKBR5f12BQUpFjKLz2CDXTVDR63bcXcsxQ7zNcHvqMul\" rel=\"Follow nofollow noopener\" target=\"_blank\">Facebook<\/a>.<\/p>\n<p>\u00abHelt uh\u00f8rt\u00bb og viser en \u00abtotal mangel p\u00e5 respekt for prisen\u00bb, sier professor Janne Haaland Matlary til <a href=\"https:\/\/www.nrk.no\/urix\/ga-fra-seg-fredsprismedaljen_-_-uhort-1.17729920\" rel=\"noopener nofollow\" target=\"_blank\">NRK<\/a>.<\/p>\n","protected":false},"excerpt":{"rendered":"\u2013 En prisvinner kan ikke dele prisen med noen, eller overf\u00f8re den til andre n\u00e5r den f\u00f8rst er&hellip;\n","protected":false},"author":2,"featured_media":138955,"comment_status":"","ping_status":"","sticky":false,"template":"","format":"standard","meta":{"footnotes":""},"categories":[10],"tags":[20,21,24,25,15,22,23,13,30,28,29,14,16,26,27],"class_list":{"0":"post-139412","1":"post","2":"type-post","3":"status-publish","4":"format-standard","5":"has-post-thumbnail","7":"category-norge","8":"tag-breaking-news","9":"tag-breakingnews","10":"tag-featured-news","11":"tag-featurednews","12":"tag-headlines","13":"tag-latest-news","14":"tag-latestnews","15":"tag-news","16":"tag-no","17":"tag-norge","18":"tag-norway","19":"tag-nyheter","20":"tag-overskrifter","21":"tag-top-stories","22":"tag-topstories"},"share_on_mastodon":{"url":"https:\/\/pubeurope.com\/@no\/115906125660579163","error":""},"_links":{"self":[{"href":"https:\/\/www.europesays.com\/no\/wp-json\/wp\/v2\/posts\/139412","targetHints":{"allow":["GET"]}}],"collection":[{"href":"https:\/\/www.europesays.com\/no\/wp-json\/wp\/v2\/posts"}],"about":[{"href":"https:\/\/www.europesays.com\/no\/wp-json\/wp\/v2\/types\/post"}],"author":[{"embeddable":true,"href":"https:\/\/www.europesays.com\/no\/wp-json\/wp\/v2\/users\/2"}],"replies":[{"embeddable":true,"href":"https:\/\/www.europesays.com\/no\/wp-json\/wp\/v2\/comments?post=139412"}],"version-history":[{"count":0,"href":"https:\/\/www.europesays.com\/no\/wp-json\/wp\/v2\/posts\/139412\/revisions"}],"wp:featuredmedia":[{"embeddable":true,"href":"https:\/\/www.europesays.com\/no\/wp-json\/wp\/v2\/media\/138955"}],"wp:attachment":[{"href":"https:\/\/www.europesays.com\/no\/wp-json\/wp\/v2\/media?parent=139412"}],"wp:term":[{"taxonomy":"category","embeddable":true,"href":"https:\/\/www.europesays.com\/no\/wp-json\/wp\/v2\/categories?post=139412"},{"taxonomy":"post_tag","embeddable":true,"href":"https:\/\/www.europesays.com\/no\/wp-json\/wp\/v2\/tags?post=139412"}],"curies":[{"name":"wp","href":"https:\/\/api.w.org\/{rel}","templated":true}]}}