{"id":139419,"date":"2026-01-16T18:24:13","date_gmt":"2026-01-16T18:24:13","guid":{"rendered":"https:\/\/www.europesays.com\/no\/139419\/"},"modified":"2026-01-16T18:24:13","modified_gmt":"2026-01-16T18:24:13","slug":"innovasjon-norge-innovasjon-norge-nordland","status":"publish","type":"post","link":"https:\/\/www.europesays.com\/no\/139419\/","title":{"rendered":"Innovasjon Norge, Innovasjon Norge Nordland"},"content":{"rendered":"\n<p>Det skal gjennomf\u00f8res store kutt i Innovasjon Norge.<\/p>\n<p>Det er flere budsjettkutt som tvinger det statlige og fylkeskommunale selskapet til \u00e5 redusere virksomheten over hele landet. <\/p>\n<p><b>100-110 \u00e5rsverk av til sammen rundt 750 skal bort, og det er g\u00e5tt ut tilbud om frivillige sluttpakker med frist ut januar for aksept.<\/b><\/p>\n<p>Et av forslagene til scenario for effektivisering av Innovasjon Norge i nord er \u00e5 sl\u00e5 sammen alle kontorstedene og sentralisere det i Troms\u00f8. I nord er regionkontoret for Innovasjon Norge Arktis i Troms\u00f8, med lokalkontorer i Alta og Vads\u00f8. <\/p>\n<p><b>Regionkontoret i Nordland har adresse Bod\u00f8.<\/b><\/p>\n<p>Det finnes flere scenarier. Men denne f\u00e5r mest oppmerksomhet fordi man i Nordland i kjent stil har tent p\u00e5 alle pluggene og truer med \u00e5 trekke fylkeskommunal st\u00f8tte til Innovasjon Norge.<\/p>\n<p>\u2013 Hvis vi n\u00e5 skal sende pengene til en postkasse i Troms\u00f8, s\u00e5 vet vi at v\u00e5rt n\u00e6ringsliv ikke kommer til \u00e5 se de pengene igjen, sier fylkesr\u00e5dsleder Marianne Dobak Kvensj\u00f8 (H) til NRK Nordland.<\/p>\n<p><b>Troms har ingen ambisjoner om \u00e5 bli hovedsete for Innovasjon Norge i nord. Tvert imot er Kristina Torbergsen (Ap) helt klar og tydelig p\u00e5 at alle kontorene i nord m\u00e5 best\u00e5.<\/b><\/p>\n<p>\u2013 Nei, det er ikke en farbar vei \u00e5 endre strukturer i nord verken p\u00e5 region eller kontor. Det er s\u00e6rdeles viktig med h\u00f8y tilstedev\u00e6relse i Troms og Finnmark, regionen som skal v\u00e6re nasjonal tiltakssone for beredskap, sier Torbergsen til Nordlys.<\/p>\n<p>I Finnmark har de st\u00f8rre grunn til \u00e5 bli bekymret. De to lokalkontorene der er det mer naturlig \u00e5 sentralisere til Troms\u00f8. Det vil v\u00e6re et feilgrep.<\/p>\n<p><b>Det stort behov for tilstedev\u00e6relse, styrking og utvikling av n\u00e6ringslivet i Finnmark. Fremover vil det skje store satsinger i de nordligste fylkene. Forsvarsl\u00f8ftet vil prege b\u00e5de Troms og Finnmark.<\/b><\/p>\n<p>I tillegg vil trolig Equinor g\u00e5 videre med utvinning av Castberg-feltet i Barentshavet. Det og utvikling av havbruksn\u00e6ringen vil i overskuelig fremtid trenge leverand\u00f8rbedrifter.<\/p>\n<p>De b\u00f8r v\u00e6re lokale s\u00e5 langt det lar seg gj\u00f8re. Kompetanse og bedriftsutvikling i nord er et sp\u00f8rsm\u00e5l om nasjonal sikkerhet. <\/p>\n<p><b>Torbergsen er ogs\u00e5 tydelig p\u00e5 dette. <\/b><\/p>\n<p>Dessverre er det ikke nok for \u00e5 eie fortellinga. Fiendebilder blir etablert i Nordland p\u00e5 refleks. Og fiendene man frykter i Bod\u00f8 er ikke de som truer oss utenfra, men den samme gamle lokale rivaliseringa som spiser oss innenfra.<\/p>\n<p>Hadde fylkesr\u00e5dslederen i Nordland hatt ekte selvtillit p\u00e5 vegne av fylkets n\u00e6ringsliv, s\u00e5 hadde hun skj\u00f8nt at ogs\u00e5 akt\u00f8rer fra Nordland har alt \u00e5 tjene p\u00e5 et mer samkj\u00f8rt Innovasjon Norge i nord. Se bare p\u00e5 elektrifiseringen av Melk\u00f8ya, der entrepren\u00f8rene kommer fra hele landsdelen: LNS fra Nordland, Consto med hovedkontor i Troms\u00f8, samt en mengde med lokale entrepren\u00f8rer i Finnmark. <\/p>\n<p><b>Det er slike posisjoner Innovasjon Norge i nord burde samarbeide for \u00e5 sikre for lokalt n\u00e6ringsliv. I stedet g\u00e5r fylkesr\u00e5d Kvensj\u00f8 aktivt inn for \u00e5 rive dette ned i en innbilt fylkeskommunal rivalisering. <\/b><\/p>\n<p><b>Hun sikrer ikke Nordland med dette. Hun legger bare til rette for at Oslo-kontoret kan utnytte st\u00f8yen for \u00e5 skjerme seg selv. <\/b><\/p>\n","protected":false},"excerpt":{"rendered":"Det skal gjennomf\u00f8res store kutt i Innovasjon Norge. Det er flere budsjettkutt som tvinger det statlige og fylkeskommunale&hellip;\n","protected":false},"author":2,"featured_media":139420,"comment_status":"","ping_status":"","sticky":false,"template":"","format":"standard","meta":{"footnotes":""},"categories":[10],"tags":[36,20,21,24,25,15,12131,15855,15854,22,23,246,13,30,28,29,14,1533,16,26,27],"class_list":{"0":"post-139419","1":"post","2":"type-post","3":"status-publish","4":"format-standard","5":"has-post-thumbnail","7":"category-norge","8":"tag-art","9":"tag-breaking-news","10":"tag-breakingnews","11":"tag-featured-news","12":"tag-featurednews","13":"tag-headlines","14":"tag-innovasjon-norge","15":"tag-innovasjon-norge-arktis","16":"tag-innovasjon-norge-nordland","17":"tag-latest-news","18":"tag-latestnews","19":"tag-leder","20":"tag-news","21":"tag-no","22":"tag-norge","23":"tag-norway","24":"tag-nyheter","25":"tag-opinion","26":"tag-overskrifter","27":"tag-top-stories","28":"tag-topstories"},"share_on_mastodon":{"url":"https:\/\/pubeurope.com\/@no\/115906180739014907","error":""},"_links":{"self":[{"href":"https:\/\/www.europesays.com\/no\/wp-json\/wp\/v2\/posts\/139419","targetHints":{"allow":["GET"]}}],"collection":[{"href":"https:\/\/www.europesays.com\/no\/wp-json\/wp\/v2\/posts"}],"about":[{"href":"https:\/\/www.europesays.com\/no\/wp-json\/wp\/v2\/types\/post"}],"author":[{"embeddable":true,"href":"https:\/\/www.europesays.com\/no\/wp-json\/wp\/v2\/users\/2"}],"replies":[{"embeddable":true,"href":"https:\/\/www.europesays.com\/no\/wp-json\/wp\/v2\/comments?post=139419"}],"version-history":[{"count":0,"href":"https:\/\/www.europesays.com\/no\/wp-json\/wp\/v2\/posts\/139419\/revisions"}],"wp:featuredmedia":[{"embeddable":true,"href":"https:\/\/www.europesays.com\/no\/wp-json\/wp\/v2\/media\/139420"}],"wp:attachment":[{"href":"https:\/\/www.europesays.com\/no\/wp-json\/wp\/v2\/media?parent=139419"}],"wp:term":[{"taxonomy":"category","embeddable":true,"href":"https:\/\/www.europesays.com\/no\/wp-json\/wp\/v2\/categories?post=139419"},{"taxonomy":"post_tag","embeddable":true,"href":"https:\/\/www.europesays.com\/no\/wp-json\/wp\/v2\/tags?post=139419"}],"curies":[{"name":"wp","href":"https:\/\/api.w.org\/{rel}","templated":true}]}}