{"id":139421,"date":"2026-01-16T18:26:31","date_gmt":"2026-01-16T18:26:31","guid":{"rendered":"https:\/\/www.europesays.com\/no\/139421\/"},"modified":"2026-01-16T18:26:31","modified_gmt":"2026-01-16T18:26:31","slug":"19-aringen-havet-inn-millioner-sa-mye-tjente-han-pa-bragden-tv2-no-2","status":"publish","type":"post","link":"https:\/\/www.europesays.com\/no\/139421\/","title":{"rendered":"19-\u00e5ringen h\u00e5vet inn millioner &#8211; s\u00e5 mye tjente han p\u00e5 bragden &#8211; TV2.no"},"content":{"rendered":"<ol>\n<li><a href=\"https:\/\/news.google.com\/rss\/articles\/CBMijAFBVV95cUxPMHJzOThiTHNEZzlocks1OHVUSVFGOThVT3BLeU5rU3B0djFnZlp6STEwUm1oNVJOOGo1RzkwR21WT0E5Qkp1ck9QdVYyN1FKWk9xS3JvVng5QksxSXpYajFIWFdtUE4wSVdVdXNnU0VHeHpBcnc0S1Rud2dTS1BSVkdLVElxYVBOOThYeQ?oc=5\" target=\"_blank\" rel=\"nofollow noopener\">19-\u00e5ringen h\u00e5vet inn millioner &#8211; s\u00e5 mye tjente han p\u00e5 bragden<\/a>&nbsp;&nbsp;TV2.no<\/li>\n<li><a href=\"https:\/\/news.google.com\/rss\/articles\/CBMieEFVX3lxTE93QlFWVzZtNi1LbFg5T1dEVURLdkczTW5JRmp0TkUycTZ4QkFwQzJ2bTliU0l4M1NnSVhjVVNvSXNFaEEtcFNtZ29HQ1dHY2N3a000LUJOX0ZPdlhWcEpkdFNwcHJLcGNBUFF0MEVTSm8taFo2RmloeA?oc=5\" target=\"_blank\" rel=\"nofollow noopener\">Kj\u00e6restepar vant hver sin sprint<\/a>&nbsp;&nbsp;NRK<\/li>\n<li><a href=\"https:\/\/news.google.com\/rss\/articles\/CBMinAFBVV95cUxNZ2FiVjdfVFhiRmRxeHdNVENYWkdJeXpQaXRwVF91anZVcmEwMGZabkhseV9BeVFNTVJ6LVFNWk9TSVlPVWNnS0VFMHVyZUx5VHRmUGFjQ0FiWnp5d0wyempReWppcFdCYUJlYVpHUzY3V3dBYlEwNWxJUTVuRVc3QTk1b2pvUXQxMUkya0c1aDRHb2wtejJseEt2RUM?oc=5\" target=\"_blank\" rel=\"nofollow noopener\">Casper Ruud f\u00e5r italiensk motstand i Australian Open-\u00e5pningen<\/a>&nbsp;&nbsp;VG<\/li>\n<li><a href=\"https:\/\/news.google.com\/rss\/articles\/CBMigAFBVV95cUxQVGQ1M016Y3UtcDlKU2tKcy1fQV9KUi0wSGd6VkNHZFJyMDFmaFA1djFRaWVhQzZiS1ZaeGZzc1NVZ1lGcERUaXNVZWFuSXBDTnM1X3lWcnF6amxTN091WkZuOThtWTZfT2gzR2s5cXh3OWZlOWM0WEhQc1otMGtFQg?oc=5\" target=\"_blank\" rel=\"nofollow noopener\">Nattens viktigste nyheter<\/a>&nbsp;&nbsp;adressa.no<\/li>\n<li><a href=\"https:\/\/news.google.com\/rss\/articles\/CBMirgFBVV95cUxPVldweFc1N2JfNG5IN0RqWGphS2RHM2hNSTZ5Y01BYWszdDFNSFRuVkJNTExLMElZeHd3ZlBPaWItQ2lORmdNalF0T3A4MTBycUJHbWF0NVlIcGFLeUJpREw1UUxLYjBsWWV4OGRYSHgyY25tNkJmWHM2dkZ3WFZYSUd1SjJDcWVrdk90VmZOajQ4SDFJN010ejhtVTItN0pGTFozTU5zQ3Q5cGRiQ0E?oc=5\" target=\"_blank\" rel=\"nofollow noopener\">Nicolai Budkov Kj\u00e6r klar for Australian Open \u2013 \u00e5pner mot amerikaner<\/a>&nbsp;&nbsp;Aftenposten<\/li>\n<\/ol>\n","protected":false},"excerpt":{"rendered":"19-\u00e5ringen h\u00e5vet inn millioner &#8211; s\u00e5 mye tjente han p\u00e5 bragden&nbsp;&nbsp;TV2.no Kj\u00e6restepar vant hver sin sprint&nbsp;&nbsp;NRK Casper Ruud&hellip;\n","protected":false},"author":2,"featured_media":139422,"comment_status":"","ping_status":"","sticky":false,"template":"","format":"standard","meta":{"footnotes":""},"categories":[59],"tags":[30,28,29,83,82],"class_list":{"0":"post-139421","1":"post","2":"type-post","3":"status-publish","4":"format-standard","5":"has-post-thumbnail","7":"category-sport","8":"tag-no","9":"tag-norge","10":"tag-norway","11":"tag-sport","12":"tag-sports"},"share_on_mastodon":{"url":"https:\/\/pubeurope.com\/@no\/115906188575300003","error":""},"_links":{"self":[{"href":"https:\/\/www.europesays.com\/no\/wp-json\/wp\/v2\/posts\/139421","targetHints":{"allow":["GET"]}}],"collection":[{"href":"https:\/\/www.europesays.com\/no\/wp-json\/wp\/v2\/posts"}],"about":[{"href":"https:\/\/www.europesays.com\/no\/wp-json\/wp\/v2\/types\/post"}],"author":[{"embeddable":true,"href":"https:\/\/www.europesays.com\/no\/wp-json\/wp\/v2\/users\/2"}],"replies":[{"embeddable":true,"href":"https:\/\/www.europesays.com\/no\/wp-json\/wp\/v2\/comments?post=139421"}],"version-history":[{"count":0,"href":"https:\/\/www.europesays.com\/no\/wp-json\/wp\/v2\/posts\/139421\/revisions"}],"wp:featuredmedia":[{"embeddable":true,"href":"https:\/\/www.europesays.com\/no\/wp-json\/wp\/v2\/media\/139422"}],"wp:attachment":[{"href":"https:\/\/www.europesays.com\/no\/wp-json\/wp\/v2\/media?parent=139421"}],"wp:term":[{"taxonomy":"category","embeddable":true,"href":"https:\/\/www.europesays.com\/no\/wp-json\/wp\/v2\/categories?post=139421"},{"taxonomy":"post_tag","embeddable":true,"href":"https:\/\/www.europesays.com\/no\/wp-json\/wp\/v2\/tags?post=139421"}],"curies":[{"name":"wp","href":"https:\/\/api.w.org\/{rel}","templated":true}]}}