{"id":139423,"date":"2026-01-16T18:31:09","date_gmt":"2026-01-16T18:31:09","guid":{"rendered":"https:\/\/www.europesays.com\/no\/139423\/"},"modified":"2026-01-16T18:31:09","modified_gmt":"2026-01-16T18:31:09","slug":"sandra-borch-tatt-for-promillekjoring-to-ganger","status":"publish","type":"post","link":"https:\/\/www.europesays.com\/no\/139423\/","title":{"rendered":"Sandra Borch tatt for promillekj\u00f8ring to ganger"},"content":{"rendered":"\n<p class=\"_lead_o9xde_2 _lead_xtcu6_50 layout-component text-serif-m layout-normal text-serif-l layout-component layout-wide layout-padded _wide_17hqh_1 layout-padded\">Den profilerte Senterparti-politikeren har blitt tatt to ganger for fyllekj\u00f8ring.<\/p>\n<p><img alt=\"Sandra Borch under et intervju med VG i april 2024. Foto: Janne M\u00f8ller-Hansen \/ VG\" class=\"_image_qp4xg_65 layout-component layout-wide\" data-fullscreen- data-track-element-type=\"Article image fullscreen\" data-track-name=\"ImageFullscreen\" fetchpriority=\"high\" decoding=\"sync\" loading=\"eager\" height=\"5303\" itemprop=\"image\"  src=\"https:\/\/www.europesays.com\/no\/wp-content\/uploads\/2026\/01\/b64f6b62-2866-4065-92ec-f98b0a2b5689.jpeg\"  style=\"object-position:0% 0%\" width=\"6215\"\/>Sandra Borch under et intervju med VG i april 2024. Foto: Janne M\u00f8ller-Hansen \/ VG Oppdatert fredag 16. januar kl. 18:41     <\/p>\n<p class=\"_paragraph_o9xde_4 _paragraph_xtcu6_10 layout-component text-serif-m layout-normal text-serif-m layout-padded\">Senterparti-politiker Sandra Borch (37) erkjenner \u00e5 ha blitt tatt for \u00e5 ha kj\u00f8rt i alkoholp\u00e5virket tilstand to ganger, rapporter <a href=\"https:\/\/www.nordlys.no\/tatt-for-promillekjoring-to-ganger-jeg-har-gjort-noe-jeg-angrer-dypt-pa\/s\/5-34-2274572\" class=\"_link_o9xde_39\" rel=\"nofollow noopener\" target=\"_blank\">Nordlys.<\/a><\/p>\n<p class=\"_paragraph_o9xde_4 _paragraph_xtcu6_10 layout-component text-serif-m layout-normal text-serif-m layout-padded\">Borch valgte fredag kveld \u00e5 fortelle til avisen om de to promillekj\u00f8ringene:<\/p>\n<p class=\"_paragraph_o9xde_4 _paragraph_xtcu6_10 layout-component text-serif-m layout-normal text-serif-m layout-padded\">\u00abSom jeg tidligere har v\u00e6rt \u00e5pen om har jeg over tid hatt et alkoholproblem. Det har skapt en krevende situasjon for meg selv og min familie. I oktober i fjor gjorde jeg noe jeg angrer dypt p\u00e5, Ved to anledninger kj\u00f8rte jeg bil i alkoholp\u00e5virket tilstand. Blodpr\u00f8vene viste at jeg hadde en promille p\u00e5 0,64 da jeg ble stoppet i Balsfjord og en promille p\u00e5 1,56 da jeg ble stoppet i n\u00e6rheten av mitt hjem i Troms\u00f8. <\/p>\n<p class=\"_paragraph_o9xde_4 _paragraph_xtcu6_10 layout-component text-serif-m layout-normal text-serif-m layout-padded\">Jeg er siktet for begge forholdene. Jeg har p\u00e5f\u00f8rt omgivelsene og meg selv fare. Jeg har opptr\u00e5dt uansvarlig i en fase av mitt liv hvor ting har v\u00e6rt m\u00f8rkt og jeg har v\u00e6rt lengst nede. Jeg har tilst\u00e5tt forholdene og er klar for \u00e5 ta den straff jeg f\u00e5r. Jeg jobber videre med de problemene jeg har og f\u00e5r hjelp fra helsevesenet.<\/p>\n<p class=\"_paragraph_o9xde_4 _paragraph_xtcu6_10 layout-component text-serif-m layout-normal text-serif-m layout-padded\">Jeg ber om ro slik at jeg kan komme meg gjennom de problemer jeg st\u00e5r i.\u00bb<\/p>\n<p><img alt=\"Borch var justispolitisk talsperson i Senterpartiet frem til oktober i fjor. Her under et bes\u00f8k p\u00e5 Kjelsrud politistasjon i mars 2025.  Foto: Heiko Junge \/ NTB\" class=\"_image_qp4xg_65 layout-component layout-normal\" data-fullscreen- data-track-element-type=\"Article image fullscreen\" data-track-name=\"ImageFullscreen\" decoding=\"async\" loading=\"lazy\" height=\"5162\" itemprop=\"image\"  src=\"https:\/\/www.europesays.com\/no\/wp-content\/uploads\/2026\/01\/e16a467b-3737-4c6a-85db-443e7b36e2dc.jpeg\"  style=\"object-position:0% 0%\" width=\"7744\"\/>Borch var justispolitisk talsperson i Senterpartiet frem til oktober i fjor. Her under et bes\u00f8k p\u00e5 Kjelsrud politistasjon i mars 2025.  Foto: Heiko Junge \/ NTB<\/p>\n<p class=\"_paragraph_o9xde_4 _paragraph_xtcu6_10 layout-component text-serif-m layout-normal text-serif-m layout-padded\">Nordlys skriver at Borch selv tok kontakt med avisen for \u00e5 fortelle om saken fredag kveld.<\/p>\n<p class=\"_paragraph_o9xde_4 _paragraph_xtcu6_10 layout-component text-serif-m layout-normal text-serif-m layout-padded\">I desember skrev hun et innlegg p\u00e5 sin Facebook-side hvor hun fortalte at hun har et alkoholproblem. <\/p>\n<p class=\"_paragraph_o9xde_4 _paragraph_xtcu6_10 layout-component text-serif-m layout-normal text-serif-m layout-padded\">Borch ble ikke gjenvalgt til Stortinget fra Troms i h\u00f8st, men har de siste \u00e5rene v\u00e6rt en av Senterpartiets aller synligste profiler. Hun har bekledd postene som landbruksminister og forsknings- og h\u00f8yere utdanningsminister, men gikk av etter at det ble avdekket at hun hadde plagiert i sin egen masteroppgave. <\/p>\n<p class=\"_paragraph_o9xde_4 _paragraph_xtcu6_10 layout-component text-serif-m layout-normal text-serif-m layout-padded\">I innlegget skrev hun: <\/p>\n<p class=\"_paragraph_o9xde_4 _paragraph_xtcu6_10 layout-component text-serif-m layout-normal text-serif-m layout-padded\">\u2013 Jeg velger \u00e5 v\u00e6re \u00e5pen. Jeg har et alkoholproblem som jeg m\u00e5 ha hjelp til.<\/p>\n<p class=\"_paragraph_o9xde_4 _paragraph_xtcu6_10 layout-component text-serif-m layout-normal text-serif-m layout-padded\">Og videre: <\/p>\n<p class=\"_paragraph_o9xde_4 _paragraph_xtcu6_10 layout-component text-serif-m layout-normal text-serif-m layout-padded\">\u2013 Etter \u00e5 ha v\u00e6rt statsr\u00e5d og stortingsrepresentant, har jeg m\u00e5tte ofre familie og venner. Etter avgangen i h\u00f8st, har ikke livet v\u00e6rt bra. Jeg har skuffet mine n\u00e6rmeste aller mest. Det gj\u00f8r vondt. Alkohol har blitt l\u00f8sningen, dessverre.<\/p>\n","protected":false},"excerpt":{"rendered":"Den profilerte Senterparti-politikeren har blitt tatt to ganger for fyllekj\u00f8ring. Sandra Borch under et intervju med VG i&hellip;\n","protected":false},"author":2,"featured_media":139424,"comment_status":"","ping_status":"","sticky":false,"template":"","format":"standard","meta":{"footnotes":""},"categories":[10],"tags":[20,21,24,25,15,22,23,13,30,28,29,14,16,26,27],"class_list":{"0":"post-139423","1":"post","2":"type-post","3":"status-publish","4":"format-standard","5":"has-post-thumbnail","7":"category-norge","8":"tag-breaking-news","9":"tag-breakingnews","10":"tag-featured-news","11":"tag-featurednews","12":"tag-headlines","13":"tag-latest-news","14":"tag-latestnews","15":"tag-news","16":"tag-no","17":"tag-norge","18":"tag-norway","19":"tag-nyheter","20":"tag-overskrifter","21":"tag-top-stories","22":"tag-topstories"},"share_on_mastodon":{"url":"https:\/\/pubeurope.com\/@no\/115906208339589665","error":""},"_links":{"self":[{"href":"https:\/\/www.europesays.com\/no\/wp-json\/wp\/v2\/posts\/139423","targetHints":{"allow":["GET"]}}],"collection":[{"href":"https:\/\/www.europesays.com\/no\/wp-json\/wp\/v2\/posts"}],"about":[{"href":"https:\/\/www.europesays.com\/no\/wp-json\/wp\/v2\/types\/post"}],"author":[{"embeddable":true,"href":"https:\/\/www.europesays.com\/no\/wp-json\/wp\/v2\/users\/2"}],"replies":[{"embeddable":true,"href":"https:\/\/www.europesays.com\/no\/wp-json\/wp\/v2\/comments?post=139423"}],"version-history":[{"count":0,"href":"https:\/\/www.europesays.com\/no\/wp-json\/wp\/v2\/posts\/139423\/revisions"}],"wp:featuredmedia":[{"embeddable":true,"href":"https:\/\/www.europesays.com\/no\/wp-json\/wp\/v2\/media\/139424"}],"wp:attachment":[{"href":"https:\/\/www.europesays.com\/no\/wp-json\/wp\/v2\/media?parent=139423"}],"wp:term":[{"taxonomy":"category","embeddable":true,"href":"https:\/\/www.europesays.com\/no\/wp-json\/wp\/v2\/categories?post=139423"},{"taxonomy":"post_tag","embeddable":true,"href":"https:\/\/www.europesays.com\/no\/wp-json\/wp\/v2\/tags?post=139423"}],"curies":[{"name":"wp","href":"https:\/\/api.w.org\/{rel}","templated":true}]}}