{"id":139425,"date":"2026-01-16T18:32:09","date_gmt":"2026-01-16T18:32:09","guid":{"rendered":"https:\/\/www.europesays.com\/no\/139425\/"},"modified":"2026-01-16T18:32:09","modified_gmt":"2026-01-16T18:32:09","slug":"ekspert-strekker-lovverket-til-det-ytterste-innherred-no","status":"publish","type":"post","link":"https:\/\/www.europesays.com\/no\/139425\/","title":{"rendered":"Ekspert: \u2013 Strekker lovverket til det ytterste &#8211; innherred.no"},"content":{"rendered":"<ol>\n<li><a href=\"https:\/\/news.google.com\/rss\/articles\/CBMimgFBVV95cUxOZk5raWFFNjZUQjhwajBpZENfajMzOW4ycmZIUzJZbWNsVEh6MWd5T19RLXFyanVzMG9KdUFXZFVseDA2Z3p4aDVKTkdvRHYzVThqRjlGVUFqQnU4LURQMHE4VzU3SGVFdVFzcDk2c3YtTUtCODd2OExKMmllWnJ0TXRKUWJUMFM4a2RGRHJOclo1bnZ1M0hmd3hR?oc=5\" target=\"_blank\" rel=\"nofollow noopener\">Ekspert: \u2013 Strekker lovverket til det ytterste<\/a>&nbsp;&nbsp;innherred.no<\/li>\n<li><a href=\"https:\/\/news.google.com\/rss\/articles\/CBMiqAFBVV95cUxPbnR6VDRuT3pRaTdic2pwTTM5QkVrcWRyOWE2WXIyc3Bub0pkdllYTXk3VWtHeEFYZG9EZmJLV3YxcHVSTlcwUXh5YVMxRWtoZTEzQzBYOXJCUVpEVVVySEVGZGdMdUQwMnQxMXBKSUNzMUVocl9xUmhoZHVjZlkzeHdrNExDMlVOTGlhUEhBeXR5aW5aNGtIcmhaN0psVTNsdUMyM2llRVM?oc=5\" target=\"_blank\" rel=\"nofollow noopener\">Boligeier: \u2013 Fryktelig at de utsetter oss for dette igjen<\/a>&nbsp;&nbsp;innherred.no<\/li>\n<li><a href=\"https:\/\/news.google.com\/rss\/articles\/CBMigwFBVV95cUxNR2xrOENmQnNsVjNrZzFFZ25COXh0UVpfcTVPZnBiM1ZxeC0xOTdybUZ0MFpER0Q5RFFSd1pGOHVjSnFlWGdoZzI3dG9BY2UyNDl4cXhJajY5UXA0TDN0ZzFGWkZscExwSDgtbjZTVzFTRGpmcGZPWDFPVnlJemIyMnlnUQ?oc=5\" target=\"_blank\" rel=\"nofollow noopener\">Verdal, TA-IV | \u2013 Har strukket oss langt for \u00e5 f\u00e5 saken l\u00f8st<\/a>&nbsp;&nbsp;Tr\u00f8nder-Avisa<\/li>\n<li><a href=\"https:\/\/news.google.com\/rss\/articles\/CBMif0FVX3lxTE5mblJjVzEzc0gzd1h6dlM0WWhaU2gyTGFpbDBWWE91SXhnWmZpc2xSM1N6RVgwdUkwSkY3R3hBb0lPeWhOc19LMU5mQUlIYzQ5alYyZUI4bWVQenlHamIxa3dOUG1wNFpDbUdnU2x6SGpyVElXY1U0UU1TbW5jN2c?oc=5\" target=\"_blank\" rel=\"nofollow noopener\">Peker p\u00e5 Grande etter konkursen: \u2013 F\u00f8rst og fremst trist<\/a>&nbsp;&nbsp;innherred.no<\/li>\n<li><a href=\"https:\/\/news.google.com\/rss\/articles\/CBMingFBVV95cUxOLWZxM0VlNE5QdGFJWl9UbExrSEJQWjNHX3Q1OVJLN1ZSdk5qaXVibEtzUDB2dFA5a1dlaHd6ZFVSanRUeUNEVWgzMFdob0otMGppQ1JOaUlEWU5IZmpyYm9BZ250RGZqR2J5QktQdFdFeHUtQlBQVVNYVWpnNF9kd09JV1pwak5SSVBIeVBQM1dlNjBNQ1F4b2p3cDdrUQ?oc=5\" target=\"_blank\" rel=\"nofollow noopener\">Verdal, Bolig | Boligkj\u00f8pere venter p\u00e5 millioner: \u2013 Virker som de ikke vil betale<\/a>&nbsp;&nbsp;Tr\u00f8nder-Avisa<\/li>\n<\/ol>\n","protected":false},"excerpt":{"rendered":"Ekspert: \u2013 Strekker lovverket til det ytterste&nbsp;&nbsp;innherred.no Boligeier: \u2013 Fryktelig at de utsetter oss for dette igjen&nbsp;&nbsp;innherred.no Verdal,&hellip;\n","protected":false},"author":2,"featured_media":139426,"comment_status":"","ping_status":"","sticky":false,"template":"","format":"standard","meta":{"footnotes":""},"categories":[5],"tags":[20,21,24,25,15,19,22,23,17,18,13,30,28,29,14,16,26,27],"class_list":{"0":"post-139425","1":"post","2":"type-post","3":"status-publish","4":"format-standard","5":"has-post-thumbnail","7":"category-overskrifter","8":"tag-breaking-news","9":"tag-breakingnews","10":"tag-featured-news","11":"tag-featurednews","12":"tag-headlines","13":"tag-hovedoppslag","14":"tag-latest-news","15":"tag-latestnews","16":"tag-main-news","17":"tag-mainnews","18":"tag-news","19":"tag-no","20":"tag-norge","21":"tag-norway","22":"tag-nyheter","23":"tag-overskrifter","24":"tag-top-stories","25":"tag-topstories"},"share_on_mastodon":{"url":"https:\/\/pubeurope.com\/@no\/115906212324797611","error":""},"_links":{"self":[{"href":"https:\/\/www.europesays.com\/no\/wp-json\/wp\/v2\/posts\/139425","targetHints":{"allow":["GET"]}}],"collection":[{"href":"https:\/\/www.europesays.com\/no\/wp-json\/wp\/v2\/posts"}],"about":[{"href":"https:\/\/www.europesays.com\/no\/wp-json\/wp\/v2\/types\/post"}],"author":[{"embeddable":true,"href":"https:\/\/www.europesays.com\/no\/wp-json\/wp\/v2\/users\/2"}],"replies":[{"embeddable":true,"href":"https:\/\/www.europesays.com\/no\/wp-json\/wp\/v2\/comments?post=139425"}],"version-history":[{"count":0,"href":"https:\/\/www.europesays.com\/no\/wp-json\/wp\/v2\/posts\/139425\/revisions"}],"wp:featuredmedia":[{"embeddable":true,"href":"https:\/\/www.europesays.com\/no\/wp-json\/wp\/v2\/media\/139426"}],"wp:attachment":[{"href":"https:\/\/www.europesays.com\/no\/wp-json\/wp\/v2\/media?parent=139425"}],"wp:term":[{"taxonomy":"category","embeddable":true,"href":"https:\/\/www.europesays.com\/no\/wp-json\/wp\/v2\/categories?post=139425"},{"taxonomy":"post_tag","embeddable":true,"href":"https:\/\/www.europesays.com\/no\/wp-json\/wp\/v2\/tags?post=139425"}],"curies":[{"name":"wp","href":"https:\/\/api.w.org\/{rel}","templated":true}]}}