{"id":139427,"date":"2026-01-16T18:33:16","date_gmt":"2026-01-16T18:33:16","guid":{"rendered":"https:\/\/www.europesays.com\/no\/139427\/"},"modified":"2026-01-16T18:33:16","modified_gmt":"2026-01-16T18:33:16","slug":"saeter-har-fatt-nok-helt-uaktuelt","status":"publish","type":"post","link":"https:\/\/www.europesays.com\/no\/139427\/","title":{"rendered":"S\u00e6ter har f\u00e5tt nok: &#8211; Helt uaktuelt"},"content":{"rendered":"<p>Tre kamper fra start var det Ole S\u00e6ter kunne vise til etter 2025-sesongen.\u00a0<\/p>\n<p>Tilbake p\u00e5 Lerkendal, for \u00e5 ta fatt p\u00e5 en ny oppkj\u00f8ring med tr\u00f8nderne, er 29-\u00e5ringen klokkeklar:\u00a0<\/p>\n<p class=\"bold m-bold\" data-lab-font_weight=\"bold\">\u2013 Det er helt uaktuelt med en ny sesong som den i fjor, sier S\u00e6ter til TV 2.\u00a0<\/p>\n<p>Innr\u00f8mmer interesse\u00a0<\/p>\n<p>Tr\u00f8nderens storscorer ble stort sett benyttet som kant, de f\u00e5 gangene han fikk tillit fra start eller kom inn fra benken i 2025.\u00a0<\/p>\n<p>\u00c9n scoring i Eliteserien ble fasit for spilleren som har kontrakt p\u00e5 Lerkendal ut sesongen.\u00a0<\/p>\n<p>\u2013 Vi spilte ikke p\u00e5 mine styrker og da kom Dino (Islamovic) mer til sin rett. Det er alltid tungt for den som ender opp med \u00e5 ikke spille, sier han og legger til:\u00a0<\/p>\n<p>        <img class=\"image__img lazyload\" itemprop=\"image\" title=\"Foto: Ole Martin Wold \/ NTB\" alt=\"TR\u00c5 SESONG: Ole S\u00e6ter fikk sjeldent tillit fra Alfred Johansson i 2025. Foto: Ole Martin Wold \/ NTB\" width=\"675\" height=\"453\" bad-src=\"https:\/\/www.europesays.com\/no\/wp-content\/uploads\/2026\/01\/18332026.webp.jpeg\" fetchpriority=\"auto\" \/><\/p>\n<p>      TR\u00c5 SESONG: Ole S\u00e6ter fikk sjeldent tillit fra Alfred Johansson i 2025.<br \/>\n         Foto: Ole Martin Wold \/ NTB<\/p>\n<p>\u2013 Jeg har bevist veldig mye over flere \u00e5r og gjort meg fortjent til mye mer enn det jeg har f\u00e5tt. Det er en annerledes situasjon. Det er ikke s\u00e5nn det pleier \u00e5 v\u00e6re og ikke s\u00e5nn det skal v\u00e6re. S\u00e5 f\u00e5r vi se hva vi gj\u00f8r med det.\u00a0<\/p>\n<p class=\"bold m-bold\" data-lab-font_weight=\"bold\">Et alternativ kan fort bli \u00e5 dra videre. Slik TV 2 forst\u00e5r det finnes det interesse for S\u00e6ter b\u00e5de i inn- og utland.\u00a0<\/p>\n<p>Mye tyder p\u00e5 at det blir en vinter p\u00e5 det jevne, med nye rykter rundt 29-\u00e5ringens fremtid. <a href=\"https:\/\/www.tv2.no\/sport\/fotball\/eliteserien\/helomvending-for-saeter-polen-overgang-i-vasken\/17428000\/\" rel=\"nofollow noopener\" target=\"_blank\">I fjor var han blant annet n\u00e6r en overgang til Polen.\u00a0<\/a><\/p>\n<p>Spissen selv bekrefter langt p\u00e5 vei at enkelte klubber har meldt sin interesse.\u00a0<\/p>\n<p class=\"bold m-bold\" data-lab-font_weight=\"bold\">\u2013 Ja. S\u00e5 trenger jeg ikke \u00e5 si s\u00e5 mye mer enn det, sier S\u00e6ter.\u00a0<\/p>\n<p>\u2013 Naiv og godtroende\u00a0<\/p>\n<p>Det er stadig et alternativ for S\u00e6ter \u00e5 bli v\u00e6rende i Trondheim, men ikke med en ny sesong som fjor\u00e5ret.\u00a0<\/p>\n<p>\u2013 Jeg har ikke snakket med Alfred, men klubben vet at jeg ikke kan ha det s\u00e5nn noe mer, sier S\u00e6ter, som innr\u00f8mmer at fjor\u00e5ret var det tyngste han har opplevd som fotballspiller.\u00a0<\/p>\n<p>        <img class=\"image__img lazyload\" itemprop=\"image\" title=\"Foto: Ole Martin Wold \/ NTB\" alt=\"TUNGT: S\u00e6ter er \u00e6rlig p\u00e5 at fjor\u00e5ret var blytungt, b\u00e5de p\u00e5 og utenfor banen. Foto: Ole Martin Wold \/ NTB\" width=\"675\" height=\"453\" bad-src=\"https:\/\/www.europesays.com\/no\/wp-content\/uploads\/2026\/01\/18228382.webp.jpeg\" fetchpriority=\"auto\" \/><\/p>\n<p>      TUNGT: S\u00e6ter er \u00e6rlig p\u00e5 at fjor\u00e5ret var blytungt, b\u00e5de p\u00e5 og utenfor banen.<br \/>\n         Foto: Ole Martin Wold \/ NTB<\/p>\n<p>\u2013 Det var kjempeskuffende for alle parter. Personlig er det nok det tyngste \u00e5ret jeg har hatt. Man la ned mye jobb og fikk lite tilbake, men s\u00e5 er det en del av gamet. Det er en treners privilegium \u00e5 ta ut laget, men alle som ikke spiller er skuffet, sier S\u00e6ter.\u00a0<\/p>\n<p class=\"italic m-italic\" data-lab-italic=\"italic\">\u2013 Har du inntrykk n\u00e5, etter tre starter i fjor, av at klubben \u00f8nsker deg med videre?\u00a0<\/p>\n<p>\u2013 Det m\u00e5 du nesten sp\u00f8rre dem om. At det er en optimal situasjon, \u00e5 ha en s\u00e5nn type spiss som meg p\u00e5 benken over en s\u00e5 lang periode, det gagner nok ingen. Vi f\u00e5r se hva som skjer. Jeg er like spent som resten, sier S\u00e6ter.\u00a0<\/p>\n<p class=\"italic m-italic\" data-lab-italic=\"italic\">\u2013 Om RBK sier at de vil ha deg med videre, klarer du \u00e5 stole p\u00e5 det etter fjor\u00e5ret?\u00a0<\/p>\n<p class=\"bold m-bold\" data-lab-font_weight=\"bold\">\u2013 Jeg er naiv og godtroende, s\u00e5 jeg stoler p\u00e5 folk rundt meg. Det har bitt meg i r\u00e6va f\u00f8r, men jeg glemmer fort, avslutter han med et smil\u00a0<\/p>\n","protected":false},"excerpt":{"rendered":"Tre kamper fra start var det Ole S\u00e6ter kunne vise til etter 2025-sesongen.\u00a0 Tilbake p\u00e5 Lerkendal, for \u00e5&hellip;\n","protected":false},"author":2,"featured_media":139428,"comment_status":"","ping_status":"","sticky":false,"template":"","format":"standard","meta":{"footnotes":""},"categories":[59],"tags":[30,28,29,83,82],"class_list":{"0":"post-139427","1":"post","2":"type-post","3":"status-publish","4":"format-standard","5":"has-post-thumbnail","7":"category-sport","8":"tag-no","9":"tag-norge","10":"tag-norway","11":"tag-sport","12":"tag-sports"},"share_on_mastodon":{"url":"https:\/\/pubeurope.com\/@no\/115906216100396217","error":""},"_links":{"self":[{"href":"https:\/\/www.europesays.com\/no\/wp-json\/wp\/v2\/posts\/139427","targetHints":{"allow":["GET"]}}],"collection":[{"href":"https:\/\/www.europesays.com\/no\/wp-json\/wp\/v2\/posts"}],"about":[{"href":"https:\/\/www.europesays.com\/no\/wp-json\/wp\/v2\/types\/post"}],"author":[{"embeddable":true,"href":"https:\/\/www.europesays.com\/no\/wp-json\/wp\/v2\/users\/2"}],"replies":[{"embeddable":true,"href":"https:\/\/www.europesays.com\/no\/wp-json\/wp\/v2\/comments?post=139427"}],"version-history":[{"count":0,"href":"https:\/\/www.europesays.com\/no\/wp-json\/wp\/v2\/posts\/139427\/revisions"}],"wp:featuredmedia":[{"embeddable":true,"href":"https:\/\/www.europesays.com\/no\/wp-json\/wp\/v2\/media\/139428"}],"wp:attachment":[{"href":"https:\/\/www.europesays.com\/no\/wp-json\/wp\/v2\/media?parent=139427"}],"wp:term":[{"taxonomy":"category","embeddable":true,"href":"https:\/\/www.europesays.com\/no\/wp-json\/wp\/v2\/categories?post=139427"},{"taxonomy":"post_tag","embeddable":true,"href":"https:\/\/www.europesays.com\/no\/wp-json\/wp\/v2\/tags?post=139427"}],"curies":[{"name":"wp","href":"https:\/\/api.w.org\/{rel}","templated":true}]}}