{"id":139429,"date":"2026-01-16T18:38:13","date_gmt":"2026-01-16T18:38:13","guid":{"rendered":"https:\/\/www.europesays.com\/no\/139429\/"},"modified":"2026-01-16T18:38:13","modified_gmt":"2026-01-16T18:38:13","slug":"nyheter-ulykker-og-hendelser-frigir-navn-pa-25-aringen-som-omkom-pa-osloveien-moss-avis","status":"publish","type":"post","link":"https:\/\/www.europesays.com\/no\/139429\/","title":{"rendered":"Nyheter, Ulykker og hendelser | Frigir navn p\u00e5 25-\u00e5ringen som omkom p\u00e5 Osloveien &#8211; Moss Avis"},"content":{"rendered":"<ol>\n<li><a href=\"https:\/\/news.google.com\/rss\/articles\/CBMikgFBVV95cUxQWkRQZ3JHSGJkeWdwNDlCUE5LSlBUQ3J5NUh6WnlwMUZYSHdfUXZSSEN3TExCNzAtVVJvMV9UbXM0NUlyWHc4WGQ1dHRyNHN1emdnamY4QkdscWlJTWJJLWlZaG8teGRSTThIQjlZMnBLdEpMalB3QVQxd1ZuSng0eTlCTUM4cWxUejVGTE1CVW5CUQ?oc=5\" target=\"_blank\" rel=\"nofollow noopener\">Nyheter, Ulykker og hendelser | Frigir navn p\u00e5 25-\u00e5ringen som omkom p\u00e5 Osloveien<\/a>&nbsp;&nbsp;Moss Avis<\/li>\n<li><a href=\"https:\/\/news.google.com\/rss\/articles\/CBMif0FVX3lxTE53SVg1ZHZPaFhiNmdOZGhFNjFlYzVqTWNyMUZJZGRSUExRZG1kMEtUVGlSUWE5aUZQYUhxZjhzNi1Yb1d4QVc0NWVzMThhdG5VUEJlMTRDZG5pX0oyNFNaTlVCWmVUOExraDUtZ0dSUkNxbTBLZTRlbE4xelkxMDA?oc=5\" target=\"_blank\" rel=\"nofollow noopener\">H\u00fcseyin (25) omkom i ulykke i Vestby<\/a>&nbsp;&nbsp;VG<\/li>\n<li><a href=\"https:\/\/news.google.com\/rss\/articles\/CBMitAFBVV95cUxPaVZITXNFR1FlUFo3ZzhPaURCVVBjZ0ZJd0VlSzV1dk84T0xNc3h3QllJVW5IcEhudXZveGJUY0Vyaksyall5aEpza0x4OHU2cGJBWFJwZ09pbTJwRU8tZkNJMk43bmZnZU5YQ1QwbUFoV2Z4OFBlS1ZlYXNFOHB6d3EzWXl5cGxlVXVURnBfMDI3S0RsNGFJWC1EX1drX1A3NVlFT3ZIU2MwYS0yZUUtU3lMemE?oc=5\" target=\"_blank\" rel=\"nofollow noopener\">Hundrevis tok farvel med 25-\u00e5ringen: \u2013 Aldri v\u00e6rt s\u00e5 mange som har m\u00f8tt opp f\u00f8r<\/a>&nbsp;&nbsp;Moss Avis<\/li>\n<li><a href=\"https:\/\/news.google.com\/rss\/articles\/CBMizAFBVV95cUxPYldvYWljcFpWS01iSzc2MHAzc25OR0huTWJzUWpHR1AxWjBJSVdPMkVneEtzOXhWd2RMSlM2TXZzXzhId0tvMkNtejZEMG5vcERYZG1kZlJ6YXJ4VlhDdzh3LXVaTnhxelZieEJTb2tRNzBabXU1MnJQTkdtVko3U3V1VndzRXVXRVFlTy1XWTZwWmEtTHRBbVBzRUNkYjNmRkFtdWFrTUh3elVDVkVNQ1BsVUZEOHJwRXk0R09WNVNkN0QySHlCYi1kajM?oc=5\" target=\"_blank\" rel=\"nofollow noopener\">Moss avis: Politiet frigir navn etter d\u00f8dsulykke i Vestby onsdag<\/a>&nbsp;&nbsp;TV2.no<\/li>\n<li><a href=\"https:\/\/news.google.com\/rss\/articles\/CBMidkFVX3lxTE9BQnFBc25EMXY3M2ZKM2ozaXhKMlpITFNqeHBOaUllNHlRYWNHTTM5ZUt2VmVnVU52aU5KaE5kOXRQX2VhdmxuZzB1VUlwQlZaV3ZqbGYyNENuWjdaRmVnaG9PQklZQ09hZTNnRUhOVkI3QlV0RkE?oc=5\" target=\"_blank\" rel=\"nofollow noopener\">Nyheter, H\u00f8len | Alvorlig trafikkulykke langs Osloveien<\/a>&nbsp;&nbsp;Vestby Avis<\/li>\n<\/ol>\n","protected":false},"excerpt":{"rendered":"Nyheter, Ulykker og hendelser | Frigir navn p\u00e5 25-\u00e5ringen som omkom p\u00e5 Osloveien&nbsp;&nbsp;Moss Avis H\u00fcseyin (25) omkom i&hellip;\n","protected":false},"author":2,"featured_media":10505,"comment_status":"","ping_status":"","sticky":false,"template":"","format":"standard","meta":{"footnotes":""},"categories":[10],"tags":[20,21,24,25,15,22,23,13,30,28,29,14,16,26,27],"class_list":{"0":"post-139429","1":"post","2":"type-post","3":"status-publish","4":"format-standard","5":"has-post-thumbnail","7":"category-norge","8":"tag-breaking-news","9":"tag-breakingnews","10":"tag-featured-news","11":"tag-featurednews","12":"tag-headlines","13":"tag-latest-news","14":"tag-latestnews","15":"tag-news","16":"tag-no","17":"tag-norge","18":"tag-norway","19":"tag-nyheter","20":"tag-overskrifter","21":"tag-top-stories","22":"tag-topstories"},"share_on_mastodon":{"url":"https:\/\/pubeurope.com\/@no\/115906235733093307","error":""},"_links":{"self":[{"href":"https:\/\/www.europesays.com\/no\/wp-json\/wp\/v2\/posts\/139429","targetHints":{"allow":["GET"]}}],"collection":[{"href":"https:\/\/www.europesays.com\/no\/wp-json\/wp\/v2\/posts"}],"about":[{"href":"https:\/\/www.europesays.com\/no\/wp-json\/wp\/v2\/types\/post"}],"author":[{"embeddable":true,"href":"https:\/\/www.europesays.com\/no\/wp-json\/wp\/v2\/users\/2"}],"replies":[{"embeddable":true,"href":"https:\/\/www.europesays.com\/no\/wp-json\/wp\/v2\/comments?post=139429"}],"version-history":[{"count":0,"href":"https:\/\/www.europesays.com\/no\/wp-json\/wp\/v2\/posts\/139429\/revisions"}],"wp:featuredmedia":[{"embeddable":true,"href":"https:\/\/www.europesays.com\/no\/wp-json\/wp\/v2\/media\/10505"}],"wp:attachment":[{"href":"https:\/\/www.europesays.com\/no\/wp-json\/wp\/v2\/media?parent=139429"}],"wp:term":[{"taxonomy":"category","embeddable":true,"href":"https:\/\/www.europesays.com\/no\/wp-json\/wp\/v2\/categories?post=139429"},{"taxonomy":"post_tag","embeddable":true,"href":"https:\/\/www.europesays.com\/no\/wp-json\/wp\/v2\/tags?post=139429"}],"curies":[{"name":"wp","href":"https:\/\/api.w.org\/{rel}","templated":true}]}}