{"id":139430,"date":"2026-01-16T18:46:20","date_gmt":"2026-01-16T18:46:20","guid":{"rendered":"https:\/\/www.europesays.com\/no\/139430\/"},"modified":"2026-01-16T18:46:20","modified_gmt":"2026-01-16T18:46:20","slug":"reagerer-korleis-er-det-muleg-3","status":"publish","type":"post","link":"https:\/\/www.europesays.com\/no\/139430\/","title":{"rendered":"Reagerer: \u2013 Korleis er det muleg?"},"content":{"rendered":"<p data-testid=\"textWithMarkup-text\" data-v-81d7dc2b=\"\" data-v-62d58f52=\"\">Reaksjonane har ikkje latt vente p\u00e5 seg etter at det blei kjent at konsernsjef i Polaris Media, Per Axel Koch, blir ny styreleiar i Helse Midt-Norge.<\/p>\n<p data-testid=\"textWithMarkup-text\" data-v-81d7dc2b=\"\" data-v-62d58f52=\"\">Polaris Media eig Sunnm\u00f8rsposten og dei fleste lokalavisene p\u00e5 Nordvestlandet. <\/p>\n<p data-testid=\"textWithMarkup-text\" data-v-81d7dc2b=\"\" data-v-62d58f52=\"\">Koch har sagt han vil kombinere desse to rollene. <\/p>\n<p>Krev svar <\/p>\n<p data-testid=\"textWithMarkup-text\" data-v-81d7dc2b=\"\" data-v-62d58f52=\"\">Stortingsrepresentant Frank Sve har bedt helse- og omsorgsministeren svare p\u00e5 korleis dette er mogleg. <\/p>\n<p data-testid=\"textWithMarkup-text\" data-v-81d7dc2b=\"\" data-v-62d58f52=\"\">\u2013 Korleis er det muleg at konsernsjefen i eit av landets st\u00f8rste mediehus blir sett inn som ny styreformann i Helse Midt-Norge, og er dette \u00e5 rekne som \u00abstatsstyrt habilitet\u00bb? skriv han i eit skriftleg sp\u00f8rsm\u00e5l til ministeren.<\/p>\n<p data-testid=\"textWithMarkup-text\" data-v-81d7dc2b=\"\" data-v-62d58f52=\"\">Sve viser til at Polaris Media eig mediehusa som skal formidle sanninga om helsetilboda i regionen til innbyggarane i M\u00f8re og Romsdal og Tr\u00f8ndelag. <\/p>\n<p data-testid=\"textWithMarkup-text\" data-v-81d7dc2b=\"\" data-v-62d58f52=\"\">\u2013 Artiklar publisert i ei av avisene blir gjerne formidla i ei eller fleire av dei andre avisene, alt etter aktualitet. <\/p>\n<p data-testid=\"textWithMarkup-text\" data-v-81d7dc2b=\"\" data-v-62d58f52=\"\">\u2013 Sjukehustilbodet i M\u00f8re og Romsdal er under sterkt press, og mange fryktar at dei store kutta som no vert gjennomf\u00f8rt vil medf\u00f8re at innbyggjarane her f\u00e5r eit betydeleg d\u00e5rlegare helse- og sjukehustilbod enn i resten av landet, skriv han vidare. <\/p>\n<p data-testid=\"textWithMarkup-text\" data-v-81d7dc2b=\"\" data-v-62d58f52=\"\">Vidare sp\u00f8r han om det no vil bli f\u00e6rre kritiske artiklar om sjukehuset og helseplattforma. <\/p>\n<p data-testid=\"textWithMarkup-text\" data-v-81d7dc2b=\"\" data-v-62d58f52=\"\">\u2013 Kan vi ha tillit til at media formidlar det korrekte biletet av sjukehusa i M\u00f8re og Romsdal og Tr\u00f8ndelag n\u00e5r konsernsjefen i Polari Media vert leiande styreformann i det \u00f8vste helsef\u00f8retaket i regionen? Dette er openbert kortslutning med tanke p\u00e5 d\u00f8mekraft og vurdering av habilitet, meiner han. <\/p>\n","protected":false},"excerpt":{"rendered":"Reaksjonane har ikkje latt vente p\u00e5 seg etter at det blei kjent at konsernsjef i Polaris Media, Per&hellip;\n","protected":false},"author":2,"featured_media":139391,"comment_status":"","ping_status":"","sticky":false,"template":"","format":"standard","meta":{"footnotes":""},"categories":[10],"tags":[20,21,24,25,15,22,23,13,30,28,29,14,16,26,27],"class_list":{"0":"post-139430","1":"post","2":"type-post","3":"status-publish","4":"format-standard","5":"has-post-thumbnail","7":"category-norge","8":"tag-breaking-news","9":"tag-breakingnews","10":"tag-featured-news","11":"tag-featurednews","12":"tag-headlines","13":"tag-latest-news","14":"tag-latestnews","15":"tag-news","16":"tag-no","17":"tag-norge","18":"tag-norway","19":"tag-nyheter","20":"tag-overskrifter","21":"tag-top-stories","22":"tag-topstories"},"share_on_mastodon":{"url":"https:\/\/pubeurope.com\/@no\/115906267213294395","error":""},"_links":{"self":[{"href":"https:\/\/www.europesays.com\/no\/wp-json\/wp\/v2\/posts\/139430","targetHints":{"allow":["GET"]}}],"collection":[{"href":"https:\/\/www.europesays.com\/no\/wp-json\/wp\/v2\/posts"}],"about":[{"href":"https:\/\/www.europesays.com\/no\/wp-json\/wp\/v2\/types\/post"}],"author":[{"embeddable":true,"href":"https:\/\/www.europesays.com\/no\/wp-json\/wp\/v2\/users\/2"}],"replies":[{"embeddable":true,"href":"https:\/\/www.europesays.com\/no\/wp-json\/wp\/v2\/comments?post=139430"}],"version-history":[{"count":0,"href":"https:\/\/www.europesays.com\/no\/wp-json\/wp\/v2\/posts\/139430\/revisions"}],"wp:featuredmedia":[{"embeddable":true,"href":"https:\/\/www.europesays.com\/no\/wp-json\/wp\/v2\/media\/139391"}],"wp:attachment":[{"href":"https:\/\/www.europesays.com\/no\/wp-json\/wp\/v2\/media?parent=139430"}],"wp:term":[{"taxonomy":"category","embeddable":true,"href":"https:\/\/www.europesays.com\/no\/wp-json\/wp\/v2\/categories?post=139430"},{"taxonomy":"post_tag","embeddable":true,"href":"https:\/\/www.europesays.com\/no\/wp-json\/wp\/v2\/tags?post=139430"}],"curies":[{"name":"wp","href":"https:\/\/api.w.org\/{rel}","templated":true}]}}