{"id":139436,"date":"2026-01-16T19:07:07","date_gmt":"2026-01-16T19:07:07","guid":{"rendered":"https:\/\/www.europesays.com\/no\/139436\/"},"modified":"2026-01-16T19:07:07","modified_gmt":"2026-01-16T19:07:07","slug":"trafikk-totenidag-politiet-med-oppfordring-kjor-med-stor-varsomhet-oppland-arbeiderblad","status":"publish","type":"post","link":"https:\/\/www.europesays.com\/no\/139436\/","title":{"rendered":"Trafikk, Totenidag | Politiet med oppfordring: \u2013 Kj\u00f8r med stor varsomhet &#8211; Oppland Arbeiderblad"},"content":{"rendered":"<ol>\n<li><a href=\"https:\/\/news.google.com\/rss\/articles\/CBMiZ0FVX3lxTFBxWU1DMjl6cW1MYXpWWHoxOG5iNEFNRFEzUnFmNERVbUI1MWU4bjBzTDF4a3RaNUVwcXlGTlhuWE11Mnd3c3dhVHNEWlhEUHcxT29sWjJOSjBUS2ZBVUlZVmRJa0pLRVU?oc=5\" target=\"_blank\" rel=\"nofollow noopener\">Trafikk, Totenidag | Politiet med oppfordring: \u2013 Kj\u00f8r med stor varsomhet<\/a>&nbsp;&nbsp;Oppland Arbeiderblad<\/li>\n<li><a href=\"https:\/\/news.google.com\/rss\/articles\/CBMigwFBVV95cUxNa2hUSFUyVEZmWDZTaGU5SnJKYm9mSmxfOUJTRmRjdWVsLUc4cmJRbkZUTjhMRGxObm9NX0l3WUpWUnlpTjkzNG53SzMwVzV2NXZhUzNZdEJSTlRHclhwcS14UVJWV1Bqbm1fMXRMUlJUQldlTHpBaUFVVnlNbmwtN3ZiNA?oc=5\" target=\"_blank\" rel=\"nofollow noopener\">Trafikktr\u00f8bbel flere steder p\u00e5 \u00d8stlandet og Midt-Norge<\/a>&nbsp;&nbsp;VG<\/li>\n<li><a href=\"https:\/\/news.google.com\/rss\/articles\/CBMingFBVV95cUxPV09WQUNGWlRPUnNEdWdsd3ZrZ2FZVlgtZjM1SUZZMXh4dU0tNEkxUUxPb2hPcEFXSXRLQ0M3Z2Q1NEMxazZnZWdxbDFkSjZ6akdMU2RlQ1RKN0FJMFBXcXhrODF4QnNRN09zUEZCck02cjBoYm9pVmgzaTZHdG1mNks2Q2pyWXU5SjI0YnpGMVY1bHZJQll6VWxySjhYdw?oc=5\" target=\"_blank\" rel=\"nofollow noopener\">Politiet \u00e5tvarar: \u2013 Sv\u00e6rt glatt mange stader<\/a>&nbsp;&nbsp;NRK<\/li>\n<li><a href=\"https:\/\/news.google.com\/rss\/articles\/CBMibkFVX3lxTE1ocU9UbFppX3JKdnpYNkNUYnZSM2ZEVmo2NjZQZnBVS3dfUFl4VkViZGJudGJxblFOSl9SM3dwM1pkUlBpVW40SnJIZ3U3a2tLYnBSem1oUHZQQm1jMEpkeVI5S2piMGRhLWpLUlpB?oc=5\" target=\"_blank\" rel=\"nofollow noopener\">Moelv, Brumunddal | Meldingene renner inn: \u2013 Det skal jeg love deg<\/a>&nbsp;&nbsp;Ringsaker Blad<\/li>\n<li><a href=\"https:\/\/news.google.com\/rss\/articles\/CBMimAFBVV95cUxQRnBRQ1VUSVplbHVxdlRQcU1LdFdZalhnRDNETXVOVUgwQmhRZGNHRlo2MEl1WE16LXBseTYzSDBvcmFuN1B6bGVocW9HRU94dmM5MXdPNHhObjR6UFpDRVJMZk1Wd2txendsTzFqV3M3dExsSHBud2IxeHFINjloejdWbDVDUEk0VzFTVmo2d2V0RDhqemFzbg?oc=5\" target=\"_blank\" rel=\"nofollow noopener\">Trafikk, V\u00e6r | Ber folk tenke p\u00e5 dette i dag: \u2013 Vi kan jo frykte det<\/a>&nbsp;&nbsp;\u00d8stlendingen<\/li>\n<\/ol>\n","protected":false},"excerpt":{"rendered":"Trafikk, Totenidag | Politiet med oppfordring: \u2013 Kj\u00f8r med stor varsomhet&nbsp;&nbsp;Oppland Arbeiderblad Trafikktr\u00f8bbel flere steder p\u00e5 \u00d8stlandet og&hellip;\n","protected":false},"author":2,"featured_media":139437,"comment_status":"","ping_status":"","sticky":false,"template":"","format":"standard","meta":{"footnotes":""},"categories":[10],"tags":[20,21,24,25,15,22,23,13,30,28,29,14,16,26,27],"class_list":{"0":"post-139436","1":"post","2":"type-post","3":"status-publish","4":"format-standard","5":"has-post-thumbnail","7":"category-norge","8":"tag-breaking-news","9":"tag-breakingnews","10":"tag-featured-news","11":"tag-featurednews","12":"tag-headlines","13":"tag-latest-news","14":"tag-latestnews","15":"tag-news","16":"tag-no","17":"tag-norge","18":"tag-norway","19":"tag-nyheter","20":"tag-overskrifter","21":"tag-top-stories","22":"tag-topstories"},"share_on_mastodon":{"url":"https:\/\/pubeurope.com\/@no\/115906349772298674","error":""},"_links":{"self":[{"href":"https:\/\/www.europesays.com\/no\/wp-json\/wp\/v2\/posts\/139436","targetHints":{"allow":["GET"]}}],"collection":[{"href":"https:\/\/www.europesays.com\/no\/wp-json\/wp\/v2\/posts"}],"about":[{"href":"https:\/\/www.europesays.com\/no\/wp-json\/wp\/v2\/types\/post"}],"author":[{"embeddable":true,"href":"https:\/\/www.europesays.com\/no\/wp-json\/wp\/v2\/users\/2"}],"replies":[{"embeddable":true,"href":"https:\/\/www.europesays.com\/no\/wp-json\/wp\/v2\/comments?post=139436"}],"version-history":[{"count":0,"href":"https:\/\/www.europesays.com\/no\/wp-json\/wp\/v2\/posts\/139436\/revisions"}],"wp:featuredmedia":[{"embeddable":true,"href":"https:\/\/www.europesays.com\/no\/wp-json\/wp\/v2\/media\/139437"}],"wp:attachment":[{"href":"https:\/\/www.europesays.com\/no\/wp-json\/wp\/v2\/media?parent=139436"}],"wp:term":[{"taxonomy":"category","embeddable":true,"href":"https:\/\/www.europesays.com\/no\/wp-json\/wp\/v2\/categories?post=139436"},{"taxonomy":"post_tag","embeddable":true,"href":"https:\/\/www.europesays.com\/no\/wp-json\/wp\/v2\/tags?post=139436"}],"curies":[{"name":"wp","href":"https:\/\/api.w.org\/{rel}","templated":true}]}}