{"id":139443,"date":"2026-01-16T19:16:10","date_gmt":"2026-01-16T19:16:10","guid":{"rendered":"https:\/\/www.europesays.com\/no\/139443\/"},"modified":"2026-01-16T19:16:10","modified_gmt":"2026-01-16T19:16:10","slug":"tiktok-duoens-barnecup-video-skaper-storm-direkte-mobbing","status":"publish","type":"post","link":"https:\/\/www.europesays.com\/no\/139443\/","title":{"rendered":"TikTok-duoens barnecup-video skaper storm: \u2013 Direkte mobbing"},"content":{"rendered":"\n<p class=\"_lead_o9xde_2 _lead_xtcu6_50 layout-component text-serif-m layout-normal text-serif-l layout-component layout-wide layout-padded _wide_17hqh_1 layout-padded\">Det koker p\u00e5 S\u00f8rlandet etter at \u00abGuttavibez\u00bb reklamerte for egen barnefotballcup i en video som tok for seg det styggeste jentenavnet i Norge. <\/p>\n<p><img alt=\"Guttavibez-duoen Chris Formo og Tobias Asheim. Her utenfor S\u00f8r-Rogaland tingrett, under rettssaken til Gjert Ingebrigtsen.  Foto: Endre Alsaker-N\u00f8stdahl \/ VG\" class=\"_image_qp4xg_65 layout-component layout-wide\" data-fullscreen- data-track-element-type=\"Article image fullscreen\" data-track-name=\"ImageFullscreen\" fetchpriority=\"high\" decoding=\"sync\" loading=\"eager\" height=\"5464\" itemprop=\"image\"  src=\"https:\/\/www.europesays.com\/no\/wp-content\/uploads\/2026\/01\/5ac76b8e-50b4-4b4b-9159-1ca90a818f74.jpeg\"  style=\"object-position:0% 0%\" width=\"8192\"\/>Guttavibez-duoen Chris Formo og Tobias Asheim. Her utenfor S\u00f8r-Rogaland tingrett, under rettssaken til Gjert Ingebrigtsen.  Foto: Endre Alsaker-N\u00f8stdahl \/ VG<\/p>\n<ul aria-hidden=\"true\" class=\"_images_ntbth_112\">\n<li><a class=\"_link_ntbth_117\" href=\"https:\/\/www.vg.no\/forfatter\/synne-sofie-christiansen-2\" style=\"z-index:1\" title=\"Synne Sofie Christiansen\" rel=\"nofollow noopener\" target=\"_blank\"><img alt=\"Bilde av Synne Sofie Christiansen\" class=\"_image_ntbth_93\" fetchpriority=\"low\" loading=\"lazy\" decoding=\"async\" itemprop=\"image\"  src=\"https:\/\/www.europesays.com\/no\/wp-content\/uploads\/2026\/01\/1768590969_751_8d683f6f-f2ba-47ca-8bcc-2db625b33cb1.jpeg\"  width=\"480\"\/><\/a><\/li>\n<\/ul>\n<p> Oppdatert fredag 16. januar kl. 19:54     <\/p>\n<p class=\"_paragraph_o9xde_4 _paragraph_xtcu6_10 layout-component text-serif-m layout-normal text-serif-m layout-padded\">N\u00e5 kan barnecupen ende med \u00e5 bli avlyst, og det blir uansett hovedtema n\u00e5r flere kultur- og idrettspolitikere m\u00f8tes neste torsdag. <\/p>\n<p class=\"_paragraph_o9xde_4 _paragraph_xtcu6_10 layout-component text-serif-m layout-normal text-serif-m layout-padded\">\u2013 Det f\u00f8yer jo seg bare inn i rekken av flere ting, sier H\u00f8yre-politiker Raymond Larsen til VG.<\/p>\n<p class=\"_paragraph_o9xde_4 _paragraph_xtcu6_10 layout-component text-serif-m layout-normal text-serif-m layout-padded\">\u2013 Vi tar kritikken p\u00e5 alvor, men vi mener det blir feil \u00e5 vurdere avlysning av en barnecup p\u00e5 bakgrunn av enkeltvideoer og p\u00e5stander som ikke stemmer. Det rammer f\u00f8rst og fremst barna som ser frem til arrangementet, sier Guttavibez-profilene Chris Andr\u00e9 Formo (25) og Tobias Asheim (24) i en felles uttalelse til VG. <\/p>\n<p class=\"_paragraph_o9xde_4 _paragraph_xtcu6_10 layout-component text-serif-m layout-normal text-serif-m layout-padded\"><a href=\"https:\/\/www.fvn.no\/nyheter\/lokalt\/i\/Gxa0Jq\/reagerer-paa-promotering-av-barnecup-dette-er-direkte-mobbing\" class=\"_link_o9xde_39\" rel=\"nofollow noopener\" target=\"_blank\">Saken ble f\u00f8rst omtalt i F\u00e6drelandsvennen.<\/a> <\/p>\n<p class=\"_paragraph_o9xde_4 _paragraph_xtcu6_10 layout-component text-serif-m layout-normal text-serif-m layout-padded\">Til avisen g\u00e5r H\u00f8yre-Larsen og KrFs Tor Kristian Ludvigsen hardt ut mot tiktokerne som skal arrangere barnecup i S\u00f8rlandshallen. <\/p>\n<p class=\"_paragraph_o9xde_4 _paragraph_xtcu6_10 layout-component text-serif-m layout-normal text-serif-m layout-padded\">I videoen f\u00e5r gutter sp\u00f8rsm\u00e5l om hva som er det styggeste jentenavnet i Norge, f\u00f8r Formo avslutter med \u00e5 dele info om barnecupen. <\/p>\n<p><img alt=\"Det var denne videoen som fikk s\u00f8rlandske politikere til \u00e5 steile. Den er n\u00e5 fjernet fra alle plattformer.   Foto: SKJERMDUMP: Guttavibezz\/Instagram\" class=\"_image_qp4xg_65 layout-component layout-normal\" data-fullscreen- data-track-element-type=\"Article image fullscreen\" data-track-name=\"ImageFullscreen\" decoding=\"async\" loading=\"lazy\" height=\"1161\" itemprop=\"image\"  src=\"https:\/\/www.europesays.com\/no\/wp-content\/uploads\/2026\/01\/e2553825-1dab-4948-9213-c68025115e9d.png\"  style=\"object-position:0% 0%\" width=\"1032\"\/>Det var denne videoen som fikk s\u00f8rlandske politikere til \u00e5 steile. Den er n\u00e5 fjernet fra alle plattformer.   Foto: SKJERMDUMP: Guttavibezz\/Instagram<\/p>\n<p class=\"_paragraph_o9xde_4 _paragraph_xtcu6_10 layout-component text-serif-m layout-normal text-serif-m layout-padded\">Larsen reagerer kraftig p\u00e5 promoteringen. <\/p>\n<p class=\"_paragraph_o9xde_4 _paragraph_xtcu6_10 layout-component text-serif-m layout-normal text-serif-m layout-padded\">\u2013 Det er jo direkte mobbing. Hva har det med saken \u00e5 gj\u00f8re? Jeg synes det er ekstra trist at det er dette som blir fokuset, sier Larsen. <\/p>\n<p class=\"_paragraph_o9xde_4 _paragraph_xtcu6_10 layout-component text-serif-m layout-normal text-serif-m layout-padded\">Han fortsetter: <\/p>\n<p class=\"_paragraph_o9xde_4 _paragraph_xtcu6_10 layout-component text-serif-m layout-normal text-serif-m layout-padded\">\u2013 Jeg reagerer mest p\u00e5 at det blir en slags mobbekultur, der ingen sier ifra om at det ikke er greit. At det er s\u00e5nn det er blitt, og s\u00e5nn det utvikler seg, er jo dessverre s\u00e5nn det er. Men derfor er det viktig at man sier ifra. <\/p>\n<p><img decoding=\"async\" alt=\"Bilde av Raymond Larsen\" class=\"_image_ygndg_42\" height=\"53\" itemprop=\"image\" loading=\"lazy\"  src=\"https:\/\/www.europesays.com\/no\/wp-content\/uploads\/2026\/01\/d1402a35-5228-4f63-801f-5a4ca22c491f.jpeg\"  width=\"40\"\/><strong class=\"_name_ygndg_51 title-serif-xs\">Raymond Larsen<\/strong><\/p>\n<p class=\"_paragraph_o9xde_4 text-sans-m _description_ygndg_56\">Politiker i Kristiansand H\u00f8yre <\/p>\n<p class=\"_paragraph_o9xde_4 _paragraph_xtcu6_10 layout-component text-serif-m layout-normal text-serif-m layout-padded\">I tillegg har \u00abGuttavibez\u00bb videoer p\u00e5 <a href=\"https:\/\/www.vg.no\/tag\/tiktok?utm_source=vg-article&amp;utm_medium=auto-tagger&amp;utm_campaign=5p6MAO\" class=\"_link_o9xde_39\" rel=\"nofollow noopener\" target=\"_blank\">TikTok<\/a> der jenter blir spurt om hva som er det styggeste guttenavnet. <\/p>\n<p class=\"_paragraph_o9xde_4 _paragraph_xtcu6_10 layout-component text-serif-m layout-normal text-serif-m layout-padded\">\u2013 Det er jo like ille det, sier Larsen. <\/p>\n<p class=\"_paragraph_o9xde_4 _paragraph_xtcu6_10 layout-component text-serif-m layout-normal text-serif-m layout-padded\">KrF-politiker Tor Kristian Ludvigsen har bedt om at saken behandles politisk i kultur- og idrettsutvalgetkultur- og idrettsutvalgetEn gruppe i kommunen som jobber med saker relatert til kultur og idrett, og som tar beslutninger om hvordan disse omr\u00e5dene skal forvaltes.<br \/>\n i Kristiansand kommune. Det skjer neste torsdag. <\/p>\n<p class=\"_paragraph_o9xde_4 _paragraph_xtcu6_10 layout-component text-serif-m layout-normal text-serif-m layout-padded\">\u2013 Man kan gj\u00f8re hva man vil hjemme hos seg selv, men dette g\u00e5r ikke i kommunes lokaler. Det er ikke greit, sier Larsen. <\/p>\n<p><img alt=\"Chris Andr\u00e9 Formo (25) og Tobias Asheim (24).  Foto: Jens Friberg \/ VG\" class=\"_image_qp4xg_65 layout-component layout-normal\" data-fullscreen- data-track-element-type=\"Article image fullscreen\" data-track-name=\"ImageFullscreen\" decoding=\"async\" loading=\"lazy\" height=\"4284\" itemprop=\"image\"  src=\"https:\/\/www.europesays.com\/no\/wp-content\/uploads\/2026\/01\/d31b19de-14d1-4536-8f21-2e4607048254.jpeg\"  style=\"object-position:0% 0%\" width=\"5712\"\/>Chris Andr\u00e9 Formo (25) og Tobias Asheim (24).  Foto: Jens Friberg \/ VG<\/p>\n<p class=\"_paragraph_o9xde_4 _paragraph_xtcu6_10 layout-component text-serif-m layout-normal text-serif-m layout-padded\">Videoen om hva som er det \u00abstyggeste jentenavnet\u00bb er n\u00e5 fjernet fra alle plattformer, opplyser \u00abGuttavibez\u00bb. <\/p>\n<p class=\"_paragraph_o9xde_4 _paragraph_xtcu6_10 layout-component text-serif-m layout-normal text-serif-m layout-padded\">\u2013 Innholdet var en del av et format som ogs\u00e5 har hatt positive vinklinger, blant annet videoer om \u00abfineste jentenavn\u00bb, og var ikke ment som en vurdering av enkeltpersoner eller som mobbing. <\/p>\n<p class=\"_paragraph_o9xde_4 _paragraph_xtcu6_10 layout-component text-serif-m layout-normal text-serif-m layout-padded\">\u2013 Samtidig er vi fullt klar over ansvaret vi har for hva vi deler, s\u00e6rlig n\u00e5r barn er involvert, og kritikken som har kommet, tar vi med oss for \u00e5 bli bedre. Vi mener det er bra at folk sier ifra dersom noe oppleves \u00e5 g\u00e5 over streken, sier duoen. <\/p>\n<p class=\"_paragraph_o9xde_4 _paragraph_xtcu6_10 layout-component text-serif-m layout-normal text-serif-m layout-padded\">Rundt 300 barn i alderen 10 til 16 \u00e5r er p\u00e5meldt p\u00e5 barnecupen. Prisen for \u00e5 melde p\u00e5 et lag er 1750 kroner.<\/p>\n<p class=\"_paragraph_o9xde_4 _paragraph_xtcu6_10 layout-component text-serif-m layout-normal text-serif-m layout-padded\">\u2013 Vi vil v\u00e6re tydelige p\u00e5 at vi setter barna f\u00f8rst i alt vi skaper. Det er hensynet til disse barna og opplevelsen deres som er v\u00e5rt viktigste ansvar, sier Formo og Asheim.<\/p>\n<p class=\"_paragraph_o9xde_4 _paragraph_xtcu6_10 layout-component text-serif-m layout-normal text-serif-m layout-padded\">De understreker at de har arrangert flere turneringer tidligere, og sier at de har f\u00e5tt sv\u00e6rt gode tilbakemeldinger fra barn, foreldre og lag. <\/p>\n<p class=\"_paragraph_o9xde_4 _paragraph_xtcu6_10 layout-component text-serif-m layout-normal text-serif-m layout-padded\">\u2013 Som arrang\u00f8rer jobber vi d\u00f8gnet rundt for \u00e5 skape trygge og inkluderende arrangementer, og vi opplever ogs\u00e5 at cupene v\u00e5re bidrar til \u00e5 inkludere barn og unge som st\u00e5r utenfor organiserte idrettslag, b\u00e5de som spillere og som tilskuere. Det er noe vi er stolte av, og som er en viktig del av hvorfor vi gj\u00f8r dette, sier duoen. <\/p>\n<p class=\"_paragraph_o9xde_4 _paragraph_xtcu6_10 layout-component text-serif-m layout-normal text-serif-m layout-padded\">Dette er ikke f\u00f8rste gang \u00abGuttavibez\u00bb har havnet i hardt v\u00e6r. <\/p>\n<p class=\"_paragraph_o9xde_4 _paragraph_xtcu6_10 layout-component text-serif-m layout-normal text-serif-m layout-padded\">I h\u00f8st arrangerte duoen fotballcup i Randaberghallen, og det ble <a href=\"https:\/\/www.nrk.no\/rogaland\/fotballprofil-steiler-etter-pavirkerturnering_-_-provoserende-og-trist-1.17603598\" class=\"_link_o9xde_39\" rel=\"nofollow noopener\" target=\"_blank\">if\u00f8lge NRK<\/a> lovet sparkesykler og fotballsko til vinnerne i gutteklassen, mens jentene fikk T-skjorter og bager. <\/p>\n<p class=\"_paragraph_o9xde_4 _paragraph_xtcu6_10 layout-component text-serif-m layout-normal text-serif-m layout-padded\"><a href=\"https:\/\/www.vg.no\/sport\/i\/vgPAwL\/larsen-reagerer-kraftig-paa-tiktokere-i-rettsalen\" data-track-element-type=\"Link\" data-track-id=\"link:vgPAwL\" class=\"_link_o9xde_39\" rel=\"nofollow noopener\" target=\"_blank\">I fjor ble de kastet ut av rettssaken mot Gjert Ingebrigtsen.<\/a><\/p>\n<p class=\"_paragraph_o9xde_4 _paragraph_xtcu6_10 layout-component text-serif-m layout-normal text-serif-m layout-padded\">Formo og Asheim skulle \u00f8nske at kommunikasjonen kunne v\u00e6rt bedre mellom partene. <\/p>\n<p class=\"_paragraph_o9xde_4 _paragraph_xtcu6_10 layout-component text-serif-m layout-normal text-serif-m layout-padded\">\u2013 Vi savner dialog og mener det hadde v\u00e6rt ryddigere om politikerne tok kontakt med oss f\u00f8rst. N\u00e5 h\u00e5per vi at det skjer, og vi vil gj\u00f8re alt vi kan for \u00e5 finne l\u00f8sninger som er til fellesskapets beste, slik at turneringen kan gjennomf\u00f8res p\u00e5 en trygg og god m\u00e5te for alle involverte.<\/p>\n<p class=\"_paragraph_o9xde_4 _paragraph_xtcu6_10 layout-component text-serif-m layout-normal text-serif-m layout-padded\">\u2013 M\u00e5let v\u00e5rt er enkelt: \u00e5 gjennomf\u00f8re en trygg og god cup der barn og unge f\u00e5r oppleve glede, mestring og fellesskap, sier duoen. <\/p>\n","protected":false},"excerpt":{"rendered":"Det koker p\u00e5 S\u00f8rlandet etter at \u00abGuttavibez\u00bb reklamerte for egen barnefotballcup i en video som tok for seg&hellip;\n","protected":false},"author":2,"featured_media":139444,"comment_status":"","ping_status":"","sticky":false,"template":"","format":"standard","meta":{"footnotes":""},"categories":[59],"tags":[2767,331,30,28,29,83,82,2046],"class_list":{"0":"post-139443","1":"post","2":"type-post","3":"status-publish","4":"format-standard","5":"has-post-thumbnail","7":"category-sport","8":"tag-barneidrett","9":"tag-kristiansand","10":"tag-no","11":"tag-norge","12":"tag-norway","13":"tag-sport","14":"tag-sports","15":"tag-tiktok"},"share_on_mastodon":{"url":"https:\/\/pubeurope.com\/@no\/115906385426204271","error":""},"_links":{"self":[{"href":"https:\/\/www.europesays.com\/no\/wp-json\/wp\/v2\/posts\/139443","targetHints":{"allow":["GET"]}}],"collection":[{"href":"https:\/\/www.europesays.com\/no\/wp-json\/wp\/v2\/posts"}],"about":[{"href":"https:\/\/www.europesays.com\/no\/wp-json\/wp\/v2\/types\/post"}],"author":[{"embeddable":true,"href":"https:\/\/www.europesays.com\/no\/wp-json\/wp\/v2\/users\/2"}],"replies":[{"embeddable":true,"href":"https:\/\/www.europesays.com\/no\/wp-json\/wp\/v2\/comments?post=139443"}],"version-history":[{"count":0,"href":"https:\/\/www.europesays.com\/no\/wp-json\/wp\/v2\/posts\/139443\/revisions"}],"wp:featuredmedia":[{"embeddable":true,"href":"https:\/\/www.europesays.com\/no\/wp-json\/wp\/v2\/media\/139444"}],"wp:attachment":[{"href":"https:\/\/www.europesays.com\/no\/wp-json\/wp\/v2\/media?parent=139443"}],"wp:term":[{"taxonomy":"category","embeddable":true,"href":"https:\/\/www.europesays.com\/no\/wp-json\/wp\/v2\/categories?post=139443"},{"taxonomy":"post_tag","embeddable":true,"href":"https:\/\/www.europesays.com\/no\/wp-json\/wp\/v2\/tags?post=139443"}],"curies":[{"name":"wp","href":"https:\/\/api.w.org\/{rel}","templated":true}]}}