{"id":139447,"date":"2026-01-16T19:21:06","date_gmt":"2026-01-16T19:21:06","guid":{"rendered":"https:\/\/www.europesays.com\/no\/139447\/"},"modified":"2026-01-16T19:21:06","modified_gmt":"2026-01-16T19:21:06","slug":"trafikk-ulykker-og-hendelser-opp-mot-20-biler-av-vegen-i-leksvik-svaert-glatt","status":"publish","type":"post","link":"https:\/\/www.europesays.com\/no\/139447\/","title":{"rendered":"Trafikk, Ulykker og hendelser | Opp mot 20 biler av vegen i Leksvik: \u2013 Sv\u00e6rt glatt"},"content":{"rendered":"\n<p><b>LEKSVIK: <\/b>N\u00f8detatene rykket ut til Leksvik i omr\u00e5det rundt Storvatnet etter melding om flere biler som er involvert i en trafikkulykke. <\/p>\n<p>Dette meldte politiet i Tr\u00f8ndelag fredag kveld klokka 18.30. <\/p>\n<p>\u2013 Det skal v\u00e6re b\u00e5de voksne og barn blant de involverte. If\u00f8lge melder p\u00e5 stedet er det \u00e5tte biler som er innblandet, sier operasjonsleder Martin Hammervik Aarhoug. <\/p>\n<p><b>I en oppdatering klokka 19.19 melder politiet at opp mot 20 biler har kj\u00f8rt av vegen.<\/b><\/p>\n<p>\u2013 Brannvesenet er p\u00e5 stedet. Jobber n\u00e5r med \u00e5 skaffe oversikt. Skadestedet er sikret og strekker seg ca. 150 meter. N\u00e5 meldes det om at det er opp mot 20 biler som har kj\u00f8rt av vegen. Det skal v\u00e6re sv\u00e6rt glatt p\u00e5 stedet og det jobbes med \u00e5 forhindre at nye kj\u00f8ret\u00f8y kj\u00f8rer seg inn i omr\u00e5det.<\/p>\n<p>Vegtrafikksentralen er varslet og har sendt entrepren\u00f8r til stedet. Det fremst\u00e5r ikke som en alvorlig ulykke, if\u00f8lge politiet. <\/p>\n","protected":false},"excerpt":{"rendered":"LEKSVIK: N\u00f8detatene rykket ut til Leksvik i omr\u00e5det rundt Storvatnet etter melding om flere biler som er involvert&hellip;\n","protected":false},"author":2,"featured_media":3842,"comment_status":"","ping_status":"","sticky":false,"template":"","format":"standard","meta":{"footnotes":""},"categories":[10],"tags":[36,20,21,24,25,15,11951,22,23,15859,13,30,28,29,14,16,1510,26,27,224,941],"class_list":{"0":"post-139447","1":"post","2":"type-post","3":"status-publish","4":"format-standard","5":"has-post-thumbnail","7":"category-norge","8":"tag-art","9":"tag-breaking-news","10":"tag-breakingnews","11":"tag-featured-news","12":"tag-featurednews","13":"tag-headlines","14":"tag-indre-fosen","15":"tag-latest-news","16":"tag-latestnews","17":"tag-leksvik","18":"tag-news","19":"tag-no","20":"tag-norge","21":"tag-norway","22":"tag-nyheter","23":"tag-overskrifter","24":"tag-story","25":"tag-top-stories","26":"tag-topstories","27":"tag-trafikk","28":"tag-ulykker-og-hendelser"},"share_on_mastodon":{"url":"https:\/\/pubeurope.com\/@no\/115906405003236557","error":""},"_links":{"self":[{"href":"https:\/\/www.europesays.com\/no\/wp-json\/wp\/v2\/posts\/139447","targetHints":{"allow":["GET"]}}],"collection":[{"href":"https:\/\/www.europesays.com\/no\/wp-json\/wp\/v2\/posts"}],"about":[{"href":"https:\/\/www.europesays.com\/no\/wp-json\/wp\/v2\/types\/post"}],"author":[{"embeddable":true,"href":"https:\/\/www.europesays.com\/no\/wp-json\/wp\/v2\/users\/2"}],"replies":[{"embeddable":true,"href":"https:\/\/www.europesays.com\/no\/wp-json\/wp\/v2\/comments?post=139447"}],"version-history":[{"count":0,"href":"https:\/\/www.europesays.com\/no\/wp-json\/wp\/v2\/posts\/139447\/revisions"}],"wp:featuredmedia":[{"embeddable":true,"href":"https:\/\/www.europesays.com\/no\/wp-json\/wp\/v2\/media\/3842"}],"wp:attachment":[{"href":"https:\/\/www.europesays.com\/no\/wp-json\/wp\/v2\/media?parent=139447"}],"wp:term":[{"taxonomy":"category","embeddable":true,"href":"https:\/\/www.europesays.com\/no\/wp-json\/wp\/v2\/categories?post=139447"},{"taxonomy":"post_tag","embeddable":true,"href":"https:\/\/www.europesays.com\/no\/wp-json\/wp\/v2\/tags?post=139447"}],"curies":[{"name":"wp","href":"https:\/\/api.w.org\/{rel}","templated":true}]}}