{"id":139448,"date":"2026-01-16T19:22:09","date_gmt":"2026-01-16T19:22:09","guid":{"rendered":"https:\/\/www.europesays.com\/no\/139448\/"},"modified":"2026-01-16T19:22:09","modified_gmt":"2026-01-16T19:22:09","slug":"borch-tatt-for-promillekjoring-to-ganger-2","status":"publish","type":"post","link":"https:\/\/www.europesays.com\/no\/139448\/","title":{"rendered":"Borch tatt for promillekj\u00f8ring to ganger"},"content":{"rendered":"<p class=\"kicker \" style=\"\">Nordlys:\u00a0<\/p>\n<p>    &#8211; Angrer dypt, sier hun til avisa Nordlys. Sandra Borch er siktet for begge forholdene.<\/p>\n<p>\n    ANGRER: Sp-politiker Sandra Borch (37) er siktet for to forhold av promillekj\u00f8ring. Foto: Lars Eivind Bones \/ Dagbladet\n  <\/p>\n<p>Sandra Borch (37) erkjenner \u00e5 ha blitt tatt for \u00e5 ha kj\u00f8rt i alkoholp\u00e5virket tilstand to ganger. Det er avisa <a href=\"https:\/\/www.nordlys.no\/tatt-for-promillekjoring-to-ganger-jeg-har-gjort-noe-jeg-angrer-dypt-pa\/s\/5-34-2274572\" rel=\"nofollow noopener\" target=\"_blank\">Nordlys<\/a> som omtaler forholdene f\u00f8rst.<\/p>\n<p>&#8211; Som jeg tidligere har v\u00e6rt \u00e5pen om har jeg over tid hatt et alkoholproblem. Det har skapt en krevende situasjon for meg selv og min familie. I oktober i fjor gjorde jeg noe jeg angrer dypt p\u00e5, Ved to anledninger kj\u00f8rte jeg bil i alkoholp\u00e5virket tilstand. Blodpr\u00f8vene viste at jeg hadde en promille p\u00e5 0,64 da jeg ble stoppet i Balsfjord og en promille p\u00e5 1,56 da jeg ble stoppet i n\u00e6rheten av mitt hjem i Troms\u00f8, skriver Borch i en uttalelse til Nordlys.<\/p>\n<p>&#8211; Jeg er siktet for begge forholdene, legger hun til.<\/p>\n<p>    <a itemprop=\"url\" href=\"https:\/\/www.dagbladet.no\/nyheter\/apner-opp-om-alkoholproblem\/84021978\" rel=\"nofollow noopener\" target=\"_blank\"><\/p>\n<p>        <img loading=\"lazy\" decoding=\"async\" src=\"https:\/\/www.europesays.com\/no\/wp-content\/uploads\/2026\/01\/1768591328_242_84021991.webp.webp\" width=\"980\" height=\"441\" title=\"\u00c5pner opp om alkoholproblem\" alt=\"\" class=\"lazyload\" style=\"--aspect-ratio-image: 2.22; \"\/><\/p>\n<p>        \u00c5pner opp om alkoholproblem<\/p>\n<p>    <\/a><\/p>\n<p>Det var i desember at den tidligere Sp-statsr\u00e5den og -stortingsrepresentanten \u00e5pnet opp om at hun hadde et alkoholproblem.<\/p>\n<p>&#8211; Jeg velger \u00e5 v\u00e6re \u00e5pen. Jeg har et alkoholproblem, som jeg m\u00e5 ha hjelp til. Jeg har derfor valgt \u00e5 legge meg selv inn p\u00e5 institusjon, skrev hun i et innlegg p\u00e5 Facebook.<\/p>\n<p>Sp-politikeren var stortingsrepresentant for Troms fra 2017 til 2025. I denne perioden var hun ogs\u00e5 landsbruks- og matminister fra 2021 til 2023, og forsknings- og h\u00f8yere utdanningsminister fra august 2023.<\/p>\n<p>    <a itemprop=\"url\" href=\"https:\/\/www.dagbladet.no\/nyheter\/sandra-borch-gar-av-som-statsrad\/80850916\" rel=\"nofollow noopener\" target=\"_blank\"><\/p>\n<p>        <img loading=\"lazy\" decoding=\"async\" src=\"https:\/\/www.europesays.com\/no\/wp-content\/uploads\/2026\/01\/1768591329_622_80850936.webp.webp\" width=\"980\" height=\"441\" title=\"Sandra Borch g\u00e5r av som statsr\u00e5d\" alt=\"\" class=\"lazyload\" style=\"--aspect-ratio-image: 2.22; \"\/><\/p>\n<p>        Sandra Borch g\u00e5r av som statsr\u00e5d<\/p>\n<p>    <\/a><\/p>\n<p>Hun gikk av som minister i januar i fjor, etter at det ble avdekket plagiat i hennes ti \u00e5r gamle master i rettsvitenskap.<\/p>\n<p>Etter h\u00f8stens valg 2025, mistet Borch sin plass p\u00e5 Stortinget.<\/p>\n<p>Borch skriver n\u00e5 til Nordlys at hun har tilst\u00e5tt promillekj\u00f8ringen og er klar for \u00e5 ta sin straff.<\/p>\n<p>&#8211;\u00a0Jeg jobber videre med de problemene jeg har og f\u00e5r hjelp fra helsevesenet. Jeg ber om ro slik at jeg kan komme meg gjennom de problemer jeg st\u00e5r i, skriver hun i uttalelsen.<\/p>\n","protected":false},"excerpt":{"rendered":"Nordlys:\u00a0 &#8211; Angrer dypt, sier hun til avisa Nordlys. Sandra Borch er siktet for begge forholdene. ANGRER: Sp-politiker&hellip;\n","protected":false},"author":2,"featured_media":139442,"comment_status":"","ping_status":"","sticky":false,"template":"","format":"standard","meta":{"footnotes":""},"categories":[5],"tags":[20,21,24,25,15,19,2539,22,23,17,18,13,30,28,29,14,16,26,27],"class_list":{"0":"post-139448","1":"post","2":"type-post","3":"status-publish","4":"format-standard","5":"has-post-thumbnail","7":"category-overskrifter","8":"tag-breaking-news","9":"tag-breakingnews","10":"tag-featured-news","11":"tag-featurednews","12":"tag-headlines","13":"tag-hovedoppslag","14":"tag-innenriks","15":"tag-latest-news","16":"tag-latestnews","17":"tag-main-news","18":"tag-mainnews","19":"tag-news","20":"tag-no","21":"tag-norge","22":"tag-norway","23":"tag-nyheter","24":"tag-overskrifter","25":"tag-top-stories","26":"tag-topstories"},"share_on_mastodon":{"url":"https:\/\/pubeurope.com\/@no\/115906408956561731","error":""},"_links":{"self":[{"href":"https:\/\/www.europesays.com\/no\/wp-json\/wp\/v2\/posts\/139448","targetHints":{"allow":["GET"]}}],"collection":[{"href":"https:\/\/www.europesays.com\/no\/wp-json\/wp\/v2\/posts"}],"about":[{"href":"https:\/\/www.europesays.com\/no\/wp-json\/wp\/v2\/types\/post"}],"author":[{"embeddable":true,"href":"https:\/\/www.europesays.com\/no\/wp-json\/wp\/v2\/users\/2"}],"replies":[{"embeddable":true,"href":"https:\/\/www.europesays.com\/no\/wp-json\/wp\/v2\/comments?post=139448"}],"version-history":[{"count":0,"href":"https:\/\/www.europesays.com\/no\/wp-json\/wp\/v2\/posts\/139448\/revisions"}],"wp:featuredmedia":[{"embeddable":true,"href":"https:\/\/www.europesays.com\/no\/wp-json\/wp\/v2\/media\/139442"}],"wp:attachment":[{"href":"https:\/\/www.europesays.com\/no\/wp-json\/wp\/v2\/media?parent=139448"}],"wp:term":[{"taxonomy":"category","embeddable":true,"href":"https:\/\/www.europesays.com\/no\/wp-json\/wp\/v2\/categories?post=139448"},{"taxonomy":"post_tag","embeddable":true,"href":"https:\/\/www.europesays.com\/no\/wp-json\/wp\/v2\/tags?post=139448"}],"curies":[{"name":"wp","href":"https:\/\/api.w.org\/{rel}","templated":true}]}}